{"id":76216,"date":"2026-03-01T17:47:05","date_gmt":"2026-03-01T20:47:05","guid":{"rendered":"https:\/\/redept.com.br\/blogosfera\/ativistas-convocam-manifestacao-em-ny-pela-libertacao-de-maduro\/"},"modified":"2026-03-01T17:47:05","modified_gmt":"2026-03-01T20:47:05","slug":"ativistas-convocam-manifestacao-em-ny-pela-libertacao-de-maduro","status":"publish","type":"post","link":"https:\/\/redept.com.br\/blogosfera\/ativistas-convocam-manifestacao-em-ny-pela-libertacao-de-maduro\/","title":{"rendered":"Ativistas convocam manifesta\u00e7\u00e3o em NY pela liberta\u00e7\u00e3o de Maduro"},"content":{"rendered":"<p>Diversas organiza\u00e7\u00f5es sociais dos Estados Unidos convocaram para a pr\u00f3xima ter\u00e7a-feira (03\/03) um ato p\u00fablico para defender a liberta\u00e7\u00e3o do presidente da Venezuela, Nicol\u00e1s Maduro, e sua esposa, Cilia Flores.<\/p>\n<p>A mobiliza\u00e7\u00e3o acontecer\u00e1 nas imedia\u00e7\u00f5es do Centro de Deten\u00e7\u00e3o Metropolitano de Nova York, no bairro do Brooklyn, onde Maduro e Cilia est\u00e3o presos.<\/p>\n<p>A data foi escolhida por ser o dia em que se cumprir\u00e3o dois meses do sequestro do casal presidencial venezuelano, resultado da a\u00e7\u00e3o militar impulsionada pelos Estados Unidos no \u00faltimo dia 3 de janeiro.<\/p>\n<p>Entre os ativistas que confirmaram presen\u00e7a no evento est\u00e1 o m\u00fasico ingl\u00eas Roger Waters, fundador e ex-l\u00edder da banda de rock Pink Floyd, que publicou declara\u00e7\u00e3o classificando Maduro e Cilia como \u201cpresos pol\u00edticos\u201d.<\/p>\n<h3>Acusa\u00e7\u00e3o baseada em quadrilha fict\u00edcia<\/h3>\n<p>Os Estados Unidos sequestraram Nicol\u00e1s Maduro e Cilia Flores em janeiro passado, sob a alega\u00e7\u00e3o de que eles liderariam um suposto grupo narcotraficante chamado Cartel de los Soles.<\/p>\n<p>No entanto, na primeira audi\u00eancia diante de um tribunal de Nova York, o Departamento de Justi\u00e7a mudou sua vers\u00e3o e diminuiu a import\u00e2ncia da suposta organiza\u00e7\u00e3o.<\/p>\n<p>No documento original, de 2020, Maduro era descrito como o l\u00edder do suposto Cartel de Los Soles, nome mencionado 32 vezes ao longo da pe\u00e7a acusat\u00f3ria. Esse tamb\u00e9m foi o tom adotado pela gest\u00e3o do presidente norte-americano Donald Trump durante todo o ano de 2025, quando o alegado grupo foi declarado como \u201cterrorista\u201d pela Casa Branca.<\/p>\n<p>J\u00e1 a nova acusa\u00e7\u00e3o, apresentada formalmente ao Tribunal do Distrito Sul de Nova York em janeiro deste ano, cita a organiza\u00e7\u00e3o apenas duas vezes, descrevendo-a n\u00e3o como um cartel formal, mas como um \u201csistema de clientelismo\u201d e uma \u201ccultura de corrup\u00e7\u00e3o\u201d, supostamente alimentada por recursos do narcotr\u00e1fico.<\/p>\n<p>O governo da Venezuela, tanto antes quanto depois do sequestro de Maduro, assegura que o Cartel de los Soles n\u00e3o existe e que a acusa\u00e7\u00e3o contra o presidente venezuelano \u00e9 falsa.<\/p>\n<p>Com informa\u00e7\u00f5es de <em>TeleSur<\/em>.<\/p>\n<p>O post Ativistas convocam manifesta\u00e7\u00e3o em NY pela liberta\u00e7\u00e3o de Maduro apareceu primeiro em Opera Mundi.<\/p>\n<!-- Begin Yuzo --><div class='yuzo_related_post style-1'  data-version='5.12.89'><!-- without result --><div class='yuzo_clearfixed yuzo__title yuzo__title'><h3>Related Post<\/h3><\/div>\n\t\t\t\t\t\t  <div class=\"relatedthumb \" style=\"width:125px;float:left;overflow:hidden;\">  \n\t\t\t\t\t\t\t  \n\t\t\t\t\t\t\t  <a  href=\"https:\/\/sul21.com.br\/noticias\/saude\/2025\/10\/sus-fara-cirurgia-de-cancer-de-prostata-por-robo\/\"  >\n\t\t\t\t\t\t\t\t\t  <div class=\"yuzo-img-wrap \" style=\"width: 125px;height:90px;\">\n\t\t\t\t\t\t\t\t\t\t\n\t\t\t\t\t\t\t\t\t\t<div class=\"yuzo-img\" style=\"background:url('https:\/\/redept.org\/blogosfera\/wp-content\/plugins\/yuzo-related-post\/assets\/images\/default.png') 50% 50% no-repeat;width: 125px;height:90px;margin-bottom: 5px;background-size: cover; \"><\/div>\n\t\t\t\t\t\t\t\t\t  <\/div>\n\t\t\t\t\t\t\t\t\t  \n\t\t\t\t\t\t\t\t   <span class=\"yuzo__text--title\" style=\"font-size:13px;\">SUS far\u00e1 cirurgia de c\u00e2ncer de pr\u00f3stata por rob\u00f4...<\/span>\n\t\t\t\t\t\t\t  \n\t\t\t\t\t\t\t  \n\t\t\t\t\t\t\t  <\/a>\n\n\t\t\t\t\t\t  <\/div>\n\t\t\t\t\t\t  <div class=\"relatedthumb \" style=\"width:125px;float:left;overflow:hidden;\">  \n\t\t\t\t\t\t\t  \n\t\t\t\t\t\t\t  <a  href=\"https:\/\/redept.com.br\/blogosfera\/trem-do-samba-ocorre-neste-sabado-7-na-central-do-brasil-no-rio-de-janeiro\/\"  >\n\t\t\t\t\t\t\t\t\t  <div class=\"yuzo-img-wrap \" style=\"width: 125px;height:90px;\">\n\t\t\t\t\t\t\t\t\t\t\n\t\t\t\t\t\t\t\t\t\t<div class=\"yuzo-img\" style=\"background:url('https:\/\/redept.org\/blogosfera\/wp-content\/plugins\/yuzo-related-post\/assets\/images\/default.png') 50% 50% no-repeat;width: 125px;height:90px;margin-bottom: 5px;background-size: cover; \"><\/div>\n\t\t\t\t\t\t\t\t\t  <\/div>\n\t\t\t\t\t\t\t\t\t  \n\t\t\t\t\t\t\t\t   <span class=\"yuzo__text--title\" style=\"font-size:13px;\">\u2018Trem do Samba\u2019 ocorre neste s\u00e1bado (7...<\/span>\n\t\t\t\t\t\t\t  \n\t\t\t\t\t\t\t  \n\t\t\t\t\t\t\t  <\/a>\n\n\t\t\t\t\t\t  <\/div>\n\t\t\t\t\t\t  <div class=\"relatedthumb \" style=\"width:125px;float:left;overflow:hidden;\">  \n\t\t\t\t\t\t\t  \n\t\t\t\t\t\t\t  <a  href=\"https:\/\/redept.com.br\/blogosfera\/trabalhadores-dos-eua-se-revoltam-contra-deportacoes-de-imigrantes\/\"  >\n\t\t\t\t\t\t\t\t\t  <div class=\"yuzo-img-wrap \" style=\"width: 125px;height:90px;\">\n\t\t\t\t\t\t\t\t\t\t\n\t\t\t\t\t\t\t\t\t\t<div class=\"yuzo-img\" style=\"background:url('https:\/\/redept.com.br\/blogosfera\/wp-content\/uploads\/2025\/06\/Los-Angeles-712x370-1-150x150.jpeg') 50% 50% no-repeat;width: 125px;height:90px;margin-bottom: 5px;background-size: cover; \"><\/div>\n\t\t\t\t\t\t\t\t\t  <\/div>\n\t\t\t\t\t\t\t\t\t  \n\t\t\t\t\t\t\t\t   <span class=\"yuzo__text--title\" style=\"font-size:13px;\">Trabalhadores dos EUA se revoltam contra deporta\u00e7\u00f5...<\/span>\n\t\t\t\t\t\t\t  \n\t\t\t\t\t\t\t  \n\t\t\t\t\t\t\t  <\/a>\n\n\t\t\t\t\t\t  <\/div>\n\t\t\t\t\t\t  <div class=\"relatedthumb \" style=\"width:125px;float:left;overflow:hidden;\">  \n\t\t\t\t\t\t\t  \n\t\t\t\t\t\t\t  <a  href=\"https:\/\/redept.com.br\/blogosfera\/bolsonaro-e-o-bolsonarismo-morreram-ele-nunca-foi-lider-de-porra-nenhuma\/\"  >\n\t\t\t\t\t\t\t\t\t  <div class=\"yuzo-img-wrap \" style=\"width: 125px;height:90px;\">\n\t\t\t\t\t\t\t\t\t\t\n\t\t\t\t\t\t\t\t\t\t<div class=\"yuzo-img\" style=\"background:url('https:\/\/redept.org\/blogosfera\/wp-content\/plugins\/yuzo-related-post\/assets\/images\/default.png') 50% 50% no-repeat;width: 125px;height:90px;margin-bottom: 5px;background-size: cover; \"><\/div>\n\t\t\t\t\t\t\t\t\t  <\/div>\n\t\t\t\t\t\t\t\t\t  \n\t\t\t\t\t\t\t\t   <span class=\"yuzo__text--title\" style=\"font-size:13px;\">Bolsonaro e o bolsonarismo morreram. Ele nunca foi...<\/span>\n\t\t\t\t\t\t\t  \n\t\t\t\t\t\t\t  \n\t\t\t\t\t\t\t  <\/a>\n\n\t\t\t\t\t\t  <\/div>\n<\/div> <script>\n\t\t\t\t\t\t  jQuery(document).ready(function( $ ){\n\t\t\t\t\t\t\t\/\/jQuery('.yuzo_related_post').equalizer({ overflow : 'relatedthumb' });\n\t\t\t\t\t\t\tjQuery('.yuzo_related_post .yuzo_wraps').equalizer({ columns : '> div' });\n\t\t\t\t\t\t   })\n\t\t\t\t\t\t  <\/script> <!-- End Yuzo :) -->","protected":false},"excerpt":{"rendered":"<p>Diversas organiza\u00e7\u00f5es sociais dos Estados Unidos convocaram para a pr\u00f3xima ter\u00e7a-feira (03\/03) um ato p\u00fablico para defender a liberta\u00e7\u00e3o do presidente da Venezuela, Nicol\u00e1s Maduro, e sua esposa, Cilia Flores. A mobiliza\u00e7\u00e3o acontecer\u00e1 nas imedia\u00e7\u00f5es do Centro de Deten\u00e7\u00e3o Metropolitano de Nova York, no bairro do Brooklyn, onde Maduro e Cilia est\u00e3o presos. A data [\u2026]<\/p>\n<p>O post <a href=\"https:\/\/operamundi.uol.com.br\/america-latina\/ativistas-convocam-manifestacao-em-ny-pela-libertacao-de-maduro\/\">Ativistas convocam manifesta\u00e7\u00e3o em NY pela liberta\u00e7\u00e3o de Maduro<\/a> apareceu primeiro em <a href=\"https:\/\/operamundi.uol.com.br\/\">Opera Mundi<\/a>.<\/p>\n","protected":false},"author":2,"featured_media":0,"comment_status":"closed","ping_status":"closed","sticky":false,"template":"","format":"standard","meta":{"fifu_image_url":"","fifu_image_alt":"","footnotes":""},"categories":[347,15186,10157,3177,394,9,5521,3542,20721,9524,3751,1453,1049],"tags":[],"class_list":["post-76216","post","type-post","status-publish","format-standard","hentry","category-america-latina","category-cartel-de-los-soles","category-cilia-flores","category-departamento-de-justica-dos-eua","category-estados-unidos","category-eua","category-maduro","category-narcotrafico","category-pink-floyd","category-roger-waters","category-sequestro","category-trump","category-venezuela"],"_links":{"self":[{"href":"https:\/\/redept.com.br\/blogosfera\/wp-json\/wp\/v2\/posts\/76216","targetHints":{"allow":["GET"]}}],"collection":[{"href":"https:\/\/redept.com.br\/blogosfera\/wp-json\/wp\/v2\/posts"}],"about":[{"href":"https:\/\/redept.com.br\/blogosfera\/wp-json\/wp\/v2\/types\/post"}],"author":[{"embeddable":true,"href":"https:\/\/redept.com.br\/blogosfera\/wp-json\/wp\/v2\/users\/2"}],"replies":[{"embeddable":true,"href":"https:\/\/redept.com.br\/blogosfera\/wp-json\/wp\/v2\/comments?post=76216"}],"version-history":[{"count":0,"href":"https:\/\/redept.com.br\/blogosfera\/wp-json\/wp\/v2\/posts\/76216\/revisions"}],"wp:attachment":[{"href":"https:\/\/redept.com.br\/blogosfera\/wp-json\/wp\/v2\/media?parent=76216"}],"wp:term":[{"taxonomy":"category","embeddable":true,"href":"https:\/\/redept.com.br\/blogosfera\/wp-json\/wp\/v2\/categories?post=76216"},{"taxonomy":"post_tag","embeddable":true,"href":"https:\/\/redept.com.br\/blogosfera\/wp-json\/wp\/v2\/tags?post=76216"}],"curies":[{"name":"wp","href":"https:\/\/api.w.org\/{rel}","templated":true}]}}