{"id":76354,"date":"2026-03-02T20:05:45","date_gmt":"2026-03-02T23:05:45","guid":{"rendered":"https:\/\/redept.com.br\/blogosfera\/cnbb-denuncia-exclusao-de-indigenas-do-novo-acordo-de-reparacao-pelo-rompimento-da-barragem-da-samarco-em-mg\/"},"modified":"2026-03-02T20:05:45","modified_gmt":"2026-03-02T23:05:45","slug":"cnbb-denuncia-exclusao-de-indigenas-do-novo-acordo-de-reparacao-pelo-rompimento-da-barragem-da-samarco-em-mg","status":"publish","type":"post","link":"https:\/\/redept.com.br\/blogosfera\/cnbb-denuncia-exclusao-de-indigenas-do-novo-acordo-de-reparacao-pelo-rompimento-da-barragem-da-samarco-em-mg\/","title":{"rendered":"CNBB denuncia exclus\u00e3o de ind\u00edgenas do novo acordo de repara\u00e7\u00e3o pelo rompimento da barragem da Samarco em MG"},"content":{"rendered":"<p>A Comiss\u00e3o Brasileira Justi\u00e7a e Paz, vinculada \u00e0 Confer\u00eancia Nacional dos Bispos do Brasil (CNBB), publicou uma mo\u00e7\u00e3o de apoio aos povos ind\u00edgenas Tupiniquim e Guarani afetados pelo rompimento da barragem de Fund\u00e3o, em Mariana (MG), em 2015. O documento, elaborado no 5\u00ba Encontro da Rede Brasileira de Justi\u00e7a e Paz, denuncia a exclus\u00e3o desses [\u2026]<\/p>\n<p><a href=\"https:\/\/www.brasildefato.com.br\/2026\/03\/02\/cnbb-denuncia-exclusao-de-indigenas-do-novo-acordo-de-reparacao-pelo-rompimento-da-barragem-da-samarco-em-mg\/\" rel=\"nofollow\">Fonte<\/a><\/p>\n<!-- Begin Yuzo --><div class='yuzo_related_post style-1'  data-version='5.12.89'><!-- without result --><div class='yuzo_clearfixed yuzo__title yuzo__title'><h3>Related Post<\/h3><\/div>\n\t\t\t\t\t\t  <div class=\"relatedthumb \" style=\"width:125px;float:left;overflow:hidden;\">  \n\t\t\t\t\t\t\t  \n\t\t\t\t\t\t\t  <a  href=\"https:\/\/redept.com.br\/blogosfera\/distopia-entre-ficcao-e-realidade\/\"  >\n\t\t\t\t\t\t\t\t\t  <div class=\"yuzo-img-wrap \" style=\"width: 125px;height:90px;\">\n\t\t\t\t\t\t\t\t\t\t\n\t\t\t\t\t\t\t\t\t\t<div class=\"yuzo-img\" style=\"background:url('https:\/\/redept.com.br\/blogosfera\/wp-content\/uploads\/2026\/05\/aaaaqubi2ifqmrueusc7cw67ojseweop4j_aqcscuvtgg8zlxu9vhkgdtv-l8jiv1kka8clyluu-v1dhm1nanrbco5lkwywscgpgmsvz1fld8oadc_fpnhbicrqthvtkfiq6ccr5nskv9dkkgjjb2u7hl6tj-1024x683-1-150x150.jpg') 50% 50% no-repeat;width: 125px;height:90px;margin-bottom: 5px;background-size: cover; \"><\/div>\n\t\t\t\t\t\t\t\t\t  <\/div>\n\t\t\t\t\t\t\t\t\t  \n\t\t\t\t\t\t\t\t   <span class=\"yuzo__text--title\" style=\"font-size:13px;\">Distopia: entre fic\u00e7\u00e3o e realidade<\/span>\n\t\t\t\t\t\t\t  \n\t\t\t\t\t\t\t  \n\t\t\t\t\t\t\t  <\/a>\n\n\t\t\t\t\t\t  <\/div>\n\t\t\t\t\t\t  <div class=\"relatedthumb \" style=\"width:125px;float:left;overflow:hidden;\">  \n\t\t\t\t\t\t\t  \n\t\t\t\t\t\t\t  <a  href=\"https:\/\/redept.com.br\/blogosfera\/trump-ameaca-diminuir-prazo-de-ultimato-a-russia-sobre-cessar-fogo\/\"  >\n\t\t\t\t\t\t\t\t\t  <div class=\"yuzo-img-wrap \" style=\"width: 125px;height:90px;\">\n\t\t\t\t\t\t\t\t\t\t\n\t\t\t\t\t\t\t\t\t\t<div class=\"yuzo-img\" style=\"background:url('https:\/\/redept.org\/blogosfera\/wp-content\/plugins\/yuzo-related-post\/assets\/images\/default.png') 50% 50% no-repeat;width: 125px;height:90px;margin-bottom: 5px;background-size: cover; \"><\/div>\n\t\t\t\t\t\t\t\t\t  <\/div>\n\t\t\t\t\t\t\t\t\t  \n\t\t\t\t\t\t\t\t   <span class=\"yuzo__text--title\" style=\"font-size:13px;\">Trump amea\u00e7a diminuir prazo de ultimato \u00e0 R\u00fassia s...<\/span>\n\t\t\t\t\t\t\t  \n\t\t\t\t\t\t\t  \n\t\t\t\t\t\t\t  <\/a>\n\n\t\t\t\t\t\t  <\/div>\n\t\t\t\t\t\t  <div class=\"relatedthumb \" style=\"width:125px;float:left;overflow:hidden;\">  \n\t\t\t\t\t\t\t  \n\t\t\t\t\t\t\t  <a  href=\"https:\/\/redept.com.br\/blogosfera\/com-prefeitos-e-prefeitas-lula-defende-dialogo-para-ampliar-pacto-federativo\/\"  >\n\t\t\t\t\t\t\t\t\t  <div class=\"yuzo-img-wrap \" style=\"width: 125px;height:90px;\">\n\t\t\t\t\t\t\t\t\t\t\n\t\t\t\t\t\t\t\t\t\t<div class=\"yuzo-img\" style=\"background:url('https:\/\/redept.org\/blogosfera\/wp-content\/plugins\/yuzo-related-post\/assets\/images\/default.png') 50% 50% no-repeat;width: 125px;height:90px;margin-bottom: 5px;background-size: cover; \"><\/div>\n\t\t\t\t\t\t\t\t\t  <\/div>\n\t\t\t\t\t\t\t\t\t  \n\t\t\t\t\t\t\t\t   <span class=\"yuzo__text--title\" style=\"font-size:13px;\">Com prefeitos e prefeitas, Lula defende di\u00e1logo pa...<\/span>\n\t\t\t\t\t\t\t  \n\t\t\t\t\t\t\t  \n\t\t\t\t\t\t\t  <\/a>\n\n\t\t\t\t\t\t  <\/div>\n\t\t\t\t\t\t  <div class=\"relatedthumb \" style=\"width:125px;float:left;overflow:hidden;\">  \n\t\t\t\t\t\t\t  \n\t\t\t\t\t\t\t  <a  href=\"https:\/\/redept.com.br\/blogosfera\/defesa-de-bolsonaro-pede-prisao-domiciliar-humanitaria-ao-stf\/\"  >\n\t\t\t\t\t\t\t\t\t  <div class=\"yuzo-img-wrap \" style=\"width: 125px;height:90px;\">\n\t\t\t\t\t\t\t\t\t\t\n\t\t\t\t\t\t\t\t\t\t<div class=\"yuzo-img\" style=\"background:url('https:\/\/redept.org\/blogosfera\/wp-content\/plugins\/yuzo-related-post\/assets\/images\/default.png') 50% 50% no-repeat;width: 125px;height:90px;margin-bottom: 5px;background-size: cover; \"><\/div>\n\t\t\t\t\t\t\t\t\t  <\/div>\n\t\t\t\t\t\t\t\t\t  \n\t\t\t\t\t\t\t\t   <span class=\"yuzo__text--title\" style=\"font-size:13px;\">Defesa de Bolsonaro pede pris\u00e3o domiciliar humanit...<\/span>\n\t\t\t\t\t\t\t  \n\t\t\t\t\t\t\t  \n\t\t\t\t\t\t\t  <\/a>\n\n\t\t\t\t\t\t  <\/div>\n<\/div> <script>\n\t\t\t\t\t\t  jQuery(document).ready(function( $ ){\n\t\t\t\t\t\t\t\/\/jQuery('.yuzo_related_post').equalizer({ overflow : 'relatedthumb' });\n\t\t\t\t\t\t\tjQuery('.yuzo_related_post .yuzo_wraps').equalizer({ columns : '> div' });\n\t\t\t\t\t\t   })\n\t\t\t\t\t\t  <\/script> <!-- End Yuzo :) -->","protected":false},"excerpt":{"rendered":"<p>A Comiss\u00e3o Brasileira Justi\u00e7a e Paz, vinculada \u00e0 Confer\u00eancia Nacional dos Bispos do Brasil (CNBB), publicou uma mo\u00e7\u00e3o de apoio aos povos ind\u00edgenas Tupiniquim e Guarani afetados pelo rompimento da barragem de Fund\u00e3o, em Mariana (MG), em 2015. O documento, elaborado no 5\u00ba Encontro da Rede Brasileira de Justi\u00e7a e Paz, denuncia a exclus\u00e3o desses [&hellip;]<\/p>\n","protected":false},"author":2,"featured_media":0,"comment_status":"open","ping_status":"closed","sticky":false,"template":"","format":"standard","meta":{"fifu_image_url":"","fifu_image_alt":"","footnotes":""},"categories":[22035,4092,6923,761,1384,25727,2047,4711,37374,872],"tags":[],"class_list":["post-76354","post","type-post","status-publish","format-standard","hentry","category-barragem-do-fundao","category-cnbb","category-guarani","category-indigenas","category-mariana","category-mg","category-samarco","category-socioambiental","category-tupiniquim","category-vale"],"_links":{"self":[{"href":"https:\/\/redept.com.br\/blogosfera\/wp-json\/wp\/v2\/posts\/76354","targetHints":{"allow":["GET"]}}],"collection":[{"href":"https:\/\/redept.com.br\/blogosfera\/wp-json\/wp\/v2\/posts"}],"about":[{"href":"https:\/\/redept.com.br\/blogosfera\/wp-json\/wp\/v2\/types\/post"}],"author":[{"embeddable":true,"href":"https:\/\/redept.com.br\/blogosfera\/wp-json\/wp\/v2\/users\/2"}],"replies":[{"embeddable":true,"href":"https:\/\/redept.com.br\/blogosfera\/wp-json\/wp\/v2\/comments?post=76354"}],"version-history":[{"count":0,"href":"https:\/\/redept.com.br\/blogosfera\/wp-json\/wp\/v2\/posts\/76354\/revisions"}],"wp:attachment":[{"href":"https:\/\/redept.com.br\/blogosfera\/wp-json\/wp\/v2\/media?parent=76354"}],"wp:term":[{"taxonomy":"category","embeddable":true,"href":"https:\/\/redept.com.br\/blogosfera\/wp-json\/wp\/v2\/categories?post=76354"},{"taxonomy":"post_tag","embeddable":true,"href":"https:\/\/redept.com.br\/blogosfera\/wp-json\/wp\/v2\/tags?post=76354"}],"curies":[{"name":"wp","href":"https:\/\/api.w.org\/{rel}","templated":true}]}}