{"id":76379,"date":"2026-03-02T18:32:15","date_gmt":"2026-03-02T21:32:15","guid":{"rendered":"https:\/\/redept.com.br\/blogosfera\/o-plano-delirante-e-riscos-de-trump-e-netanyahu\/"},"modified":"2026-03-02T18:32:15","modified_gmt":"2026-03-02T21:32:15","slug":"o-plano-delirante-e-riscos-de-trump-e-netanyahu","status":"publish","type":"post","link":"https:\/\/redept.com.br\/blogosfera\/o-plano-delirante-e-riscos-de-trump-e-netanyahu\/","title":{"rendered":"O plano delirante e riscos de Trump e Netanyahu"},"content":{"rendered":"<figure><\/figure>\n<div>\n<div>\n<div>\n<div>\n<div>\n<div>\n<div>\n<h4>Boletim Outras Palavras<\/h4>\n<p>Receba por email, diariamente, todas as publica\u00e7\u00f5es do site<\/p>\n<\/p><\/div>\n<div>\n<div>\n<div>\n<div>\n<div><\/div>\n<\/p><\/div>\n<\/p><\/div>\n<div>\n                <button type=\"submit\">Assinar<\/button><br \/>\n                <button disabled type=\"button\"> <\/p>\n<div><\/div>\n<p> <span>Loading&#8230;<\/span> <\/button>\n              <\/div>\n<\/p><\/div>\n<\/p><\/div>\n<div>\n            <button type=\"submit\">Assinar<\/button><br \/>\n            <button disabled type=\"button\"> <\/p>\n<div><\/div>\n<p> <span>Loading&#8230;<\/span> <\/button>\n          <\/div>\n<\/p><\/div>\n<div>\n<div>\n<h4>Agradecemos!<\/h4>\n<p>Voc\u00ea j\u00e1 est\u00e1 inscrito e come\u00e7ar\u00e1 a receber os boletins em breve. Boa leitura!<\/p>\n<\/p><\/div>\n<\/p><\/div>\n<\/p><\/div>\n<\/p><\/div>\n<\/div>\n<\/div>\n<\/div>\n<p><strong>Rafael Poch<\/strong> em entrevista a <strong>Sergi Picazo<\/strong>, no <em>Critic<\/em> | Tradu\u00e7\u00e3o: <strong>R\u00f4ney Rodrigues<\/strong><\/p>\n<p><strong>Trump j\u00e1 prescinde da ret\u00f3rica do direito internacional. A chave para definir as rela\u00e7\u00f5es internacionais \u00e9 a for\u00e7a. Os Estados Unidos podem sequestrar ou matar dois l\u00edderes de pa\u00edses inimigos: Maduro, na Venezuela, e o aiatol\u00e1 Khamenei, no Ir\u00e3. Acabou-se a legisla\u00e7\u00e3o internacional? A ONU? Os limites m\u00ednimos da pol\u00edtica internacional?<\/strong><\/p>\n<p>A pergunta, obviamente, \u00e9 ret\u00f3rica. A guerra come\u00e7ou no s\u00e1bado com o assassinato do l\u00edder do pa\u00eds advers\u00e1rio e v\u00e1rios membros de sua fam\u00edlia. Esta guerra come\u00e7ou \u2013 e \u00e9 a segunda vez desde junho \u2013 no meio de negocia\u00e7\u00f5es classificadas como \u201cbem-sucedidas\u201d pelos mesmos personagens (Witkoff e Kushner) que est\u00e3o negociando, tamb\u00e9m, com os russos o fim do conflito na Ucr\u00e2nia. Quem pode confiar em tais \u201cnegociadores\u201d? \u201cAs garantias e os documentos assinados por este presidente n\u00e3o t\u00eam valor algum\u201d, disse em Moscou o analista Dmitri Trenin sobre Trump. \u201cN\u00e3o \u00e9 poss\u00edvel manter negocia\u00e7\u00f5es com este governo\u201d, afirma de Nova York o economista Jeffrey Sachs.<\/p>\n<div>\n<div><img loading=\"lazy\" loading=\"lazy\" decoding=\"async\"src=\"https:\/\/redept.com.br\/blogosfera\/wp-content\/uploads\/2026\/03\/6Semana-12-18-Parcerias-OP_-Armazem-do-Campo.png\" alt=\"\" srcset=\"https:\/\/redept.com.br\/blogosfera\/wp-content\/uploads\/2026\/03\/6Semana-12-18-Parcerias-OP_-Armazem-do-Campo.png 680w, https:\/\/estaticos.opara.me\/outraspalavras\/uploads\/2022\/12\/31180813\/6.Semana-12-18-Parcerias-OP_-Armazem-do-Campo-300x110.png 300w\" sizes=\"auto, (max-width: 680px) 100vw, 680px\" width=\"680\" height=\"250\"><\/div>\n<\/div>\n<p>A crise do hegemonismo acarreta a crise de suas institui\u00e7\u00f5es. A ONU foi uma boa ideia, mas refletia o mundo de 1945. Hoje o mundo \u00e9 diferente, e diferentes s\u00e3o tamb\u00e9m as correla\u00e7\u00f5es de for\u00e7as em seu interior. Naquela \u00e9poca, chineses e indianos n\u00e3o contavam para o mundo e hoje pesam muito. Mas, curiosamente, n\u00e3o s\u00e3o os emergentes que est\u00e3o derrubando as institui\u00e7\u00f5es internacionais e o direito internacional, mas sim seus inventores, os governos daqueles pa\u00edses que desenharam todas essas institui\u00e7\u00f5es sob medida para seus interesses. Se a ONU era o desigual \u201cparlamento da humanidade\u201d no qual alguns mandavam mais que outros por seu direito de veto, hoje seus inventores se tornaram extraparlamentares e promovem o banditismo e o gangsterismo mais cru. Assistimos \u00e0 convers\u00e3o da ONU numa esp\u00e9cie de reedi\u00e7\u00e3o daquela impotente \u201cLiga das Na\u00e7\u00f5es\u201d dissolvida em 1946. Se naquela \u00e9poca aquela organiza\u00e7\u00e3o foi incapaz de impedir a invas\u00e3o italiana da Abiss\u00ednia, a japonesa da China e o desastre da Segunda Guerra Mundial, a ONU de hoje se mostra igualmente impotente diante do genoc\u00eddio em Gaza. Seu Tribunal Penal Internacional condena os criminosos, mas s\u00e3o seus magistrados que est\u00e3o sendo violentados e chantageados, enquanto seus indiciados gozam de total impunidade no Ocidente. Sem falar da relatora Francesca Albanese, alvo de san\u00e7\u00f5es e meio refugiada na Tun\u00edsia\u2026 Em rela\u00e7\u00e3o \u00e0 UE, seu papel n\u00e3o poderia ser mais vergonhoso: coopera\u00e7\u00e3o militar com o agressor, inclusive a partir da base de Rota, e condena\u00e7\u00e3o da resposta do agredido por parte da Alemanha, Fran\u00e7a e Inglaterra. \u201cInstamos o Ir\u00e3 a p\u00f4r fim imediatamente a estes ataques imprudentes. Tomaremos medidas para proteger nossos interesses e os de nossos aliados na regi\u00e3o, talvez adotando medidas defensivas proporcionadas para destruir a capacidade do Ir\u00e3 de lan\u00e7ar m\u00edsseis e drones\u201d, destacava no domingo seu comunicado.<\/p>\n<p>A situa\u00e7\u00e3o do novo mundo multipolar exige novas institui\u00e7\u00f5es, certamente tamb\u00e9m na Europa, mas a experi\u00eancia hist\u00f3rica sugere que estas s\u00f3 aparecem ap\u00f3s grandes desastres.<\/p>\n<p><strong>Voc\u00ea escreveu no Ctxt que os casos da Venezuela, Ir\u00e3 e Ucr\u00e2nia s\u00e3o, na realidade, a mesma guerra e que \u201co objetivo \u00e9 impedir militarmente o ocaso da hegemonia americano-ocidental no mundo, amea\u00e7ada principalmente pel<\/strong><strong>a punjan\u00e7a <\/strong><strong>chin<\/strong><strong>esa<\/strong><strong>\u201c. Pode explicar isso?<\/strong><\/p>\n<p>O dado central \u00e9 a rea\u00e7\u00e3o ocidental \u00e0 ascens\u00e3o da China. Esse \u00e9 o fato que unifica a maior parte da situa\u00e7\u00e3o e h\u00e1 muito tempo. H\u00e1 trinta anos, esperava-se que a integra\u00e7\u00e3o na globaliza\u00e7\u00e3o, entendida como pseud\u00f4nimo do dom\u00ednio mundial dos Estados Unidos e seus sat\u00e9lites, transformaria a China num membro subordinado e dependente do sistema mundial. Esperavam que a integra\u00e7\u00e3o das elites chinesas na globaliza\u00e7\u00e3o acabaria por dar origem a uma forma de governo subalterno mais aceit\u00e1vel para o Ocidente do que a do Partido Comunista Chin\u00eas. Mas um quarto de s\u00e9culo depois, surpreenderam-se ao ver que, jogando no campo por eles desenhado, a China ganhou a partida: tornou-se muito mais forte, continuou aut\u00f4noma e soberana, e projeta-se para o exterior mediante uma estrat\u00e9gia mundial integradora, n\u00e3o militarizada, de redes e v\u00ednculos comerciais vantajosos que desvalorizam qualquer tentativa de contrap\u00f4-la militarmente.<\/p>\n<p>A amea\u00e7a ao hegemonismo ocidental liderado pelos Estados Unidos \u00e9 o grande perigo que veem em Washington, e assim o proclamam e explicaram, de todas as formas, muitos pol\u00edticos, militares e estrategistas de l\u00e1. Com a desindustrializa\u00e7\u00e3o, a deslocaliza\u00e7\u00e3o e a economia de cassino que fomentaram em busca do maior e mais r\u00e1pido benef\u00edcio de seu capitalismo rentista e de especula\u00e7\u00e3o financeira, a \u00fanica resposta que t\u00eam \u00e0 m\u00e3o \u00e9 a da for\u00e7a. Primeiro, em 2012, inventaram o \u201cpivot to Asia\u201d de Obama, ou seja, desdobrar no Leste Asi\u00e1tico o grosso de sua for\u00e7a aeronaval. Depois, tentaram redefinir as normas de sua globaliza\u00e7\u00e3o proclamando novos protecionismos e tarifas, onde Trump se destacou. A cena que melhor ilustra a situa\u00e7\u00e3o \u00e9 a do jogador que, ao ver que est\u00e1 perdendo a partida, d\u00e1 um chute na mesa de jogo e saca a pistola.<\/p>\n<p>Um dos seus erros crassos foi ignorar e maltratar os interesses russos na Europa durante trinta anos. Desconsiderando os avisos de pessoas como Kissinger ou Kennan contra a expans\u00e3o da OTAN, estimularam a estreita integra\u00e7\u00e3o eurasi\u00e1tica entre a R\u00fassia e a China, algo que nem Moscou nem Pequim buscavam inicialmente. Depois, quando ap\u00f3s m\u00faltiplos avisos a R\u00fassia reagiu militarmente \u00e0 tentativa de expuls\u00e1-la definitivamente do Mar Negro, anexando a Crimeia, continuaram com uma escalada militar na Ucr\u00e2nia, injetando recursos militares no novo regime pr\u00f3-ocidental de Kiev e apoiando sua \u201copera\u00e7\u00e3o antiterrorista\u201d contra as regi\u00f5es russ\u00f3filas do leste do pa\u00eds. A suposta participa\u00e7\u00e3o \u201cmediadora\u201d da Fran\u00e7a e da Alemanha nas negocia\u00e7\u00f5es de Minsk foi uma farsa para \u201cganhar tempo e preparar a Ucr\u00e2nia\u201d para a guerra, conforme admitiram a ex-chanceler alem\u00e3 Angela Merkel e o ex-presidente franc\u00eas Fran\u00e7ois Hollande, e corroborou o ex-presidente ucraniano Petro Poroshenko. Nos dois anos anteriores \u00e0 invas\u00e3o russa, os sinais emitidos contra a R\u00fassia foram claros. Em 2019, um extenso documento da RAND Corporation, o principal think tank do Pent\u00e1gono, intitulado \u201cOverextending and Unbalancing Russia\u201d (Sobrestimar a capacidade e desestabilizar a R\u00fassia), propunha um cat\u00e1logo detalhado para estressar Moscou, cujo primeiro e principal cen\u00e1rio era o de \u201cfornecer ajuda letal \u00e0 Ucr\u00e2nia\u201d, coisa que vinha sendo feita desde 2014. Uma vez obtida a invas\u00e3o russa, mobilizaram-se para impedir qualquer acordo entre a R\u00fassia e a Ucr\u00e2nia nas negocia\u00e7\u00f5es que come\u00e7aram logo ap\u00f3s a invas\u00e3o, primeiro em Minsk e depois em Istambul. Quando perceberam que o objetivo proclamado de infligir uma \u201cderrota estrat\u00e9gica\u201d \u00e0 R\u00fassia por meio de san\u00e7\u00f5es e ajuda militar e financeira \u00e0 Ucr\u00e2nia se complicava, optaram por separar as frentes.<\/p>\n<p>Em novembro de 2023, o subsecret\u00e1rio de Estado para a Europa e Eur\u00e1sia na primeira administra\u00e7\u00e3o Trump, Aaron Wess Mitchell, disse que os Estados Unidos poderiam perder uma guerra se tivessem que atuar em tr\u00eas frentes simultaneamente, porque nesse caso, \u201cos Estados Unidos teriam que ser fortes em cada um dos tr\u00eas cen\u00e1rios b\u00e9licos, enquanto seus tr\u00eas advers\u00e1rios, China, R\u00fassia e Ir\u00e3, s\u00f3 precisam ser fortes em sua pr\u00f3pria regi\u00e3o para alcan\u00e7ar seus objetivos\u201d. Assim, optaram por transferir parcialmente a batata quente da Ucr\u00e2nia para os europeus, concentrar-se no Ir\u00e3, o mais fraco dos tr\u00eas, e continuar se preparando para lidar com a China mais tarde. Por isso escrevi que na Ucr\u00e2nia se trata de enfraquecer a R\u00fassia, fundamental parceira da China. Na Venezuela, trata-se de privar a China do acesso a importantes reservas energ\u00e9ticas e recursos latino-americanos. O Ir\u00e3 \u00e9 o elo fundamental da integra\u00e7\u00e3o eurasi\u00e1tica, com seus corredores energ\u00e9ticos e de transporte leste\/oeste e norte\/sul.<\/p>\n<div>\n<div><img loading=\"lazy\" loading=\"lazy\" decoding=\"async\"src=\"https:\/\/redept.com.br\/blogosfera\/wp-content\/uploads\/2026\/03\/14-1-2.png\" alt=\"\" srcset=\"https:\/\/redept.com.br\/blogosfera\/wp-content\/uploads\/2026\/03\/14-1-2.png 680w, https:\/\/estaticos.opara.me\/outraspalavras\/uploads\/2022\/12\/31180114\/14-1-300x110.png 300w\" sizes=\"auto, (max-width: 680px) 100vw, 680px\" width=\"680\" height=\"250\"><\/div>\n<\/div>\n<p><strong>O governo do Ir\u00e3 quer realmente ter armas nucleares? O tema nuclear \u00e9 uma farsa? H\u00e1 algo a negociar realmente entre Estados Unidos e Ir\u00e3?<\/strong><\/p>\n<p>No in\u00edcio dos anos 90, o embaixador dos Estados Unidos na Ar\u00e1bia Saudita j\u00e1 alertava que o Ir\u00e3 \u201cest\u00e1 a poucas semanas de obter a bomba\u201d. Se a tivessem obtido, os aiatol\u00e1s nunca teriam sido atacados, mas os dirigentes iranianos demonstraram ter mais escr\u00fapulos nisso do que os norte-coreanos que, ap\u00f3s o fim da guerra fria e o desaparecimento da cobertura proporcionada pelo guarda-chuva nuclear sovi\u00e9tico, compreenderam imediatamente que obter a bomba era sua \u00fanica ap\u00f3lice de seguro contra um ataque dos Estados Unidos.<\/p>\n<p>Lembremos que em 2015 j\u00e1 se alcan\u00e7ou um acordo com o Ir\u00e3, o Plano de A\u00e7\u00e3o Conjunto Global (JCPOA, na sigla em ingl\u00eas), pelo qual Teer\u00e3 concordava em limitar seu enriquecimento de ur\u00e2nio em troca da suspens\u00e3o de san\u00e7\u00f5es e das inspe\u00e7\u00f5es da Ag\u00eancia Internacional de Energia At\u00f4mica (AIEA) em suas instala\u00e7\u00f5es. Na \u00e9poca, eu estava em Paris e Bernard Hourcade, um dos principais especialistas franceses em Ir\u00e3, estava entusiasmado com as perspectivas econ\u00f4micas e comerciais que aquele acordo abria, sobretudo para a Europa. \u201cTrinta e sete anos ap\u00f3s a queda do X\u00e1, a Rep\u00fablica Isl\u00e2mica foi reconhecida como um ator de pleno direito da vida econ\u00f4mica e pol\u00edtica do mundo\u201d, dizia. Ele esperava uma imediata abertura do regime e assegurava que \u201cse abre uma nova p\u00e1gina na hist\u00f3ria iraniana\u201d. Tudo isso n\u00e3o deu em nada: Trump retirou os Estados Unidos do acordo, os europeus n\u00e3o fizeram nada e as inspe\u00e7\u00f5es da AIEA serviram para aprimorar os alvos das bombas israelenses contra as instala\u00e7\u00f5es e os domic\u00edlios particulares dos respons\u00e1veis pelo programa nuclear, alguns deles assassinados com suas fam\u00edlias em junho. Como agora, aquele ataque ocorreu no meio de uma negocia\u00e7\u00e3o. O decisivo n\u00e3o \u00e9 a bomba, mas sim o velho plano de 2002 revelado pelo General Wesley Clark, no qual se dizia: \u201cvamos nos livrar de sete pa\u00edses em cinco anos, come\u00e7ando com o Iraque, depois S\u00edria, L\u00edbano, L\u00edbia, Som\u00e1lia, Sud\u00e3o e terminando com o Ir\u00e3\u201d. Cumpriram tudo. J\u00e1 s\u00e3o mais de quatro milh\u00f5es de mortos e 40 milh\u00f5es de deslocados. S\u00f3 lhes falta o Ir\u00e3. Querem criar nesse pa\u00eds um buraco negro.<\/p>\n<p><strong>Que interesses t\u00eam os Estados Unidos e Israel para atacar o Ir\u00e3? N\u00e3o \u00e9 por recursos naturais, mas sim por interesses geoestrat\u00e9gicos?<\/strong><\/p>\n<p>Para Israel, trata-se de acabar com o \u00fanico pa\u00eds do Oriente M\u00e9dio capaz de impedir o louco projeto colonial \u201csem fronteiras\u201d de Grande Israel, do Nilo ao Eufrates. Como disse o embaixador estadunidense em Israel, Mike Huckabee, Israel goza de um \u201cdireito b\u00edblico\u201d de se expandir por toda a regi\u00e3o. E Israel, como se sabe, tem uma grande influ\u00eancia na pol\u00edtica dos Estados Unidos. Dos interesses, digamos, geopol\u00edticos dos Estados Unidos j\u00e1 falamos, mas h\u00e1 tamb\u00e9m um interesse pol\u00edtico interno desse Nero narcisista que preside atualmente o regime de Washington e sua administra\u00e7\u00e3o de amadores. Trump prometeu n\u00e3o envolver os Estados Unidos em novas guerras e est\u00e1 se divorciando de sua base social popular. Em novembro, tem elei\u00e7\u00f5es de meio de mandato nas quais se prev\u00ea que perder\u00e1 muito apoio. Se conseguisse derrubar o regime iraniano, iria para essas elei\u00e7\u00f5es desde uma posi\u00e7\u00e3o de for\u00e7a. Mas se as coisas correrem mal para ele, esta guerra impopular, inconstitucional, sem acordo do Congresso e desaconselhada por suas ag\u00eancias de intelig\u00eancia, poderia desabar sobre ele. Trump e Israel arriscam muito nesta loucura.<\/p>\n<p><strong>Esta guerra \u00e9 mais uma prova do suposto fim do poder dos Estados Unidos? N\u00e3o se entende que seja assim quando os Estados Unidos atacam e t\u00eam um poder militar indiscut\u00edvel, n\u00e3o?<\/strong><\/p>\n<p>Ningu\u00e9m discute que tenham o poder militar mais forte do mundo, mas a louca e criminosa utiliza\u00e7\u00e3o desse poder \u00e9 uma verdadeira mostra de fortaleza? Eu creio que o que est\u00e3o demonstrando ante os olhos de todo o mundo de forma indiscut\u00edvel, particularmente desde a s\u00e9rie b\u00e9lica que come\u00e7a com o 11 de setembro de 2001 em Nova York, que vai do Iraque ao Ir\u00e3, passando pelo Afeganist\u00e3o, L\u00edbia, S\u00edria, I\u00eamen, Som\u00e1lia, Ucr\u00e2nia e Gaza, \u00e9 que eles s\u00e3o o principal perigo para a paz mundial.<\/p>\n<p><strong>Os Estados Unidos se atrever\u00e3o a entrar no Ir\u00e3, um pa\u00eds de 90 milh\u00f5es de habitantes e com um dos ex\u00e9rcitos mais poderosos do mundo mu\u00e7ulmano, com tropas e soldados em campo, como fizeram no Iraque? Ou apenas bombardear\u00e3o a partir de avi\u00f5es e porta-avi\u00f5es? Ser\u00e1 uma guerra curta?<\/strong><\/p>\n<p>N\u00e3o creio que se arrisquem a entrar com tropas l\u00e1. O precedente do Iraque pesa muito, sem contar que o Ir\u00e3 \u00e9 muito mais forte do que o Iraque. Na guerra dos doze dias de junho, esgotaram-se os estoques dos arsenais de recursos antim\u00edsseis dos Estados Unidos e Israel. Ali\u00e1s, esta guerra \u00e9 uma p\u00e9ssima not\u00edcia para os militares ucranianos, que ver\u00e3o seu suprimento de recursos de defesa antim\u00edsseis ainda mais diminu\u00eddo diante dos ataques russos. A fabrica\u00e7\u00e3o estadunidense desses recursos \u00e9 limitada e n\u00e3o parece que possam sustentar uma campanha intensa de ataques e contra-ataques por mais de quatro ou cinco semanas, mas muito depender\u00e1 da capacidade de resposta iraniana para esgotar esses arsenais.<\/p>\n<p><strong>Qual \u00e9 a capacidade defensiva do Ir\u00e3 agora?<\/strong><\/p>\n<p>\u00c9 a grande quest\u00e3o militar. Em junho, lan\u00e7aram primeiro o refugo, drones e m\u00edsseis obsoletos para desgastar a capacidade de intercepta\u00e7\u00e3o israelense e localizar as posi\u00e7\u00f5es de suas defesas, e depois lan\u00e7aram m\u00edsseis hipers\u00f4nicos mais sofisticados que causaram muitos danos. Ser\u00e1 preciso ver quantos lhes restam agora. Agora h\u00e1 muitos mais alvos, as bases estadunidenses do Golfo e, eventualmente, se tiverem alcance, a frota destacada no Mediterr\u00e2neo. O Ir\u00e3 j\u00e1 atacou instala\u00e7\u00f5es estadunidenses em cinco pa\u00edses do Golfo. O assassinato do Aiatol\u00e1 Khamenei n\u00e3o \u00e9 apenas um assunto nacional iraniano. H\u00e1 muitos xiitas no Iraque, Paquist\u00e3o, Ar\u00e1bia Saudita, Bahrein e L\u00edbano, entre outros. H\u00e1 um risco de guerra regional muito s\u00e9rio no qual tamb\u00e9m os iniciadores podem sair queimados.<\/p>\n<p><strong>Como \u00e9 que o ataque ao Ir\u00e3, ou uma mudan\u00e7a de regime ou o bloqueio de Ormuz, afetam a China e a Rota da Seda? A quest\u00e3o chinesa \u00e9 fundamental aqui ou apenas um efeito colateral?<\/strong><\/p>\n<p>\u00c9 fundamental porque o Ir\u00e3 \u00e9 um grande parceiro energ\u00e9tico da China e porque sem o Ir\u00e3 cortam-se importantes circuitos da Rota da Seda. N\u00e3o \u00e9 por acaso que insisto na unidade de todos estes conflitos. Desconhecemos o n\u00edvel do envolvimento militar da China com o Ir\u00e3. Receberam os iranianos baterias antim\u00edsseis de Pequim, como se disse? N\u00e3o me parece prov\u00e1vel que a China se envolva militarmente; por outro lado, deixar passar um ataque militar t\u00e3o claro contra ela sem fazer nada tamb\u00e9m n\u00e3o parece realista\u2026 Em rela\u00e7\u00e3o \u00e0 R\u00fassia, parece-me que n\u00e3o fez grande coisa em favor do Ir\u00e3. Est\u00e3o muito centrados na press\u00e3o sobre a ucraniana e nas suas amb\u00edguas conversas com a equipe de Trump e n\u00e3o creio que v\u00e3o al\u00e9m das declara\u00e7\u00f5es e condena\u00e7\u00f5es diplom\u00e1ticas. Minha impress\u00e3o \u00e9 que o Ir\u00e3 est\u00e1 bastante sozinho, o que \u00e9 contradit\u00f3rio com a unidade de conflitos que aponto.<\/p>\n<p><strong>Falemos sobre pol\u00edtica interna no Ir\u00e3. A esquerda tem d\u00favidas neste assunto porque, por um lado, v\u00ea que ocorre um ataque\/golpe de Estado\/assassinato do neoimperialismo estadunidense, mas por outro, tamb\u00e9m sabe que o regime dos aiatol\u00e1s massacrou a esquerda comunista no Ir\u00e3, ataca os direitos humanos b\u00e1sicos e reprime as mulheres. O que fazer ou o que pensar diante deste dilema?<\/strong><\/p>\n<p>Parece-me que o pa\u00eds e seu regime n\u00e3o est\u00e3o sendo atacados por \u201cterem massacrado a esquerda\u201d, nem por \u201catacar os direitos humanos\u201d ou \u201creprimir as mulheres\u201d, que s\u00e3o muito mais livres no Ir\u00e3 do que em qualquer monarquia do Golfo. \u00c0queles que veem um \u201cdilema\u201d neste ataque, s\u00f3 posso dizer uma coisa: todo rei \u00e9 pai.<\/p>\n<p><strong>Cair\u00e1 a Rep\u00fablica Isl\u00e2mica? Diz Nazanin Armanian que \u201ca rep\u00fablica isl\u00e2mica j\u00e1 terminou\u201d depois dos protestos sociais e da burguesia iraniana, e dos ataques militares?<\/strong><\/p>\n<p>Desconhe\u00e7o a situa\u00e7\u00e3o interna do Ir\u00e3 nem sou um especialista nas quest\u00f5es desse pa\u00eds, mas como diz Nazan\u00edn, a fragilidade do regime \u00e9 evidente e maior do que nunca. Suponho que tudo \u00e9 poss\u00edvel. Diz Trita Parsi, um especialista do Quincy Institute de Washington, que os iranianos \u201cse viram apanhados entre uma teocracia repressiva e atores externos cujas pol\u00edticas foram deliberadamente desenhadas para criar des\u00e2nimo. A ironia \u00e9 evidente: as mesmas vozes que ajudaram a fechar as vias para o desmantelamento pac\u00edfico da teocracia apresentam-se agora como salvadores, oferecendo a interven\u00e7\u00e3o militar estrangeira como o \u00fanico caminho para a liberta\u00e7\u00e3o, uma oferta que n\u00e3o teria encontrado compradores se a popula\u00e7\u00e3o n\u00e3o tivesse sido levada ao desespero em primeiro lugar\u201d. Parece-me um bom diagn\u00f3stico.<\/p>\n<div>\n<div>\n<p><span><em>Outras Palavras \u00e9 feito por muitas m\u00e3os. Se voc\u00ea valoriza nossa produ\u00e7\u00e3o, seja nosso apoiador e fortale\u00e7a o jornalismo cr\u00edtico: <strong>apoia.se\/outraspalavras<\/strong><\/em><\/span><\/p>\n<\/div>\n<\/div>\n<p>The post O plano delirante e riscos de Trump e Netanyahu appeared first on Outras Palavras.<\/p>\n<!-- Begin Yuzo --><div class='yuzo_related_post style-1'  data-version='5.12.89'><!-- without result --><div class='yuzo_clearfixed yuzo__title yuzo__title'><h3>Related Post<\/h3><\/div>\n\t\t\t\t\t\t  <div class=\"relatedthumb \" style=\"width:125px;float:left;overflow:hidden;\">  \n\t\t\t\t\t\t\t  \n\t\t\t\t\t\t\t  <a  href=\"https:\/\/redept.com.br\/blogosfera\/brasil-ainda-subsidia-eletricidade-a-carvao-enquanto-busca-lideranca-climatica-na-cop30\/\"  >\n\t\t\t\t\t\t\t\t\t  <div class=\"yuzo-img-wrap \" style=\"width: 125px;height:90px;\">\n\t\t\t\t\t\t\t\t\t\t\n\t\t\t\t\t\t\t\t\t\t<div class=\"yuzo-img\" style=\"background:url('https:\/\/redept.org\/blogosfera\/wp-content\/plugins\/yuzo-related-post\/assets\/images\/default.png') 50% 50% no-repeat;width: 125px;height:90px;margin-bottom: 5px;background-size: cover; \"><\/div>\n\t\t\t\t\t\t\t\t\t  <\/div>\n\t\t\t\t\t\t\t\t\t  \n\t\t\t\t\t\t\t\t   <span class=\"yuzo__text--title\" style=\"font-size:13px;\">Brasil ainda subsidia eletricidade a carv\u00e3o enquan...<\/span>\n\t\t\t\t\t\t\t  \n\t\t\t\t\t\t\t  \n\t\t\t\t\t\t\t  <\/a>\n\n\t\t\t\t\t\t  <\/div>\n\t\t\t\t\t\t  <div class=\"relatedthumb \" style=\"width:125px;float:left;overflow:hidden;\">  \n\t\t\t\t\t\t\t  \n\t\t\t\t\t\t\t  <a  href=\"https:\/\/redept.com.br\/blogosfera\/mesmo-com-recuo-das-aguas-guaiba-pode-atingir-cota-de-inundacao-nos-proximos-dias\/\"  >\n\t\t\t\t\t\t\t\t\t  <div class=\"yuzo-img-wrap \" style=\"width: 125px;height:90px;\">\n\t\t\t\t\t\t\t\t\t\t\n\t\t\t\t\t\t\t\t\t\t<div class=\"yuzo-img\" style=\"background:url('https:\/\/redept.org\/blogosfera\/wp-content\/plugins\/yuzo-related-post\/assets\/images\/default.png') 50% 50% no-repeat;width: 125px;height:90px;margin-bottom: 5px;background-size: cover; \"><\/div>\n\t\t\t\t\t\t\t\t\t  <\/div>\n\t\t\t\t\t\t\t\t\t  \n\t\t\t\t\t\t\t\t   <span class=\"yuzo__text--title\" style=\"font-size:13px;\">Mesmo com recuo das \u00e1guas, Gua\u00edba pode atingir cot...<\/span>\n\t\t\t\t\t\t\t  \n\t\t\t\t\t\t\t  \n\t\t\t\t\t\t\t  <\/a>\n\n\t\t\t\t\t\t  <\/div>\n\t\t\t\t\t\t  <div class=\"relatedthumb \" style=\"width:125px;float:left;overflow:hidden;\">  \n\t\t\t\t\t\t\t  \n\t\t\t\t\t\t\t  <a  href=\"https:\/\/www.pragmatismopolitico.com.br\/2025\/11\/tio-de-michelle-bolsonaro-e-preso-por-integrar-quadrilha-de-furto-de-veiculos.html\"  >\n\t\t\t\t\t\t\t\t\t  <div class=\"yuzo-img-wrap \" style=\"width: 125px;height:90px;\">\n\t\t\t\t\t\t\t\t\t\t\n\t\t\t\t\t\t\t\t\t\t<div class=\"yuzo-img\" style=\"background:url('https:\/\/www.pragmatismopolitico.com.br\/wp-content\/uploads\/2025\/11\/michellebolsonarotio.png') 50% 50% no-repeat;width: 125px;height:90px;margin-bottom: 5px;background-size: cover; \"><\/div>\n\t\t\t\t\t\t\t\t\t  <\/div>\n\t\t\t\t\t\t\t\t\t  \n\t\t\t\t\t\t\t\t   <span class=\"yuzo__text--title\" style=\"font-size:13px;\">Tio de Michelle Bolsonaro \u00e9 preso por integrar qua...<\/span>\n\t\t\t\t\t\t\t  \n\t\t\t\t\t\t\t  \n\t\t\t\t\t\t\t  <\/a>\n\n\t\t\t\t\t\t  <\/div>\n\t\t\t\t\t\t  <div class=\"relatedthumb \" style=\"width:125px;float:left;overflow:hidden;\">  \n\t\t\t\t\t\t\t  \n\t\t\t\t\t\t\t  <a  href=\"https:\/\/redept.com.br\/blogosfera\/61-anos-do-golpe-brasil-tem-folego-na-luta-por-memoria-verdade-e-justica-mas-ha-desafios\/\"  >\n\t\t\t\t\t\t\t\t\t  <div class=\"yuzo-img-wrap \" style=\"width: 125px;height:90px;\">\n\t\t\t\t\t\t\t\t\t\t\n\t\t\t\t\t\t\t\t\t\t<div class=\"yuzo-img\" style=\"background:url('https:\/\/redept.org\/blogosfera\/wp-content\/plugins\/yuzo-related-post\/assets\/images\/default.png') 50% 50% no-repeat;width: 125px;height:90px;margin-bottom: 5px;background-size: cover; \"><\/div>\n\t\t\t\t\t\t\t\t\t  <\/div>\n\t\t\t\t\t\t\t\t\t  \n\t\t\t\t\t\t\t\t   <span class=\"yuzo__text--title\" style=\"font-size:13px;\">61 anos do golpe: Brasil tem f\u00f4lego na luta por me...<\/span>\n\t\t\t\t\t\t\t  \n\t\t\t\t\t\t\t  \n\t\t\t\t\t\t\t  <\/a>\n\n\t\t\t\t\t\t  <\/div>\n<\/div> <script>\n\t\t\t\t\t\t  jQuery(document).ready(function( $ ){\n\t\t\t\t\t\t\t\/\/jQuery('.yuzo_related_post').equalizer({ overflow : 'relatedthumb' });\n\t\t\t\t\t\t\tjQuery('.yuzo_related_post .yuzo_wraps').equalizer({ columns : '> div' });\n\t\t\t\t\t\t   })\n\t\t\t\t\t\t  <\/script> <!-- End Yuzo :) -->","protected":false},"excerpt":{"rendered":"<p>EUA buscam estrangular energeticamente a China, que os derrotou em seu pr\u00f3prio jogo. Tel Aviv deseja ver o Ir\u00e3 transformar-se num Estado falido. Mas se Teer\u00e3 resistir, os dois mafiosos ter\u00e3o diante de si um pesadelo pol\u00edtico, econ\u00f4mico e eleitoral<\/p>\n<p>The post <a href=\"https:\/\/outraspalavras.net\/geopoliticaeguerra\/o-plano-delirante-e-os-riscos-de-trump-e-netanyahu\/\">O plano delirante e riscos de Trump e Netanyahu<\/a> appeared first on <a href=\"https:\/\/outraspalavras.net\/\">Outras Palavras<\/a>.<\/p>\n","protected":false},"author":2,"featured_media":76380,"comment_status":"open","ping_status":"closed","sticky":false,"template":"","format":"standard","meta":{"fifu_image_url":"","fifu_image_alt":"","footnotes":""},"categories":[2038,37390,37391,5511,292,9,5700,6616,41,25,519,267,37392,8824],"tags":[],"class_list":["post-76379","post","type-post","status-publish","format-standard","has-post-thumbnail","hentry","category-arabia-saudita","category-bloqueio-de-ormuz","category-bombardeio-ao-ira","category-capa","category-china","category-eua","category-geopolitica-guerra","category-governo-trump","category-ira","category-israel","category-libano","category-onu","category-orientemedio","category-programa-nuclear-iraniano"],"_links":{"self":[{"href":"https:\/\/redept.com.br\/blogosfera\/wp-json\/wp\/v2\/posts\/76379","targetHints":{"allow":["GET"]}}],"collection":[{"href":"https:\/\/redept.com.br\/blogosfera\/wp-json\/wp\/v2\/posts"}],"about":[{"href":"https:\/\/redept.com.br\/blogosfera\/wp-json\/wp\/v2\/types\/post"}],"author":[{"embeddable":true,"href":"https:\/\/redept.com.br\/blogosfera\/wp-json\/wp\/v2\/users\/2"}],"replies":[{"embeddable":true,"href":"https:\/\/redept.com.br\/blogosfera\/wp-json\/wp\/v2\/comments?post=76379"}],"version-history":[{"count":0,"href":"https:\/\/redept.com.br\/blogosfera\/wp-json\/wp\/v2\/posts\/76379\/revisions"}],"wp:featuredmedia":[{"embeddable":true,"href":"https:\/\/redept.com.br\/blogosfera\/wp-json\/wp\/v2\/media\/76380"}],"wp:attachment":[{"href":"https:\/\/redept.com.br\/blogosfera\/wp-json\/wp\/v2\/media?parent=76379"}],"wp:term":[{"taxonomy":"category","embeddable":true,"href":"https:\/\/redept.com.br\/blogosfera\/wp-json\/wp\/v2\/categories?post=76379"},{"taxonomy":"post_tag","embeddable":true,"href":"https:\/\/redept.com.br\/blogosfera\/wp-json\/wp\/v2\/tags?post=76379"}],"curies":[{"name":"wp","href":"https:\/\/api.w.org\/{rel}","templated":true}]}}