{"id":76474,"date":"2026-03-03T14:06:22","date_gmt":"2026-03-03T17:06:22","guid":{"rendered":"https:\/\/redept.com.br\/blogosfera\/greve-no-metro-sera-decidida-em-assembleia-dos-metroviarios-nesta-terca-3\/"},"modified":"2026-03-03T14:06:22","modified_gmt":"2026-03-03T17:06:22","slug":"greve-no-metro-sera-decidida-em-assembleia-dos-metroviarios-nesta-terca-3","status":"publish","type":"post","link":"https:\/\/redept.com.br\/blogosfera\/greve-no-metro-sera-decidida-em-assembleia-dos-metroviarios-nesta-terca-3\/","title":{"rendered":"Greve no Metr\u00f4 ser\u00e1 decidida em assembleia dos metrovi\u00e1rios nesta ter\u00e7a, 3"},"content":{"rendered":"<p>Metrovi\u00e1rios est\u00e3o em <a href=\"https:\/\/tvtnews.com.br\/metroviarios-sp-estado-greve-assembleia-3-marco\/\" data-type=\"link\" data-id=\"https:\/\/tvtnews.com.br\/metroviarios-sp-estado-greve-assembleia-3-marco\/\">estado de greve desde o dia 10 de fevereiro<\/a>. Assembleia que ser\u00e1 realizada hoje, <a href=\"https:\/\/tvtnews.com.br\/efemerides-datas-e-feriados-de-marco-de-2026\/\" data-type=\"post\" data-id=\"779945\">3 de mar\u00e7o<\/a>, a partir das 18h30, vai decidir se os trabalhadores do Metr\u00f4 far\u00e3o paralisa\u00e7\u00e3o. Leia em <a href=\"http:\/\/tvtnews.com.br\/\" data-type=\"link\" data-id=\"tvtnews.com.br\" target=\"_blank\" rel=\"noopener noreferrer nofollow\">TVT News<\/a>.<\/p>\n<\/p>\n<h2>Metrovi\u00e1rios decidem, hoje, a possibilidade de greve no Metr\u00f4<\/h2>\n<p>Em assembleia marcada para a noite desta ter\u00e7a-feira, 3, o Sindicato dos Metrovi\u00e1rios decidir\u00e1 sobre a continuidade do estado de greve ou se marcam uma nova data para paralisar as atividades no Metr\u00f4 de S\u00e3o Paulo.<\/p>\n<p>A entidade, que representa os trabalhadores das linhas 1-Azul, 2-Verde, 3-Vermelha e 15-Prata, \u00e9 contr\u00e1ria \u00e0 terceiriza\u00e7\u00e3o de v\u00e1rias \u00e1reas como opera\u00e7\u00e3o, seguran\u00e7a e manuten\u00e7\u00e3o e solicita a abertura de um concurso p\u00fablico para diminuir o d\u00e9ficit de funcion\u00e1rios.<\/p>\n<p><a href=\"https:\/\/chat.whatsapp.com\/HC8TJaWXK8t4wNAG0oRwZI?mode=gi_t\" target=\"_blank\" rel=\"noreferrer noopener nofollow\">&gt;&gt; Siga o grupo da\u00a0<strong>TVT News\u00a0<\/strong>no WhatsApp<\/a><\/p>\n<p>Al\u00e9m disso, a categoria busca avan\u00e7ar em negocia\u00e7\u00f5es sobre os planos de carreira e pagamento dos chamados \u201csteps\u201d, uma esp\u00e9cie de progress\u00e3o salarial.<\/p>\n<h2>Terceirizar \u00e9 mais caro\u00a0e n\u00e3o evita a privatiza\u00e7\u00e3o, afirma Sindicato dos Metrovi\u00e1rios<\/h2>\n<p>De acordo com o Sindicato dos Metrovi\u00e1rios, \u201ca tentativa de terceiriza\u00e7\u00e3o do material rodante e das oficinas do P\u00e1tio e PIT custa cerca de 20 milh\u00f5es\u201d<\/p>\n<p>\u201cA\u00a0terceiriza\u00e7\u00e3o do atendimento \u00e9 cara: o Metr\u00f4 fez contrato milion\u00e1rio com um escrit\u00f3rio\u00a0de Bras\u00edlia,\u00a0para tentar derrotar a a\u00e7\u00e3o do Sindicato\u201d,  explica o sindicato em nota. <\/p>\n<p>\u201cOs dirigentes do Metr\u00f4 argumentam que as terceiriza\u00e7\u00f5es\u00a0podem evitar a privatiza\u00e7\u00e3o. Se isso fosse verdade, a Sabesp e a CPTM n\u00e3o seriam privatizadas e o governo Tarc\u00edsio n\u00e3o publicaria documento sobre leil\u00f5es do Metr\u00f4\u201d, analisa a nota do Sindicato.<\/p>\n<h2>O que \u00e9 estado de greve<\/h2>\n<p>O estado de greve \u00e9 um instrumento de press\u00e3o, sem interrup\u00e7\u00e3o imediata do servi\u00e7o, e mant\u00e9m as opera\u00e7\u00f5es das linhas 1-Azul, 2-Verde, 3-Vermelha e 15-Prata normalmente. A situa\u00e7\u00e3o alerta que os trabalhadores podem entrar em greve a qualquer momento.<\/p>\n<figure><img fetchpriority=\"high\" fetchpriority=\"high\" decoding=\"async\" width=\"1024\" height=\"576\"src=\"https:\/\/redept.com.br\/blogosfera\/wp-content\/uploads\/2026\/03\/Linhas-do-Metro-de-Sao-Paulo-comecam-a-funcionar-24-horas-aos-sabados.jpg\" alt=\"Linhas-do-Metro-de-Sao-Paulo-comecam-a-funcionar-24-horas-aos-sabados-rovena-rosa-agencia-brasil-tvt-news\" title=\"Greve no Metr\u00f4 ser\u00e1 decidida em assembleia dos metrovi\u00e1rios nesta ter\u00e7a, 3 1\" srcset=\"https:\/\/tvtnews.com.br\/wp-content\/uploads\/2025\/12\/Linhas-do-Metro-de-Sao-Paulo-comecam-a-funcionar-24-horas-aos-sabados-1024x576.jpg 1024w, https:\/\/tvtnews.com.br\/wp-content\/uploads\/2025\/12\/Linhas-do-Metro-de-Sao-Paulo-comecam-a-funcionar-24-horas-aos-sabados-300x169.jpg 300w, https:\/\/tvtnews.com.br\/wp-content\/uploads\/2025\/12\/Linhas-do-Metro-de-Sao-Paulo-comecam-a-funcionar-24-horas-aos-sabados-768x432.jpg 768w, https:\/\/tvtnews.com.br\/wp-content\/uploads\/2025\/12\/Linhas-do-Metro-de-Sao-Paulo-comecam-a-funcionar-24-horas-aos-sabados-1536x864.jpg 1536w, https:\/\/redept.com.br\/blogosfera\/wp-content\/uploads\/2026\/03\/Linhas-do-Metro-de-Sao-Paulo-comecam-a-funcionar-24-horas-aos-sabados.jpg 1600w\" sizes=\"(max-width: 1024px) 100vw, 1024px\"><figcaption>A greve do Metr\u00f4 atingiria as linhas 1-Azul, 2-Verde, 3-Vermelha e 15-Prata, . Foto: Rovena Rosa\/Ag\u00eancia Brasil<\/figcaption><\/figure>\n<h2>Principais reivindica\u00e7\u00f5es dos metrovi\u00e1rios<\/h2>\n<p>A pauta apresentada pelo sindicato dos trabalhadores do Metr\u00f4 re\u00fane demandas salariais, crit\u00e9rios de promo\u00e7\u00e3o e quest\u00f5es estruturais da empresa. Entre os principais pontos est\u00e3o:<\/p>\n<ul>\n<li>Pagamento de \u201csteps\u201d: reajustes de progress\u00e3o salarial iguais para todos os funcion\u00e1rios e o fim do limite de 1% da folha de pagamento destinado a essas corre\u00e7\u00f5es, considerado insuficiente para garantir aumentos reais;<\/li>\n<li>Crit\u00e9rios de promo\u00e7\u00e3o: extin\u00e7\u00e3o da chamada \u201can\u00e1lise comportamental\u201d, defendendo processos mais objetivos e t\u00e9cnicos em concursos internos;<\/li>\n<li>Contrata\u00e7\u00f5es via concurso p\u00fablico: oposi\u00e7\u00e3o \u00e0 terceiriza\u00e7\u00e3o, especialmente na manuten\u00e7\u00e3o de vias e trens, e reposi\u00e7\u00e3o do quadro de pessoal, apontado como defasado ap\u00f3s programas de demiss\u00e3o volunt\u00e1ria;<\/li>\n<li>Valoriza\u00e7\u00e3o dos oficiais de manuten\u00e7\u00e3o: cria\u00e7\u00e3o de oportunidades de ascens\u00e3o para cargos de supervis\u00e3o e t\u00e9cnicos;<\/li>\n<li>Nota de corte em concursos: retorno da exig\u00eancia m\u00ednima de 6,5, desvinculada das metas globais da diretoria.<\/li>\n<\/ul>\n<p>Para o sindicato, as medidas s\u00e3o necess\u00e1rias para preservar o car\u00e1ter p\u00fablico do Metr\u00f4 e evitar a precariza\u00e7\u00e3o do servi\u00e7o. A companhia ainda n\u00e3o se manifestou oficialmente sobre as\u00a0<a href=\"https:\/\/www.metroviarios.org.br\/site\/assembleia-rejeita-plano-de-carreira-e-decreta-estado-de-greve\/\" target=\"_blank\" rel=\"noreferrer noopener nofollow\">reivindica\u00e7\u00f5es dos trabalhadores<\/a>.<\/p>\n<\/p>\n<p><em>Com informa\u00e7\u00f5es  de Willian Moreira, do site MetroCPTM<\/em><\/p>\n<\/p>\n<p>The post <a rel=\"nofollow\" href=\"https:\/\/tvtnews.com.br\/metroviarios-decidem-se-havera-de-greve-no-metro\/\">Greve no Metr\u00f4 ser\u00e1 decidida em assembleia dos metrovi\u00e1rios nesta ter\u00e7a, 3<\/a> appeared first on <a rel=\"nofollow\" href=\"https:\/\/tvtnews.com.br\/\">TVT News<\/a>.<\/p>\n<!-- Begin Yuzo --><div class='yuzo_related_post style-1'  data-version='5.12.89'><!-- without result --><div class='yuzo_clearfixed yuzo__title yuzo__title'><h3>Related Post<\/h3><\/div>\n\t\t\t\t\t\t  <div class=\"relatedthumb \" style=\"width:125px;float:left;overflow:hidden;\">  \n\t\t\t\t\t\t\t  \n\t\t\t\t\t\t\t  <a  href=\"https:\/\/redept.com.br\/blogosfera\/butantan-se-prepara-para-testar-vacina-contra-gripe-aviaria-em-humanos\/\"  >\n\t\t\t\t\t\t\t\t\t  <div class=\"yuzo-img-wrap \" style=\"width: 125px;height:90px;\">\n\t\t\t\t\t\t\t\t\t\t\n\t\t\t\t\t\t\t\t\t\t<div class=\"yuzo-img\" style=\"background:url('https:\/\/redept.org\/blogosfera\/wp-content\/plugins\/yuzo-related-post\/assets\/images\/default.png') 50% 50% no-repeat;width: 125px;height:90px;margin-bottom: 5px;background-size: cover; \"><\/div>\n\t\t\t\t\t\t\t\t\t  <\/div>\n\t\t\t\t\t\t\t\t\t  \n\t\t\t\t\t\t\t\t   <span class=\"yuzo__text--title\" style=\"font-size:13px;\">Butantan se prepara para testar vacina contra grip...<\/span>\n\t\t\t\t\t\t\t  \n\t\t\t\t\t\t\t  \n\t\t\t\t\t\t\t  <\/a>\n\n\t\t\t\t\t\t  <\/div>\n\t\t\t\t\t\t  <div class=\"relatedthumb \" style=\"width:125px;float:left;overflow:hidden;\">  \n\t\t\t\t\t\t\t  \n\t\t\t\t\t\t\t  <a  href=\"https:\/\/redept.com.br\/blogosfera\/pacote-anti-crime-apoiado-por-nunes-quer-gcm-com-fuzis-e-repressao-aos-pancadoes-de-funk\/\"  >\n\t\t\t\t\t\t\t\t\t  <div class=\"yuzo-img-wrap \" style=\"width: 125px;height:90px;\">\n\t\t\t\t\t\t\t\t\t\t\n\t\t\t\t\t\t\t\t\t\t<div class=\"yuzo-img\" style=\"background:url('https:\/\/redept.org\/blogosfera\/wp-content\/plugins\/yuzo-related-post\/assets\/images\/default.png') 50% 50% no-repeat;width: 125px;height:90px;margin-bottom: 5px;background-size: cover; \"><\/div>\n\t\t\t\t\t\t\t\t\t  <\/div>\n\t\t\t\t\t\t\t\t\t  \n\t\t\t\t\t\t\t\t   <span class=\"yuzo__text--title\" style=\"font-size:13px;\">Pacote anti-crime apoiado por Nunes quer GCM com f...<\/span>\n\t\t\t\t\t\t\t  \n\t\t\t\t\t\t\t  \n\t\t\t\t\t\t\t  <\/a>\n\n\t\t\t\t\t\t  <\/div>\n\t\t\t\t\t\t  <div class=\"relatedthumb \" style=\"width:125px;float:left;overflow:hidden;\">  \n\t\t\t\t\t\t\t  \n\t\t\t\t\t\t\t  <a  href=\"https:\/\/redept.com.br\/blogosfera\/portos-brasileiros-tem-crescimento-historico-ampliam-investimentos-e-fortalecem-logistica\/\"  >\n\t\t\t\t\t\t\t\t\t  <div class=\"yuzo-img-wrap \" style=\"width: 125px;height:90px;\">\n\t\t\t\t\t\t\t\t\t\t\n\t\t\t\t\t\t\t\t\t\t<div class=\"yuzo-img\" style=\"background:url('https:\/\/redept.org\/blogosfera\/wp-content\/plugins\/yuzo-related-post\/assets\/images\/default.png') 50% 50% no-repeat;width: 125px;height:90px;margin-bottom: 5px;background-size: cover; \"><\/div>\n\t\t\t\t\t\t\t\t\t  <\/div>\n\t\t\t\t\t\t\t\t\t  \n\t\t\t\t\t\t\t\t   <span class=\"yuzo__text--title\" style=\"font-size:13px;\">Portos brasileiros t\u00eam crescimento hist\u00f3rico, ampl...<\/span>\n\t\t\t\t\t\t\t  \n\t\t\t\t\t\t\t  \n\t\t\t\t\t\t\t  <\/a>\n\n\t\t\t\t\t\t  <\/div>\n\t\t\t\t\t\t  <div class=\"relatedthumb \" style=\"width:125px;float:left;overflow:hidden;\">  \n\t\t\t\t\t\t\t  \n\t\t\t\t\t\t\t  <a  href=\"https:\/\/sul21.com.br\/noticias\/geral\/2025\/09\/prefeitura-promete-revitalizacao-de-praca-no-bairro-floresta\/\"  >\n\t\t\t\t\t\t\t\t\t  <div class=\"yuzo-img-wrap \" style=\"width: 125px;height:90px;\">\n\t\t\t\t\t\t\t\t\t\t\n\t\t\t\t\t\t\t\t\t\t<div class=\"yuzo-img\" style=\"background:url('https:\/\/redept.org\/blogosfera\/wp-content\/plugins\/yuzo-related-post\/assets\/images\/default.png') 50% 50% no-repeat;width: 125px;height:90px;margin-bottom: 5px;background-size: cover; \"><\/div>\n\t\t\t\t\t\t\t\t\t  <\/div>\n\t\t\t\t\t\t\t\t\t  \n\t\t\t\t\t\t\t\t   <span class=\"yuzo__text--title\" style=\"font-size:13px;\">Prefeitura promete revitaliza\u00e7\u00e3o de pra\u00e7a no bairr...<\/span>\n\t\t\t\t\t\t\t  \n\t\t\t\t\t\t\t  \n\t\t\t\t\t\t\t  <\/a>\n\n\t\t\t\t\t\t  <\/div>\n<\/div> <script>\n\t\t\t\t\t\t  jQuery(document).ready(function( $ ){\n\t\t\t\t\t\t\t\/\/jQuery('.yuzo_related_post').equalizer({ overflow : 'relatedthumb' });\n\t\t\t\t\t\t\tjQuery('.yuzo_related_post .yuzo_wraps').equalizer({ columns : '> div' });\n\t\t\t\t\t\t   })\n\t\t\t\t\t\t  <\/script> <!-- End Yuzo :) -->","protected":false},"excerpt":{"rendered":"<p>Metrovi\u00e1rios est\u00e3o em estado de greve desde o dia 10 de fevereiro. Assembleia que ser\u00e1 realizada hoje, 3 de mar\u00e7o, a partir das 18h30, vai decidir se os trabalhadores do Metr\u00f4 far\u00e3o paralisa\u00e7\u00e3o. Leia em TVT News. Metrovi\u00e1rios decidem, hoje, a possibilidade de greve no Metr\u00f4 Em assembleia marcada para a noite desta ter\u00e7a-feira, 3, [&hellip;]<\/p>\n","protected":false},"author":2,"featured_media":0,"comment_status":"open","ping_status":"closed","sticky":false,"template":"","format":"standard","meta":{"fifu_image_url":"","fifu_image_alt":"","footnotes":""},"categories":[489,94,756,2921],"tags":[],"class_list":["post-76474","post","type-post","status-publish","format-standard","hentry","category-destaque-pequeno","category-geral","category-greve","category-transportes"],"_links":{"self":[{"href":"https:\/\/redept.com.br\/blogosfera\/wp-json\/wp\/v2\/posts\/76474","targetHints":{"allow":["GET"]}}],"collection":[{"href":"https:\/\/redept.com.br\/blogosfera\/wp-json\/wp\/v2\/posts"}],"about":[{"href":"https:\/\/redept.com.br\/blogosfera\/wp-json\/wp\/v2\/types\/post"}],"author":[{"embeddable":true,"href":"https:\/\/redept.com.br\/blogosfera\/wp-json\/wp\/v2\/users\/2"}],"replies":[{"embeddable":true,"href":"https:\/\/redept.com.br\/blogosfera\/wp-json\/wp\/v2\/comments?post=76474"}],"version-history":[{"count":0,"href":"https:\/\/redept.com.br\/blogosfera\/wp-json\/wp\/v2\/posts\/76474\/revisions"}],"wp:attachment":[{"href":"https:\/\/redept.com.br\/blogosfera\/wp-json\/wp\/v2\/media?parent=76474"}],"wp:term":[{"taxonomy":"category","embeddable":true,"href":"https:\/\/redept.com.br\/blogosfera\/wp-json\/wp\/v2\/categories?post=76474"},{"taxonomy":"post_tag","embeddable":true,"href":"https:\/\/redept.com.br\/blogosfera\/wp-json\/wp\/v2\/tags?post=76474"}],"curies":[{"name":"wp","href":"https:\/\/api.w.org\/{rel}","templated":true}]}}