{"id":76576,"date":"2026-03-03T17:05:16","date_gmt":"2026-03-03T20:05:16","guid":{"rendered":"https:\/\/redept.com.br\/blogosfera\/ataque-ao-ira-a-hipocrisia-como-legitimacao\/"},"modified":"2026-03-03T17:05:16","modified_gmt":"2026-03-03T20:05:16","slug":"ataque-ao-ira-a-hipocrisia-como-legitimacao","status":"publish","type":"post","link":"https:\/\/redept.com.br\/blogosfera\/ataque-ao-ira-a-hipocrisia-como-legitimacao\/","title":{"rendered":"Ataque ao Ir\u00e3: A hipocrisia como legitima\u00e7\u00e3o"},"content":{"rendered":"<figure><img loading=\"lazy\" loading=\"lazy\" decoding=\"async\" width=\"1280\" height=\"850\"src=\"https:\/\/redept.com.br\/blogosfera\/wp-content\/uploads\/2026\/03\/photo_4987953470736370596_y.jpg\" alt=\"\" srcset=\"https:\/\/redept.com.br\/blogosfera\/wp-content\/uploads\/2026\/03\/photo_4987953470736370596_y.jpg 1280w, https:\/\/estaticos.opara.me\/outraspalavras\/uploads\/2026\/03\/03170027\/photo_4987953470736370596_y-300x199.jpg 300w, https:\/\/estaticos.opara.me\/outraspalavras\/uploads\/2026\/03\/03170027\/photo_4987953470736370596_y-768x510.jpg 768w, https:\/\/estaticos.opara.me\/outraspalavras\/uploads\/2026\/03\/03170027\/photo_4987953470736370596_y-272x182.jpg 272w\" sizes=\"auto, (max-width: 1280px) 100vw, 1280px\"><figcaption>Destrui\u00e7\u00e3o ap\u00f3s um ataque conjunto de Israel e dos EUA ao Hospital Gandhi, em meio ao conflito entre EUA e Israel com o Ir\u00e3, em Teer\u00e3, Ir\u00e3. Foto Majid Asgaripour\/West Asia News Agency<\/figcaption><\/figure>\n<div>\n<div>\n<div>\n<div>\n<div>\n<div>\n<div>\n<h4>Boletim Outras Palavras<\/h4>\n<p>Receba por email, diariamente, todas as publica\u00e7\u00f5es do site<\/p>\n<\/p><\/div>\n<div>\n<div>\n<div>\n<div>\n<div><\/div>\n<\/p><\/div>\n<\/p><\/div>\n<div>\n                <button type=\"submit\">Assinar<\/button><br \/>\n                <button disabled type=\"button\"> <\/p>\n<div><\/div>\n<p> <span>Loading&#8230;<\/span> <\/button>\n              <\/div>\n<\/p><\/div>\n<\/p><\/div>\n<div>\n            <button type=\"submit\">Assinar<\/button><br \/>\n            <button disabled type=\"button\"> <\/p>\n<div><\/div>\n<p> <span>Loading&#8230;<\/span> <\/button>\n          <\/div>\n<\/p><\/div>\n<div>\n<div>\n<h4>Agradecemos!<\/h4>\n<p>Voc\u00ea j\u00e1 est\u00e1 inscrito e come\u00e7ar\u00e1 a receber os boletins em breve. Boa leitura!<\/p>\n<\/p><\/div>\n<\/p><\/div>\n<\/p><\/div>\n<\/p><\/div>\n<\/div>\n<\/div>\n<\/div>\n<p>Parafraseando um jornal\u00e3o asqueroso: ningu\u00e9m deveria chorar pela hipocrisia.<\/p>\n<p>A hipocrisia organiza o discurso das pot\u00eancias quando a for\u00e7a precisa adquirir apar\u00eancia de legitimidade. Diante dos ataques dos Estados Unidos ao Ir\u00e3, a quest\u00e3o central envolve interesses concretos que n\u00e3o aparecem com clareza na narrativa p\u00fablica e no discurso oficial.<\/p>\n<p>O Ir\u00e3 ocupa posi\u00e7\u00e3o sens\u00edvel na geografia do petr\u00f3leo e na arquitetura militar do Golfo. O entorno do Estreito de Ormuz, a influ\u00eancia no Iraque e na S\u00edria, a capacidade de pressionar Israel por meio de aliados regionais comp\u00f5em um quadro de disputa por hegemonia. Washington atua para preservar superioridade militar e margem de manobra pol\u00edtica em uma regi\u00e3o decisiva para o equil\u00edbrio energ\u00e9tico global. N\u00e3o tem nada a ver com aiatol\u00e1s, opress\u00e3o de minorias e defesa de valores.<\/p>\n<div>\n<div><img loading=\"lazy\" loading=\"lazy\" decoding=\"async\"src=\"https:\/\/redept.com.br\/blogosfera\/wp-content\/uploads\/2026\/03\/14-3.png\" alt=\"\" srcset=\"https:\/\/redept.com.br\/blogosfera\/wp-content\/uploads\/2026\/03\/14-3.png 680w, https:\/\/estaticos.opara.me\/outraspalavras\/uploads\/2025\/12\/03170248\/14-300x110.png 300w\" sizes=\"auto, (max-width: 680px) 100vw, 680px\" width=\"680\" height=\"250\"><\/div>\n<\/div>\n<p>Quando Teer\u00e3 atinge bases norte-americanas ou brit\u00e2nicas, inclusive instala\u00e7\u00f5es no Chipre, a a\u00e7\u00e3o cumpre fun\u00e7\u00e3o de dissuas\u00e3o. Bases estrangeiras pr\u00f3ximas ao seu territ\u00f3rio representam instrumentos permanentes de proje\u00e7\u00e3o de for\u00e7a. A retalia\u00e7\u00e3o comunica custo e redefine limites de confronto e equil\u00edbrio poss\u00edvel nessa guerra assim\u00e9trica.<\/p>\n<p>A rea\u00e7\u00e3o europeia evidencia alinhamento estrutural com o eixo atl\u00e2ntico. A condena\u00e7\u00e3o concentra-se no contra-ataque iraniano, enquanto o bombardeio inicial recebe enquadramento t\u00e9cnico ou justificativa diplom\u00e1tica. O princ\u00edpio da soberania assume peso vari\u00e1vel conforme o ator envolvido. E a velha Europa simplesmente submissa aos EUA.<\/p>\n<p>A ret\u00f3rica da \u201cordem baseada em regras\u201d convive com aplica\u00e7\u00e3o seletiva dessas mesmas regras. Interven\u00e7\u00f5es realizadas por pot\u00eancias centrais s\u00e3o descritas como estabilizadoras. Respostas de Estados fora do bloco dominante entram no registro da amea\u00e7a, da desestabiliza\u00e7\u00e3o e da destrui\u00e7\u00e3o.<\/p>\n<p>A hipocrisia funciona como mecanismo de legitima\u00e7\u00e3o. O imperialismo transforma seus interesses geopol\u00edticos numa f\u00f3rmula de valor universal. A indigna\u00e7\u00e3o escolhe seu objeto, e o debate p\u00fablico acompanha essa escolha, e na maioria das vezes, reproduz acriticamente.<\/p>\n<div>\n<div>\n<p><span><em>Outras Palavras \u00e9 feito por muitas m\u00e3os. Se voc\u00ea valoriza nossa produ\u00e7\u00e3o, contribua com um PIX para <strong>outrosquinhentos@outraspalavras.net<\/strong> e fortale\u00e7a o jornalismo cr\u00edtico.<\/em><\/span><\/p>\n<\/div>\n<\/div>\n<p>The post Ataque ao Ir\u00e3: A hipocrisia como legitima\u00e7\u00e3o appeared first on Outras Palavras.<\/p>\n<!-- Begin Yuzo --><div class='yuzo_related_post style-1'  data-version='5.12.89'><!-- without result --><div class='yuzo_clearfixed yuzo__title yuzo__title'><h3>Related Post<\/h3><\/div>\n\t\t\t\t\t\t  <div class=\"relatedthumb \" style=\"width:125px;float:left;overflow:hidden;\">  \n\t\t\t\t\t\t\t  \n\t\t\t\t\t\t\t  <a  href=\"https:\/\/redept.com.br\/blogosfera\/atual-presidente-do-sindicato-dos-metalurgicos-do-abc-se-encontra-com-lula\/\"  >\n\t\t\t\t\t\t\t\t\t  <div class=\"yuzo-img-wrap \" style=\"width: 125px;height:90px;\">\n\t\t\t\t\t\t\t\t\t\t\n\t\t\t\t\t\t\t\t\t\t<div class=\"yuzo-img\" style=\"background:url('https:\/\/redept.com.br\/blogosfera\/wp-content\/uploads\/2025\/10\/LULA-SINDICATO-Foto-de-Jesus-Carlos-para-o-jornal-Em-Tempo-150x150.jpg') 50% 50% no-repeat;width: 125px;height:90px;margin-bottom: 5px;background-size: cover; \"><\/div>\n\t\t\t\t\t\t\t\t\t  <\/div>\n\t\t\t\t\t\t\t\t\t  \n\t\t\t\t\t\t\t\t   <span class=\"yuzo__text--title\" style=\"font-size:13px;\">Atual presidente do Sindicato dos Metal\u00fargicos do ...<\/span>\n\t\t\t\t\t\t\t  \n\t\t\t\t\t\t\t  \n\t\t\t\t\t\t\t  <\/a>\n\n\t\t\t\t\t\t  <\/div>\n\t\t\t\t\t\t  <div class=\"relatedthumb \" style=\"width:125px;float:left;overflow:hidden;\">  \n\t\t\t\t\t\t\t  \n\t\t\t\t\t\t\t  <a  href=\"https:\/\/sul21.com.br\/noticias\/saude\/2025\/09\/hospital-conceicao-tem-surto-de-covid-62-casos-foram-registrados-desde-o-dia-16-de-agosto\/\"  >\n\t\t\t\t\t\t\t\t\t  <div class=\"yuzo-img-wrap \" style=\"width: 125px;height:90px;\">\n\t\t\t\t\t\t\t\t\t\t\n\t\t\t\t\t\t\t\t\t\t<div class=\"yuzo-img\" style=\"background:url('https:\/\/redept.org\/blogosfera\/wp-content\/plugins\/yuzo-related-post\/assets\/images\/default.png') 50% 50% no-repeat;width: 125px;height:90px;margin-bottom: 5px;background-size: cover; \"><\/div>\n\t\t\t\t\t\t\t\t\t  <\/div>\n\t\t\t\t\t\t\t\t\t  \n\t\t\t\t\t\t\t\t   <span class=\"yuzo__text--title\" style=\"font-size:13px;\">Hospital Concei\u00e7\u00e3o tem surto de covid; 62 casos fo...<\/span>\n\t\t\t\t\t\t\t  \n\t\t\t\t\t\t\t  \n\t\t\t\t\t\t\t  <\/a>\n\n\t\t\t\t\t\t  <\/div>\n\t\t\t\t\t\t  <div class=\"relatedthumb \" style=\"width:125px;float:left;overflow:hidden;\">  \n\t\t\t\t\t\t\t  \n\t\t\t\t\t\t\t  <a  href=\"https:\/\/redept.com.br\/blogosfera\/noticias-do-dia-com-o-jornal-tvt-news-segunda-edicao-29-08-2025\/\"  >\n\t\t\t\t\t\t\t\t\t  <div class=\"yuzo-img-wrap \" style=\"width: 125px;height:90px;\">\n\t\t\t\t\t\t\t\t\t\t\n\t\t\t\t\t\t\t\t\t\t<div class=\"yuzo-img\" style=\"background:url('https:\/\/redept.com.br\/blogosfera\/wp-content\/uploads\/2025\/08\/jornal_tvt_news-38-150x150.jpeg') 50% 50% no-repeat;width: 125px;height:90px;margin-bottom: 5px;background-size: cover; \"><\/div>\n\t\t\t\t\t\t\t\t\t  <\/div>\n\t\t\t\t\t\t\t\t\t  \n\t\t\t\t\t\t\t\t   <span class=\"yuzo__text--title\" style=\"font-size:13px;\">Not\u00edcias do dia com o Jornal TVT News Segunda Edi\u00e7...<\/span>\n\t\t\t\t\t\t\t  \n\t\t\t\t\t\t\t  \n\t\t\t\t\t\t\t  <\/a>\n\n\t\t\t\t\t\t  <\/div>\n\t\t\t\t\t\t  <div class=\"relatedthumb \" style=\"width:125px;float:left;overflow:hidden;\">  \n\t\t\t\t\t\t\t  \n\t\t\t\t\t\t\t  <a  href=\"https:\/\/redept.com.br\/blogosfera\/brics-quer-codigo-aberto-e-regulacao-da-ia-para-proteger-soberania-e-direitos\/\"  >\n\t\t\t\t\t\t\t\t\t  <div class=\"yuzo-img-wrap \" style=\"width: 125px;height:90px;\">\n\t\t\t\t\t\t\t\t\t\t\n\t\t\t\t\t\t\t\t\t\t<div class=\"yuzo-img\" style=\"background:url('https:\/\/redept.com.br\/blogosfera\/wp-content\/uploads\/2025\/07\/ok-brics_Foto-Ricardo-Stuckert-_-PR--150x150.jpg') 50% 50% no-repeat;width: 125px;height:90px;margin-bottom: 5px;background-size: cover; \"><\/div>\n\t\t\t\t\t\t\t\t\t  <\/div>\n\t\t\t\t\t\t\t\t\t  \n\t\t\t\t\t\t\t\t   <span class=\"yuzo__text--title\" style=\"font-size:13px;\">Brics quer c\u00f3digo aberto e regula\u00e7\u00e3o da IA para pr...<\/span>\n\t\t\t\t\t\t\t  \n\t\t\t\t\t\t\t  \n\t\t\t\t\t\t\t  <\/a>\n\n\t\t\t\t\t\t  <\/div>\n<\/div> <script>\n\t\t\t\t\t\t  jQuery(document).ready(function( $ ){\n\t\t\t\t\t\t\t\/\/jQuery('.yuzo_related_post').equalizer({ overflow : 'relatedthumb' });\n\t\t\t\t\t\t\tjQuery('.yuzo_related_post .yuzo_wraps').equalizer({ columns : '> div' });\n\t\t\t\t\t\t   })\n\t\t\t\t\t\t  <\/script> <!-- End Yuzo :) -->","protected":false},"excerpt":{"rendered":"<p>Editoriais asquerosos e cobertura focam no contra-ataque \u00e0s bases militares dos EUA \u2013 dissuas\u00e3o leg\u00edtima em uma guerra assim\u00e9trica. O bombardeio inicial ganha \u201cjustificativa diplom\u00e1tica\u201d. E as \u201cfaixas de Gaza\u201d se espalham com apoio passivo da opini\u00e3o p\u00fablica<\/p>\n<p>The post <a href=\"https:\/\/outraspalavras.net\/geopoliticaeguerra\/ataque-ao-ira-a-hipocrisia-como-legitimacao\/\">Ataque ao Ir\u00e3: A hipocrisia como legitima\u00e7\u00e3o<\/a> appeared first on <a href=\"https:\/\/outraspalavras.net\/\">Outras Palavras<\/a>.<\/p>\n","protected":false},"author":2,"featured_media":76577,"comment_status":"open","ping_status":"closed","sticky":false,"template":"","format":"standard","meta":{"fifu_image_url":"","fifu_image_alt":"","footnotes":""},"categories":[2038,8588,37390,37391,292,9,40,5700,6616,14258,41,25,519,1141,267,37392,8824],"tags":[],"class_list":["post-76576","post","type-post","status-publish","format-standard","has-post-thumbnail","hentry","category-arabia-saudita","category-ataque-ao-ira","category-bloqueio-de-ormuz","category-bombardeio-ao-ira","category-china","category-eua","category-europa","category-geopolitica-guerra","category-governo-trump","category-hipocrisia","category-ira","category-israel","category-libano","category-ocidente","category-onu","category-orientemedio","category-programa-nuclear-iraniano"],"_links":{"self":[{"href":"https:\/\/redept.com.br\/blogosfera\/wp-json\/wp\/v2\/posts\/76576","targetHints":{"allow":["GET"]}}],"collection":[{"href":"https:\/\/redept.com.br\/blogosfera\/wp-json\/wp\/v2\/posts"}],"about":[{"href":"https:\/\/redept.com.br\/blogosfera\/wp-json\/wp\/v2\/types\/post"}],"author":[{"embeddable":true,"href":"https:\/\/redept.com.br\/blogosfera\/wp-json\/wp\/v2\/users\/2"}],"replies":[{"embeddable":true,"href":"https:\/\/redept.com.br\/blogosfera\/wp-json\/wp\/v2\/comments?post=76576"}],"version-history":[{"count":0,"href":"https:\/\/redept.com.br\/blogosfera\/wp-json\/wp\/v2\/posts\/76576\/revisions"}],"wp:featuredmedia":[{"embeddable":true,"href":"https:\/\/redept.com.br\/blogosfera\/wp-json\/wp\/v2\/media\/76577"}],"wp:attachment":[{"href":"https:\/\/redept.com.br\/blogosfera\/wp-json\/wp\/v2\/media?parent=76576"}],"wp:term":[{"taxonomy":"category","embeddable":true,"href":"https:\/\/redept.com.br\/blogosfera\/wp-json\/wp\/v2\/categories?post=76576"},{"taxonomy":"post_tag","embeddable":true,"href":"https:\/\/redept.com.br\/blogosfera\/wp-json\/wp\/v2\/tags?post=76576"}],"curies":[{"name":"wp","href":"https:\/\/api.w.org\/{rel}","templated":true}]}}