{"id":76711,"date":"2026-03-04T17:50:18","date_gmt":"2026-03-04T20:50:18","guid":{"rendered":"https:\/\/redept.com.br\/blogosfera\/mais-de-1-milhao-de-motoristas-tiveram-cnh-renovada-automaticamente-com-o-bom-condutor\/"},"modified":"2026-03-04T17:50:18","modified_gmt":"2026-03-04T20:50:18","slug":"mais-de-1-milhao-de-motoristas-tiveram-cnh-renovada-automaticamente-com-o-bom-condutor","status":"publish","type":"post","link":"https:\/\/redept.com.br\/blogosfera\/mais-de-1-milhao-de-motoristas-tiveram-cnh-renovada-automaticamente-com-o-bom-condutor\/","title":{"rendered":"Mais de 1 milh\u00e3o de motoristas tiveram CNH renovada automaticamente com o Bom Condutor"},"content":{"rendered":"<p>Sem necessidade de agendamento ou pagamento de taxas, 1.151.811 motoristas j\u00e1 tiveram a Carteira Nacional de Habilita\u00e7\u00e3o (CNH) renovada automaticamente em pouco menos de tr\u00eas meses ap\u00f3s a publica\u00e7\u00e3o da Medida Provis\u00f3ria n\u00ba 1.327\/2025, conhecida como <a href=\"https:\/\/tvtnews.com.br\/323-mil-motoristas-cnh-renovacao-automatica\/\">MP do Bom Condutor<\/a>. A iniciativa simplifica o processo e elimina etapas presenciais para os condutores que atendem aos crit\u00e9rios estabelecidos. Leia em <strong><a href=\"https:\/\/tvtnews.com.br\/\">TVT News<\/a><\/strong>. <\/p>\n<p>A a\u00e7\u00e3o integra o programa CNH do Brasil e \u00e9 destinada a motoristas que n\u00e3o cometeram infra\u00e7\u00f5es sujeitas \u00e0 pontua\u00e7\u00e3o nos \u00faltimos 12 meses, dentre outras restri\u00e7\u00f5es. De acordo com a Secretaria Nacional de Tr\u00e2nsito (Senatran), a medida j\u00e1 proporcionou uma economia de R$ 854,8 milh\u00f5es \u00e0 popula\u00e7\u00e3o.<\/p>\n<p><strong>PROCESSAMENTO EM LOTES<\/strong>\u00a0\u2014 A renova\u00e7\u00e3o est\u00e1 sendo realizada, neste momento, por meio de processamento em lotes, observando o prazo legal de at\u00e9 30 dias depois que o documento vence, per\u00edodo em que o condutor pode circular regularmente, conforme previsto na legisla\u00e7\u00e3o de tr\u00e2nsito.\u00a0<\/p>\n<p>O modelo de renova\u00e7\u00e3o autom\u00e1tica di\u00e1ria, com atualiza\u00e7\u00e3o no exato momento do vencimento, est\u00e1 sendo desenvolvido e ser\u00e1 implementado em breve. A vers\u00e3o digital da CNH passa a ter validade imediata, com possibilidade de emiss\u00e3o do documento f\u00edsico mediante solicita\u00e7\u00e3o.<\/p>\n<p><strong>RESTRI\u00c7\u00d5ES<\/strong>\u00a0\u2014 Conforme estabelece a MP do Bom Condutor, o benef\u00edcio n\u00e3o se aplica a motoristas com 70 anos ou mais, a condutores com restri\u00e7\u00f5es m\u00e9dicas que reduzam o prazo de validade da habilita\u00e7\u00e3o, nem \u00e0queles com o documento vencido h\u00e1 mais de 30 dias. Para pessoas com idade entre 50 e 69 anos, a renova\u00e7\u00e3o autom\u00e1tica poder\u00e1 ser utilizada uma \u00fanica vez.<\/p>\n<p><strong>REGI\u00d5ES<\/strong>\u00a0\u2014 As regi\u00f5es Sudeste e Sul concentram o maior volume de renova\u00e7\u00f5es autom\u00e1ticas da CNH registradas at\u00e9 o momento. Entre os estados, S\u00e3o Paulo lidera o ranking, seguido por Minas Gerais e Rio de Janeiro.<\/p>\n<figure><\/figure>\n<p>Regi\u00f5es Sudeste e Sul concentram o maior volume de renova\u00e7\u00f5es autom\u00e1ticas da CNH registradas at\u00e9 o momento.<\/p>\n<p><strong>REGULARIZA\u00c7\u00c3O\u00a0<\/strong>\u2014 Ao reduzir burocracias e custos, a CNH do Brasil amplia o acesso \u00e0 habilita\u00e7\u00e3o e contribui para diminuir o n\u00famero de pessoas que dirigem sem carteira. Desde 9 de dezembro de 2025, mais de 16 mil condutores emitiram o documento no formato digital.\u00a0<\/p>\n<p>O secret\u00e1rio nacional de Tr\u00e2nsito, Adrualdo Cat\u00e3o, afirma que parte significativa dos interessados em obter a primeira habilita\u00e7\u00e3o j\u00e1 possu\u00eda ve\u00edculo, mas ainda n\u00e3o tinha o documento. \u201cO programa est\u00e1 atingindo seu objetivo, que \u00e9 formalizar aquelas pessoas que j\u00e1 dirigiam carro e pilotavam motocicleta sem a habilita\u00e7\u00e3o\u201d, explica.<\/p>\n<p><strong>PLATAFORMA\u00a0<\/strong>\u2014 O aplicativo da CNH do Brasil soma mais de 52 milh\u00f5es de usu\u00e1rios ativos em todo o pa\u00eds. Pela plataforma, 3.656.070 pessoas j\u00e1 iniciaram o curso de forma\u00e7\u00e3o de condutores, utilizando o ambiente digital para avan\u00e7ar no processo de obten\u00e7\u00e3o da habilita\u00e7\u00e3o.<\/p>\n<p><em>Via <a href=\"https:\/\/www.gov.br\/secom\/pt-br\/acompanhe-a-secom\/noticias\/2026\/03\/mais-de-1-milhao-de-motoristas-tiveram-cnh-renovada-automaticamente-com-o-bom-condutor\" target=\"_blank\" rel=\"noopener noreferrer nofollow\">Secom<\/a><\/em><\/p>\n<\/p>\n<p>The post <a rel=\"nofollow\" href=\"https:\/\/tvtnews.com.br\/mais-de-1-milhao-de-motoristas-tiveram-cnh-renovada-automaticamente-com-o-bom-condutor\/\">Mais de 1 milh\u00e3o de motoristas tiveram CNH renovada automaticamente com o Bom Condutor<\/a> appeared first on <a rel=\"nofollow\" href=\"https:\/\/tvtnews.com.br\/\">TVT News<\/a>.<\/p>\n<!-- Begin Yuzo --><div class='yuzo_related_post style-1'  data-version='5.12.89'><!-- without result --><div class='yuzo_clearfixed yuzo__title yuzo__title'><h3>Related Post<\/h3><\/div>\n\t\t\t\t\t\t  <div class=\"relatedthumb \" style=\"width:125px;float:left;overflow:hidden;\">  \n\t\t\t\t\t\t\t  \n\t\t\t\t\t\t\t  <a  href=\"https:\/\/redept.com.br\/blogosfera\/stf-forma-maioria-para-condenar-debora-que-pixou-estatua-a-14-anos-de-prisao\/\"  >\n\t\t\t\t\t\t\t\t\t  <div class=\"yuzo-img-wrap \" style=\"width: 125px;height:90px;\">\n\t\t\t\t\t\t\t\t\t\t\n\t\t\t\t\t\t\t\t\t\t<div class=\"yuzo-img\" style=\"background:url('https:\/\/redept.com.br\/blogosfera\/wp-content\/uploads\/2025\/04\/Debora-150x150.jpg') 50% 50% no-repeat;width: 125px;height:90px;margin-bottom: 5px;background-size: cover; \"><\/div>\n\t\t\t\t\t\t\t\t\t  <\/div>\n\t\t\t\t\t\t\t\t\t  \n\t\t\t\t\t\t\t\t   <span class=\"yuzo__text--title\" style=\"font-size:13px;\">STF forma maioria para condenar D\u00e9bora, que pixou ...<\/span>\n\t\t\t\t\t\t\t  \n\t\t\t\t\t\t\t  \n\t\t\t\t\t\t\t  <\/a>\n\n\t\t\t\t\t\t  <\/div>\n\t\t\t\t\t\t  <div class=\"relatedthumb \" style=\"width:125px;float:left;overflow:hidden;\">  \n\t\t\t\t\t\t\t  \n\t\t\t\t\t\t\t  <a  href=\"https:\/\/redept.com.br\/blogosfera\/em-rondonia-mae-aciona-policia-e-bombeiros-apos-filha-defender-palestina-livre-video\/\"  >\n\t\t\t\t\t\t\t\t\t  <div class=\"yuzo-img-wrap \" style=\"width: 125px;height:90px;\">\n\t\t\t\t\t\t\t\t\t\t\n\t\t\t\t\t\t\t\t\t\t<div class=\"yuzo-img\" style=\"background:url('https:\/\/redept.org\/blogosfera\/wp-content\/plugins\/yuzo-related-post\/assets\/images\/default.png') 50% 50% no-repeat;width: 125px;height:90px;margin-bottom: 5px;background-size: cover; \"><\/div>\n\t\t\t\t\t\t\t\t\t  <\/div>\n\t\t\t\t\t\t\t\t\t  \n\t\t\t\t\t\t\t\t   <span class=\"yuzo__text--title\" style=\"font-size:13px;\">Em Rond\u00f4nia, m\u00e3e aciona pol\u00edcia e bombeiros ap\u00f3s f...<\/span>\n\t\t\t\t\t\t\t  \n\t\t\t\t\t\t\t  \n\t\t\t\t\t\t\t  <\/a>\n\n\t\t\t\t\t\t  <\/div>\n\t\t\t\t\t\t  <div class=\"relatedthumb \" style=\"width:125px;float:left;overflow:hidden;\">  \n\t\t\t\t\t\t\t  \n\t\t\t\t\t\t\t  <a  href=\"https:\/\/www.pragmatismopolitico.com.br\/2025\/08\/edir-macedo-sobre-pastor-da-igreja-universal-que-tirou-a-propria-vida-problema-e-dele.html\"  >\n\t\t\t\t\t\t\t\t\t  <div class=\"yuzo-img-wrap \" style=\"width: 125px;height:90px;\">\n\t\t\t\t\t\t\t\t\t\t\n\t\t\t\t\t\t\t\t\t\t<div class=\"yuzo-img\" style=\"background:url('https:\/\/www.pragmatismopolitico.com.br\/wp-content\/uploads\/2025\/08\/edir-macedo.jpg') 50% 50% no-repeat;width: 125px;height:90px;margin-bottom: 5px;background-size: cover; \"><\/div>\n\t\t\t\t\t\t\t\t\t  <\/div>\n\t\t\t\t\t\t\t\t\t  \n\t\t\t\t\t\t\t\t   <span class=\"yuzo__text--title\" style=\"font-size:13px;\">Edir Macedo sobre pastor da Igreja Universal que t...<\/span>\n\t\t\t\t\t\t\t  \n\t\t\t\t\t\t\t  \n\t\t\t\t\t\t\t  <\/a>\n\n\t\t\t\t\t\t  <\/div>\n\t\t\t\t\t\t  <div class=\"relatedthumb \" style=\"width:125px;float:left;overflow:hidden;\">  \n\t\t\t\t\t\t\t  \n\t\t\t\t\t\t\t  <a  href=\"https:\/\/sul21.com.br\/noticias\/geral\/2025\/10\/em-12-anos-665-dos-jovens-conseguiram-deixar-o-bolsa-familia-aponta-estudo\/\"  >\n\t\t\t\t\t\t\t\t\t  <div class=\"yuzo-img-wrap \" style=\"width: 125px;height:90px;\">\n\t\t\t\t\t\t\t\t\t\t\n\t\t\t\t\t\t\t\t\t\t<div class=\"yuzo-img\" style=\"background:url('https:\/\/agenciabrasil.ebc.com.br\/ebc.png?id=1663931&amp;o=node') 50% 50% no-repeat;width: 125px;height:90px;margin-bottom: 5px;background-size: cover; \"><\/div>\n\t\t\t\t\t\t\t\t\t  <\/div>\n\t\t\t\t\t\t\t\t\t  \n\t\t\t\t\t\t\t\t   <span class=\"yuzo__text--title\" style=\"font-size:13px;\">Em 12 anos, 66,5% dos jovens conseguiram deixar o ...<\/span>\n\t\t\t\t\t\t\t  \n\t\t\t\t\t\t\t  \n\t\t\t\t\t\t\t  <\/a>\n\n\t\t\t\t\t\t  <\/div>\n<\/div> <script>\n\t\t\t\t\t\t  jQuery(document).ready(function( $ ){\n\t\t\t\t\t\t\t\/\/jQuery('.yuzo_related_post').equalizer({ overflow : 'relatedthumb' });\n\t\t\t\t\t\t\tjQuery('.yuzo_related_post .yuzo_wraps').equalizer({ columns : '> div' });\n\t\t\t\t\t\t   })\n\t\t\t\t\t\t  <\/script> <!-- End Yuzo :) -->","protected":false},"excerpt":{"rendered":"<p>Sem necessidade de agendamento ou pagamento de taxas, 1.151.811 motoristas j\u00e1 tiveram a Carteira Nacional de Habilita\u00e7\u00e3o (CNH) renovada automaticamente em pouco menos de tr\u00eas meses ap\u00f3s a publica\u00e7\u00e3o da Medida Provis\u00f3ria n\u00ba 1.327\/2025, conhecida como MP do Bom Condutor. A iniciativa simplifica o processo e elimina etapas presenciais para os condutores que atendem aos [&hellip;]<\/p>\n","protected":false},"author":2,"featured_media":0,"comment_status":"open","ping_status":"closed","sticky":false,"template":"","format":"standard","meta":{"fifu_image_url":"","fifu_image_alt":"","footnotes":""},"categories":[264,489,17,2921],"tags":[],"class_list":["post-76711","post","type-post","status-publish","format-standard","hentry","category-cidadania","category-destaque-pequeno","category-governo-lula","category-transportes"],"_links":{"self":[{"href":"https:\/\/redept.com.br\/blogosfera\/wp-json\/wp\/v2\/posts\/76711","targetHints":{"allow":["GET"]}}],"collection":[{"href":"https:\/\/redept.com.br\/blogosfera\/wp-json\/wp\/v2\/posts"}],"about":[{"href":"https:\/\/redept.com.br\/blogosfera\/wp-json\/wp\/v2\/types\/post"}],"author":[{"embeddable":true,"href":"https:\/\/redept.com.br\/blogosfera\/wp-json\/wp\/v2\/users\/2"}],"replies":[{"embeddable":true,"href":"https:\/\/redept.com.br\/blogosfera\/wp-json\/wp\/v2\/comments?post=76711"}],"version-history":[{"count":0,"href":"https:\/\/redept.com.br\/blogosfera\/wp-json\/wp\/v2\/posts\/76711\/revisions"}],"wp:attachment":[{"href":"https:\/\/redept.com.br\/blogosfera\/wp-json\/wp\/v2\/media?parent=76711"}],"wp:term":[{"taxonomy":"category","embeddable":true,"href":"https:\/\/redept.com.br\/blogosfera\/wp-json\/wp\/v2\/categories?post=76711"},{"taxonomy":"post_tag","embeddable":true,"href":"https:\/\/redept.com.br\/blogosfera\/wp-json\/wp\/v2\/tags?post=76711"}],"curies":[{"name":"wp","href":"https:\/\/api.w.org\/{rel}","templated":true}]}}