{"id":76722,"date":"2026-03-04T18:56:11","date_gmt":"2026-03-04T21:56:11","guid":{"rendered":"https:\/\/redept.com.br\/blogosfera\/greve-dos-professores-pode-ser-decidida-na-assembleia-de-6-de-marco\/"},"modified":"2026-03-04T18:56:11","modified_gmt":"2026-03-04T21:56:11","slug":"greve-dos-professores-pode-ser-decidida-na-assembleia-de-6-de-marco","status":"publish","type":"post","link":"https:\/\/redept.com.br\/blogosfera\/greve-dos-professores-pode-ser-decidida-na-assembleia-de-6-de-marco\/","title":{"rendered":"Greve dos professores pode ser decidida na assembleia de 6 de mar\u00e7o"},"content":{"rendered":"<p>No dia <a href=\"https:\/\/tvtnews.com.br\/efemerides-datas-e-feriados-de-marco-de-2026\/\" data-type=\"post\" data-id=\"779945\">6 de mar\u00e7o<\/a>, os <a href=\"https:\/\/tvtnews.com.br\/professores-repudiam-invasao-da-sede-do-apeoesp\/\" data-type=\"post\" data-id=\"775929\">professores da rede p\u00fablica estadual de S\u00e3o Paulo<\/a> far\u00e3o assembleia para decidir os pr\u00f3ximos passos da categoria. H\u00e1 possibilidade dos <a href=\"https:\/\/tvtnews.com.br\/tag\/greve\/\" data-type=\"post_tag\" data-id=\"4757\">professores da rede estadual entrarem em greve<\/a>. Leia em <a href=\"http:\/\/tvtnews.com.br\/\" data-type=\"link\" data-id=\"tvtnews.com.br\" target=\"_blank\" rel=\"noopener noreferrer nofollow\">TVT News<\/a>. <\/p>\n<h2>Qual \u00e9 a pauta da mobiliza\u00e7\u00e3o dos professores<\/h2>\n<ul>\n<li>reajuste do piso nacional no sal\u00e1rio-base;<\/li>\n<li>reajuste do piso nacional na carreira;<\/li>\n<li>fim do abono complementar;<\/li>\n<li>aplica\u00e7\u00e3o correta da jornada do piso;<\/li>\n<li>efesa da escola p\u00fablica frente \u00e0 privatiza\u00e7\u00e3o e \u00e0 militariza\u00e7\u00e3o;<\/li>\n<li>reabertura de classes fechadas;<\/li>\n<li>devolu\u00e7\u00e3o do <a href=\"https:\/\/tvtnews.com.br\/lula-sanciona-lei-descongela-direitos-servidores\/\" data-type=\"post\" data-id=\"775677\">tempo de servi\u00e7o congelado<\/a> no per\u00edodo da pandemia;<\/li>\n<li> garantia de educa\u00e7\u00e3o especial inclusiva<\/li>\n<\/ul>\n<\/p>\n<h2>Assembleia da APEOESP em 6 de mar\u00e7o pode votar indicativo de greve dos professores<\/h2>\n<\/p>\n<p>A APEOESP realiza no dia 6 de mar\u00e7o (sexta-feira), \u00e0s 16 horas, no <a href=\"https:\/\/tvtnews.com.br\/tag\/masp\/\" data-type=\"post_tag\" data-id=\"4749\">v\u00e3o livre do MASP<\/a>, na Avenida Paulista, em S\u00e3o Paulo, a assembleia estadual dos professores. A pauta inclui a possibilidade de vota\u00e7\u00e3o de indicativo de greve das professoras e dos professores, caso n\u00e3o haja avan\u00e7o nas negocia\u00e7\u00f5es em torno das reivindica\u00e7\u00f5es apresentadas ao governo do Estado.<\/p>\n<\/p>\n<p><a href=\"https:\/\/chat.whatsapp.com\/HC8TJaWXK8t4wNAG0oRwZI?mode=gi_t\" target=\"_blank\" rel=\"noreferrer noopener nofollow\">&gt;&gt; Siga o grupo da\u00a0<strong>TVT News\u00a0<\/strong>no WhatsApp<\/a><\/p>\n<\/p>\n<p>Pela manh\u00e3, o Conselho Estadual de Representantes da entidade se reunir\u00e1 para avaliar o andamento da mobiliza\u00e7\u00e3o nas regi\u00f5es e propostas encaminhadas pelas subsedes. As delibera\u00e7\u00f5es ser\u00e3o levadas \u00e0 assembleia da tarde, quando professoras e professores decidir\u00e3o os pr\u00f3ximos encaminhamentos.<\/p>\n<figure>\n<blockquote>\n<p>Mobiliza\u00e7\u00e3o dos professores ser\u00e1 no V\u00e3o Livre do MASP, \u00e0s 16h, com caminhada at\u00e9 a Pra\u00e7a da Rep\u00fablica; categoria luta por reajuste salarial e protesta contra demiss\u00f5es, problemas na atribui\u00e7\u00e3o de aulas e medidas autorit\u00e1rias da SEDUC<\/p>\n<\/blockquote>\n<\/figure>\n<p>Segundo a deputada estadual Professora Bebel (PT), segunda presidenta da APEOESP, o ato ocorre ap\u00f3s um in\u00edcio de ano marcado por demiss\u00f5es, dificuldades na atribui\u00e7\u00e3o de aulas e inseguran\u00e7a na rede. \u201cTemos professores que ainda enfrentam problemas na atribui\u00e7\u00e3o, escolas com instabilidade e uma pol\u00edtica que vem tensionando a carreira. A assembleia \u00e9 o espa\u00e7o leg\u00edtimo da categoria para avaliar esse cen\u00e1rio e decidir coletivamente os rumos do movimento\u201d, afirma Bebel.<\/p>\n<\/p>\n<figure><img fetchpriority=\"high\" fetchpriority=\"high\" decoding=\"async\" width=\"853\" height=\"568\"src=\"https:\/\/redept.com.br\/blogosfera\/wp-content\/uploads\/2026\/03\/assembleia2_.jpg\" alt=\"professores-da-rede-publica-de-sp-seguem-em-luta-por-melhores-condicoes-de-trabalho-manifestacao-do-dia-27-tera-como-pautas-a-defesa-dos-servicos-publicos-e-o-combate-as-privatizacoes-foto-apeoesp-tvt-news\" title=\"Greve dos professores pode ser decidida na assembleia de 6 de mar\u00e7o 1\" srcset=\"https:\/\/redept.com.br\/blogosfera\/wp-content\/uploads\/2026\/03\/assembleia2_.jpg 853w, https:\/\/tvtnews.com.br\/wp-content\/uploads\/2025\/06\/assembleia2_-300x200.jpg 300w, https:\/\/tvtnews.com.br\/wp-content\/uploads\/2025\/06\/assembleia2_-768x511.jpg 768w\" sizes=\"(max-width: 853px) 100vw, 853px\"><figcaption>Deputada Professora Bebel: \u201cn\u00e3o \u00e9 poss\u00edvel falar em qualidade na educa\u00e7\u00e3o com instabilidade na carreira e fechamento de classes\u201d.  Foto: Apeoesp<\/figcaption><\/figure>\n<h2>Professores v\u00e3o deliberar sobre pontos centrais da categoria<\/h2>\n<p>Entre os pontos centrais, a serem deliberados pelos professores, est\u00e3o o reajuste do piso nacional no sal\u00e1rio-base e na carreira, o fim do abono complementar, a aplica\u00e7\u00e3o correta da jornada do piso, a defesa da escola p\u00fablica frente \u00e0 privatiza\u00e7\u00e3o e \u00e0 militariza\u00e7\u00e3o, a retirada da Alesp do PL 1316\/2025 (reforma administrativa da Educa\u00e7\u00e3o), o n\u00e3o \u00e0 reorganiza\u00e7\u00e3o escolar, a reabertura de classes fechadas, a devolu\u00e7\u00e3o do tempo de servi\u00e7o congelado no per\u00edodo da pandemia (2020-2021) e a garantia de educa\u00e7\u00e3o especial inclusiva para estudantes at\u00edpicos e com defici\u00eancia.<\/p>\n<p>A pauta tamb\u00e9m inclui a reivindica\u00e7\u00e3o de que nenhum professor permane\u00e7a sem aula atribu\u00edda e nenhum estudante fique sem professor. A deputada Bebel explica que \u201cn\u00e3o \u00e9 poss\u00edvel falar em qualidade na educa\u00e7\u00e3o com instabilidade na carreira e fechamento de classes. A valoriza\u00e7\u00e3o do magist\u00e9rio \u00e9 condi\u00e7\u00e3o para fortalecer a escola p\u00fablica\u201d.<\/p>\n<p>Ap\u00f3s a assembleia no MASP, est\u00e1 prevista caminhada at\u00e9 a Pra\u00e7a da Rep\u00fablica, onde ocorrer\u00e1 ato unificado com o funcionalismo e movimentos sociais. No mesmo dia e local, \u00e0s 18h30, haver\u00e1 apresenta\u00e7\u00e3o musical gratuita do cantor Chico C\u00e9sar, em tributo \u00e0 educa\u00e7\u00e3o p\u00fablica.<\/p>\n<h2>Os professores da rede estadual de S\u00e3o Paulo podem entrar em greve?<\/h2>\n<p>A possibilidade de greve est\u00e1 colocada no debate da categoria e ser\u00e1 avaliada de forma coletiva. De acordo com a Apeoesp, a greve \u00e9 entendida como um instrumento de press\u00e3o para reverter medidas do governo estadual e obrigar a abertura de negocia\u00e7\u00f5es efetivas.<\/p>\n<p>O Conselho Estadual de Representantes (CER) da\u00a0<a href=\"https:\/\/www.apeoesp.org.br\/\" target=\"_blank\" rel=\"noreferrer noopener nofollow\">Apeoesp<\/a>\u00a0aponta que o tema deve ser discutido desde as escolas, com assembleias regionais e participa\u00e7\u00e3o direta da base, at\u00e9 a delibera\u00e7\u00e3o na assembleia estadual do dia 6 de mar\u00e7o.<\/p>\n<p>Nos \u00faltimos meses, a categoria j\u00e1 realizou uma s\u00e9rie de manifesta\u00e7\u00f5es, reunindo n\u00e3o apenas professores, mas tamb\u00e9m estudantes, outros profissionais da educa\u00e7\u00e3o e movimentos sociais, o que refor\u00e7a o clima de mobiliza\u00e7\u00e3o em todo o estado.<\/p>\n<h2>Confira as datas de mobiliza\u00e7\u00e3o dos professores da rede p\u00fablica de SP<\/h2>\n<p>O calend\u00e1rio divulgado pela Apeoesp re\u00fane uma s\u00e9rie de atividades ao longo de mar\u00e7o:<\/p>\n<ul>\n<li><strong>6 de mar\u00e7o<\/strong>\u00a0\u2013 Assembleia estadual \u00e0s 16h, na Avenida Paulista, com caminhada e ato unificado<\/li>\n<li><strong>8 de mar\u00e7o<\/strong>\u00a0\u2013 Participa\u00e7\u00e3o nas mobiliza\u00e7\u00f5es do\u00a0<a href=\"https:\/\/tvtnews.com.br\/dia-da-mulher-mercado-trabalho-inclusao-desafios\/\">Dia Internacional das Mulheres<\/a><\/li>\n<li><strong>20 de mar\u00e7o<\/strong>\u00a0\u2013 Mobiliza\u00e7\u00e3o do funcionalismo p\u00fablico<\/li>\n<\/ul>\n<p>The post <a rel=\"nofollow\" href=\"https:\/\/tvtnews.com.br\/greve-dos-professores-decisao-na-assembleia-6-marco\/\">Greve dos professores pode ser decidida na assembleia de 6 de mar\u00e7o<\/a> appeared first on <a rel=\"nofollow\" href=\"https:\/\/tvtnews.com.br\/\">TVT News<\/a>.<\/p>\n<!-- Begin Yuzo --><div class='yuzo_related_post style-1'  data-version='5.12.89'><!-- without result --><div class='yuzo_clearfixed yuzo__title yuzo__title'><h3>Related Post<\/h3><\/div>\n\t\t\t\t\t\t  <div class=\"relatedthumb \" style=\"width:125px;float:left;overflow:hidden;\">  \n\t\t\t\t\t\t\t  \n\t\t\t\t\t\t\t  <a  href=\"https:\/\/redept.com.br\/blogosfera\/bianca-borges-e-eleita-presidenta-da-une-com-826-dos-votos\/\"  >\n\t\t\t\t\t\t\t\t\t  <div class=\"yuzo-img-wrap \" style=\"width: 125px;height:90px;\">\n\t\t\t\t\t\t\t\t\t\t\n\t\t\t\t\t\t\t\t\t\t<div class=\"yuzo-img\" style=\"background:url('https:\/\/redept.com.br\/blogosfera\/wp-content\/uploads\/2025\/07\/5181490894728179740-150x150.jpg') 50% 50% no-repeat;width: 125px;height:90px;margin-bottom: 5px;background-size: cover; \"><\/div>\n\t\t\t\t\t\t\t\t\t  <\/div>\n\t\t\t\t\t\t\t\t\t  \n\t\t\t\t\t\t\t\t   <span class=\"yuzo__text--title\" style=\"font-size:13px;\">Bianca Borges \u00e9 eleita presidenta da UNE com 82,6%...<\/span>\n\t\t\t\t\t\t\t  \n\t\t\t\t\t\t\t  \n\t\t\t\t\t\t\t  <\/a>\n\n\t\t\t\t\t\t  <\/div>\n\t\t\t\t\t\t  <div class=\"relatedthumb \" style=\"width:125px;float:left;overflow:hidden;\">  \n\t\t\t\t\t\t\t  \n\t\t\t\t\t\t\t  <a  href=\"https:\/\/redept.com.br\/blogosfera\/lula-recebe-alta-hospitalar-apos-cirurgia-de-catarata-sem-intercorrencias\/\"  >\n\t\t\t\t\t\t\t\t\t  <div class=\"yuzo-img-wrap \" style=\"width: 125px;height:90px;\">\n\t\t\t\t\t\t\t\t\t\t\n\t\t\t\t\t\t\t\t\t\t<div class=\"yuzo-img\" style=\"background:url('https:\/\/redept.com.br\/blogosfera\/wp-content\/uploads\/2026\/01\/lula-brics-julho_Foto-Ricardo-Stuckert-_-PR-150x150.jpg') 50% 50% no-repeat;width: 125px;height:90px;margin-bottom: 5px;background-size: cover; \"><\/div>\n\t\t\t\t\t\t\t\t\t  <\/div>\n\t\t\t\t\t\t\t\t\t  \n\t\t\t\t\t\t\t\t   <span class=\"yuzo__text--title\" style=\"font-size:13px;\">Lula recebe alta hospitalar ap\u00f3s cirurgia de catar...<\/span>\n\t\t\t\t\t\t\t  \n\t\t\t\t\t\t\t  \n\t\t\t\t\t\t\t  <\/a>\n\n\t\t\t\t\t\t  <\/div>\n\t\t\t\t\t\t  <div class=\"relatedthumb \" style=\"width:125px;float:left;overflow:hidden;\">  \n\t\t\t\t\t\t\t  \n\t\t\t\t\t\t\t  <a  href=\"https:\/\/redept.com.br\/blogosfera\/ecologia-sem-luta-de-classes-e-jardinagem-trajetoria-do-pt-na-luta-socioambiental\/\"  >\n\t\t\t\t\t\t\t\t\t  <div class=\"yuzo-img-wrap \" style=\"width: 125px;height:90px;\">\n\t\t\t\t\t\t\t\t\t\t\n\t\t\t\t\t\t\t\t\t\t<div class=\"yuzo-img\" style=\"background:url('https:\/\/redept.org\/blogosfera\/wp-content\/plugins\/yuzo-related-post\/assets\/images\/default.png') 50% 50% no-repeat;width: 125px;height:90px;margin-bottom: 5px;background-size: cover; \"><\/div>\n\t\t\t\t\t\t\t\t\t  <\/div>\n\t\t\t\t\t\t\t\t\t  \n\t\t\t\t\t\t\t\t   <span class=\"yuzo__text--title\" style=\"font-size:13px;\">Ecologia sem luta de classes \u00e9 jardinagem: trajet\u00f3...<\/span>\n\t\t\t\t\t\t\t  \n\t\t\t\t\t\t\t  \n\t\t\t\t\t\t\t  <\/a>\n\n\t\t\t\t\t\t  <\/div>\n\t\t\t\t\t\t  <div class=\"relatedthumb \" style=\"width:125px;float:left;overflow:hidden;\">  \n\t\t\t\t\t\t\t  \n\t\t\t\t\t\t\t  <a  href=\"https:\/\/redept.com.br\/blogosfera\/em-audiencia-no-senado-rubio-ameaca-usar-forca-e-impoe-tutela-a-venezuela\/\"  >\n\t\t\t\t\t\t\t\t\t  <div class=\"yuzo-img-wrap \" style=\"width: 125px;height:90px;\">\n\t\t\t\t\t\t\t\t\t\t\n\t\t\t\t\t\t\t\t\t\t<div class=\"yuzo-img\" style=\"background:url('https:\/\/redept.com.br\/blogosfera\/wp-content\/uploads\/2026\/01\/43c304f8-9e89-4435-a31d-ead868e30cac-150x150.jpeg') 50% 50% no-repeat;width: 125px;height:90px;margin-bottom: 5px;background-size: cover; \"><\/div>\n\t\t\t\t\t\t\t\t\t  <\/div>\n\t\t\t\t\t\t\t\t\t  \n\t\t\t\t\t\t\t\t   <span class=\"yuzo__text--title\" style=\"font-size:13px;\">Em audi\u00eancia no Senado, Rubio amea\u00e7a usar for\u00e7a e ...<\/span>\n\t\t\t\t\t\t\t  \n\t\t\t\t\t\t\t  \n\t\t\t\t\t\t\t  <\/a>\n\n\t\t\t\t\t\t  <\/div>\n<\/div> <script>\n\t\t\t\t\t\t  jQuery(document).ready(function( $ ){\n\t\t\t\t\t\t\t\/\/jQuery('.yuzo_related_post').equalizer({ overflow : 'relatedthumb' });\n\t\t\t\t\t\t\tjQuery('.yuzo_related_post .yuzo_wraps').equalizer({ columns : '> div' });\n\t\t\t\t\t\t   })\n\t\t\t\t\t\t  <\/script> <!-- End Yuzo :) -->","protected":false},"excerpt":{"rendered":"<p>No dia 6 de mar\u00e7o, os professores da rede p\u00fablica estadual de S\u00e3o Paulo far\u00e3o assembleia para decidir os pr\u00f3ximos passos da categoria. H\u00e1 possibilidade dos professores da rede estadual entrarem em greve. Leia em TVT News. Qual \u00e9 a pauta da mobiliza\u00e7\u00e3o dos professores reajuste do piso nacional no sal\u00e1rio-base; reajuste do piso nacional [&hellip;]<\/p>\n","protected":false},"author":2,"featured_media":0,"comment_status":"open","ping_status":"closed","sticky":false,"template":"","format":"standard","meta":{"fifu_image_url":"","fifu_image_alt":"","footnotes":""},"categories":[473,756,2091,29,377],"tags":[],"class_list":["post-76722","post","type-post","status-publish","format-standard","hentry","category-destaque-medio","category-greve","category-professores","category-sao-paulo","category-trabalho"],"_links":{"self":[{"href":"https:\/\/redept.com.br\/blogosfera\/wp-json\/wp\/v2\/posts\/76722","targetHints":{"allow":["GET"]}}],"collection":[{"href":"https:\/\/redept.com.br\/blogosfera\/wp-json\/wp\/v2\/posts"}],"about":[{"href":"https:\/\/redept.com.br\/blogosfera\/wp-json\/wp\/v2\/types\/post"}],"author":[{"embeddable":true,"href":"https:\/\/redept.com.br\/blogosfera\/wp-json\/wp\/v2\/users\/2"}],"replies":[{"embeddable":true,"href":"https:\/\/redept.com.br\/blogosfera\/wp-json\/wp\/v2\/comments?post=76722"}],"version-history":[{"count":0,"href":"https:\/\/redept.com.br\/blogosfera\/wp-json\/wp\/v2\/posts\/76722\/revisions"}],"wp:attachment":[{"href":"https:\/\/redept.com.br\/blogosfera\/wp-json\/wp\/v2\/media?parent=76722"}],"wp:term":[{"taxonomy":"category","embeddable":true,"href":"https:\/\/redept.com.br\/blogosfera\/wp-json\/wp\/v2\/categories?post=76722"},{"taxonomy":"post_tag","embeddable":true,"href":"https:\/\/redept.com.br\/blogosfera\/wp-json\/wp\/v2\/tags?post=76722"}],"curies":[{"name":"wp","href":"https:\/\/api.w.org\/{rel}","templated":true}]}}