{"id":76794,"date":"2026-03-04T19:14:26","date_gmt":"2026-03-04T22:14:26","guid":{"rendered":"https:\/\/redept.com.br\/blogosfera\/com-discurso-religioso-talarico-vence-primarias-dos-democratas-no-texas\/"},"modified":"2026-03-04T19:14:26","modified_gmt":"2026-03-04T22:14:26","slug":"com-discurso-religioso-talarico-vence-primarias-dos-democratas-no-texas","status":"publish","type":"post","link":"https:\/\/redept.com.br\/blogosfera\/com-discurso-religioso-talarico-vence-primarias-dos-democratas-no-texas\/","title":{"rendered":"Com discurso religioso, Talarico vence prim\u00e1rias dos Democratas no Texas"},"content":{"rendered":"<p>O deputado estadual James Talarico, do Partido Democrata conquistou nesta ter\u00e7a-feira (03\/03) as prim\u00e1rias do partido no Texas, colocando em evid\u00eancia uma proje\u00e7\u00e3o pol\u00edtica surprendente. As elei\u00e7\u00f5es prim\u00e1rias que aconteceram no Texas s\u00e3o consideradas hist\u00f3ricas, pois a acirrada disputa ocorre em um estado onde os democratas n\u00e3o vencem uma elei\u00e7\u00e3o estadual h\u00e1 mais de tr\u00eas d\u00e9cadas.<\/p>\n<p>O processo atraiu um n\u00famero recorde de eleitores e uma aten\u00e7\u00e3o nacional desproporcional, ofereceu a Talarico \u00a0um posto de maior relev\u00e2ncia, j\u00e1 que o deputado passou de legislador estadual e e estudante de semin\u00e1rio ao posto de candidato priorit\u00e1rio do partido em uma das disputas centrais do ciclo eleitoral de meio mandato de 2026.<\/p>\n<p>O democrata que traz discursos religiosos segue a linha evang\u00e9lica, com seu slogan de campanha: \u201c\u00e9 hora de come\u00e7ar a virar mesas\u201d. Ele se destaca por ser opositor do nacionalismo crist\u00e3o e cr\u00edtico da lei que obrigaria escolas no Texas a exibirem os Dez Mandamentos nas salas de aula.<\/p>\n<p><span>As prim\u00e1rias do Texas s\u00e3o de extrema import\u00e2ncia para as elei\u00e7\u00f5es de meio mandato, j\u00e1 que funcionam como um bar\u00f4metro pol\u00edtico do segundo semestre. As elei\u00e7\u00f5es de meio-mandato acontecem ap\u00f3s dois anos de uma elei\u00e7\u00e3o presidencial, disputando cadeiras da C\u00e2mara, parte do Senado, alguns governadores e cargos estaduais, al\u00e9m de vota\u00e7\u00f5es sobre leis estaduais.<\/span><\/p>\n<p><span>Segundo o jornal brit\u00e2nico <em>The Guardian<\/em>, horas antes do an\u00fancio do resultado da elei\u00e7\u00e3o, Talarico disse a seus apoiadores em Austin: \u201cn\u00e3o estamos apenas tentando ganhar uma elei\u00e7\u00e3o. Estamos tentando mudar fundamentalmente nossa pol\u00edtica. E est\u00e1 funcionando\u201d.<\/span><\/p>\n<p><span>Talarico derrotou a congressista Jasmine Crockett, que n\u00e3o apresentava inova\u00e7\u00e3o em sua fala, limitando-se a atacar frases do presidente dos Estados Unidos, Donald Trump. Al\u00e9m disso, Crockett buscava mobilizar as bases democratas contra o governo republicano.<\/span><\/p>\n<p><span>Uma de suas declara\u00e7\u00f5es pol\u00eamicas foi quando chamou o governador do Texas, Greg Abbott, que \u00e9 cadeirante, de \u201cHot Wheels\u201d.<\/span><\/p>\n<p><span>A disputa entre Crockett e Talarico foi um teste inicial de estrat\u00e9gias pol\u00edticas concorrentes para desafiar o dom\u00ednio republicano. Em Washington, republicanos e democratas argumentaram que, se Paxton emergir como candidato, sua s\u00e9rie de problemas legais e \u00e9ticos daria aos democratas uma oportunidade em um estado que o presidente venceu com uma expressiva vantagem de 14 pontos percentuais em 2024.<\/span><\/p>\n<p><span>As corridas eleitorais levantaram quest\u00f5es de ra\u00e7a, identidade e capacidade de vit\u00f3ria para um partido que busca um caminho de volta ao poder em Washington.<\/span><\/p>\n<p><span>Enquanto Crockett promete energizar eleitores democratas descontentes e aqueles que votaram pela primeira vez, desesperados por um novo governo com novas medidas, Talarico defendeu a \u201cpol\u00edtica do amor\u201d, argumentando que a principal divis\u00e3o na vida pol\u00edtica americana n\u00e3o \u00e9 \u201cesquerda versus direita\u201d, mas \u201cde cima versus de baixo\u201d.<\/span><\/p>\n<p>O post Com discurso religioso, Talarico vence prim\u00e1rias dos Democratas no Texas apareceu primeiro em Opera Mundi.<\/p>\n<!-- Begin Yuzo --><div class='yuzo_related_post style-1'  data-version='5.12.89'><!-- without result --><div class='yuzo_clearfixed yuzo__title yuzo__title'><h3>Related Post<\/h3><\/div>\n\t\t\t\t\t\t  <div class=\"relatedthumb \" style=\"width:125px;float:left;overflow:hidden;\">  \n\t\t\t\t\t\t\t  \n\t\t\t\t\t\t\t  <a  href=\"https:\/\/redept.com.br\/blogosfera\/trump-taxa-o-brasil-e-vira-alvo-de-nobel-megalomaniaco-e-demoniaco\/\"  >\n\t\t\t\t\t\t\t\t\t  <div class=\"yuzo-img-wrap \" style=\"width: 125px;height:90px;\">\n\t\t\t\t\t\t\t\t\t\t\n\t\t\t\t\t\t\t\t\t\t<div class=\"yuzo-img\" style=\"background:url('https:\/\/redept.com.br\/blogosfera\/wp-content\/uploads\/2025\/07\/O-economista-vencedor-do-Premio-Nobel-Paul-Krugman-discursa-no-Forum-Financeiro-Asiatico-em-Hong-Kong-em-20-de-janeiro-de-2015-Philippe-Lopez-AFP-via-Getty-Images-150x150.webp') 50% 50% no-repeat;width: 125px;height:90px;margin-bottom: 5px;background-size: cover; \"><\/div>\n\t\t\t\t\t\t\t\t\t  <\/div>\n\t\t\t\t\t\t\t\t\t  \n\t\t\t\t\t\t\t\t   <span class=\"yuzo__text--title\" style=\"font-size:13px;\">Trump taxa o Brasil e vira alvo de Nobel: \u201cmegalom...<\/span>\n\t\t\t\t\t\t\t  \n\t\t\t\t\t\t\t  \n\t\t\t\t\t\t\t  <\/a>\n\n\t\t\t\t\t\t  <\/div>\n\t\t\t\t\t\t  <div class=\"relatedthumb \" style=\"width:125px;float:left;overflow:hidden;\">  \n\t\t\t\t\t\t\t  \n\t\t\t\t\t\t\t  <a  href=\"https:\/\/redept.com.br\/blogosfera\/abi-fala-em-atentado-a-liberdade-de-imprensa-ao-rechacar-denuncia-contra-breno-altman\/\"  >\n\t\t\t\t\t\t\t\t\t  <div class=\"yuzo-img-wrap \" style=\"width: 125px;height:90px;\">\n\t\t\t\t\t\t\t\t\t\t\n\t\t\t\t\t\t\t\t\t\t<div class=\"yuzo-img\" style=\"background:url('https:\/\/redept.org\/blogosfera\/wp-content\/plugins\/yuzo-related-post\/assets\/images\/default.png') 50% 50% no-repeat;width: 125px;height:90px;margin-bottom: 5px;background-size: cover; \"><\/div>\n\t\t\t\t\t\t\t\t\t  <\/div>\n\t\t\t\t\t\t\t\t\t  \n\t\t\t\t\t\t\t\t   <span class=\"yuzo__text--title\" style=\"font-size:13px;\">ABI fala em \u2018atentado \u00e0 liberdade de imprensa\u2019 ao ...<\/span>\n\t\t\t\t\t\t\t  \n\t\t\t\t\t\t\t  \n\t\t\t\t\t\t\t  <\/a>\n\n\t\t\t\t\t\t  <\/div>\n\t\t\t\t\t\t  <div class=\"relatedthumb \" style=\"width:125px;float:left;overflow:hidden;\">  \n\t\t\t\t\t\t\t  \n\t\t\t\t\t\t\t  <a  href=\"https:\/\/redept.com.br\/blogosfera\/familias-do-acampamento-carlos-marighella-ocupam-rodovia-to-404-no-tocantins\/\"  >\n\t\t\t\t\t\t\t\t\t  <div class=\"yuzo-img-wrap \" style=\"width: 125px;height:90px;\">\n\t\t\t\t\t\t\t\t\t\t\n\t\t\t\t\t\t\t\t\t\t<div class=\"yuzo-img\" style=\"background:url('https:\/\/redept.com.br\/blogosfera\/wp-content\/uploads\/2025\/09\/imagem-013-1-150x150.jpeg') 50% 50% no-repeat;width: 125px;height:90px;margin-bottom: 5px;background-size: cover; \"><\/div>\n\t\t\t\t\t\t\t\t\t  <\/div>\n\t\t\t\t\t\t\t\t\t  \n\t\t\t\t\t\t\t\t   <span class=\"yuzo__text--title\" style=\"font-size:13px;\">Fam\u00edlias do acampamento Carlos Marighella ocupam r...<\/span>\n\t\t\t\t\t\t\t  \n\t\t\t\t\t\t\t  \n\t\t\t\t\t\t\t  <\/a>\n\n\t\t\t\t\t\t  <\/div>\n\t\t\t\t\t\t  <div class=\"relatedthumb \" style=\"width:125px;float:left;overflow:hidden;\">  \n\t\t\t\t\t\t\t  \n\t\t\t\t\t\t\t  <a  href=\"https:\/\/redept.com.br\/blogosfera\/boa-quimica-entre-presidentes-vai-ajudar-no-tarifaco-diz-alckmin\/\"  >\n\t\t\t\t\t\t\t\t\t  <div class=\"yuzo-img-wrap \" style=\"width: 125px;height:90px;\">\n\t\t\t\t\t\t\t\t\t\t\n\t\t\t\t\t\t\t\t\t\t<div class=\"yuzo-img\" style=\"background:url('https:\/\/redept.org\/blogosfera\/wp-content\/plugins\/yuzo-related-post\/assets\/images\/default.png') 50% 50% no-repeat;width: 125px;height:90px;margin-bottom: 5px;background-size: cover; \"><\/div>\n\t\t\t\t\t\t\t\t\t  <\/div>\n\t\t\t\t\t\t\t\t\t  \n\t\t\t\t\t\t\t\t   <span class=\"yuzo__text--title\" style=\"font-size:13px;\">\u201cBoa qu\u00edmica\u201d entre presidentes vai ajudar no tari...<\/span>\n\t\t\t\t\t\t\t  \n\t\t\t\t\t\t\t  \n\t\t\t\t\t\t\t  <\/a>\n\n\t\t\t\t\t\t  <\/div>\n<\/div> <script>\n\t\t\t\t\t\t  jQuery(document).ready(function( $ ){\n\t\t\t\t\t\t\t\/\/jQuery('.yuzo_related_post').equalizer({ overflow : 'relatedthumb' });\n\t\t\t\t\t\t\tjQuery('.yuzo_related_post .yuzo_wraps').equalizer({ columns : '> div' });\n\t\t\t\t\t\t   })\n\t\t\t\t\t\t  <\/script> <!-- End Yuzo :) -->","protected":false},"excerpt":{"rendered":"<p>O deputado estadual James Talarico, do Partido Democrata conquistou nesta ter\u00e7a-feira (03\/03) as prim\u00e1rias do partido no Texas, colocando em evid\u00eancia uma proje\u00e7\u00e3o pol\u00edtica surprendente. As elei\u00e7\u00f5es prim\u00e1rias que aconteceram no Texas s\u00e3o consideradas hist\u00f3ricas, pois a acirrada disputa ocorre em um estado onde os democratas n\u00e3o vencem uma elei\u00e7\u00e3o estadual h\u00e1 mais de tr\u00eas [\u2026]<\/p>\n<p>O post <a href=\"https:\/\/operamundi.uol.com.br\/estados-unidos\/discurso-religioso-talarico-democratas-texas\/\">Com discurso religioso, Talarico vence prim\u00e1rias dos Democratas no Texas<\/a> apareceu primeiro em <a href=\"https:\/\/operamundi.uol.com.br\/\">Opera Mundi<\/a>.<\/p>\n","protected":false},"author":2,"featured_media":0,"comment_status":"closed","ping_status":"closed","sticky":false,"template":"","format":"standard","meta":{"fifu_image_url":"","fifu_image_alt":"","footnotes":""},"categories":[37663,36576,394,9,37664,1453],"tags":[],"class_list":["post-76794","post","type-post","status-publish","format-standard","hentry","category-crockett","category-eleicoes-meio-mandato","category-estados-unidos","category-eua","category-talarico","category-trump"],"_links":{"self":[{"href":"https:\/\/redept.com.br\/blogosfera\/wp-json\/wp\/v2\/posts\/76794","targetHints":{"allow":["GET"]}}],"collection":[{"href":"https:\/\/redept.com.br\/blogosfera\/wp-json\/wp\/v2\/posts"}],"about":[{"href":"https:\/\/redept.com.br\/blogosfera\/wp-json\/wp\/v2\/types\/post"}],"author":[{"embeddable":true,"href":"https:\/\/redept.com.br\/blogosfera\/wp-json\/wp\/v2\/users\/2"}],"replies":[{"embeddable":true,"href":"https:\/\/redept.com.br\/blogosfera\/wp-json\/wp\/v2\/comments?post=76794"}],"version-history":[{"count":0,"href":"https:\/\/redept.com.br\/blogosfera\/wp-json\/wp\/v2\/posts\/76794\/revisions"}],"wp:attachment":[{"href":"https:\/\/redept.com.br\/blogosfera\/wp-json\/wp\/v2\/media?parent=76794"}],"wp:term":[{"taxonomy":"category","embeddable":true,"href":"https:\/\/redept.com.br\/blogosfera\/wp-json\/wp\/v2\/categories?post=76794"},{"taxonomy":"post_tag","embeddable":true,"href":"https:\/\/redept.com.br\/blogosfera\/wp-json\/wp\/v2\/tags?post=76794"}],"curies":[{"name":"wp","href":"https:\/\/api.w.org\/{rel}","templated":true}]}}