{"id":76810,"date":"2026-03-05T08:22:42","date_gmt":"2026-03-05T11:22:42","guid":{"rendered":"https:\/\/redept.com.br\/blogosfera\/equador-inicia-operacao-militar-com-eua-e-expulsa-embaixador-de-cuba\/"},"modified":"2026-03-05T08:22:42","modified_gmt":"2026-03-05T11:22:42","slug":"equador-inicia-operacao-militar-com-eua-e-expulsa-embaixador-de-cuba","status":"publish","type":"post","link":"https:\/\/redept.com.br\/blogosfera\/equador-inicia-operacao-militar-com-eua-e-expulsa-embaixador-de-cuba\/","title":{"rendered":"Equador inicia opera\u00e7\u00e3o militar com EUA e expulsa embaixador de Cuba"},"content":{"rendered":"<p><img loading=\"lazy\" width=\"960\" height=\"540\"src=\"https:\/\/redept.com.br\/blogosfera\/wp-content\/uploads\/2026\/03\/82f2f993-2dca-4ca0-85c0-99316da55767.jpeg\" alt=\"\" decoding=\"async\" loading=\"lazy\" srcset=\"https:\/\/redept.com.br\/blogosfera\/wp-content\/uploads\/2026\/03\/82f2f993-2dca-4ca0-85c0-99316da55767.jpeg 960w, https:\/\/vermelho.org.br\/wp-content\/uploads\/2026\/03\/82f2f993-2dca-4ca0-85c0-99316da55767-300x169.jpeg 300w, https:\/\/vermelho.org.br\/wp-content\/uploads\/2026\/03\/82f2f993-2dca-4ca0-85c0-99316da55767-768x432.jpeg 768w\" sizes=\"auto, (max-width: 960px) 100vw, 960px\"><\/p>\n<p>O governo do Equador deu nesta quarta-feira (4) novos sinais de alinhamento \u00e0 pol\u00edtica de seguran\u00e7a dos Estados Unidos na Am\u00e9rica Latina.<\/p>\n<p>Em poucas horas, Quito confirmou o in\u00edcio de opera\u00e7\u00f5es conjuntas com as For\u00e7as Armadas norte-americanas, supostamente contra o narcotr\u00e1fico e anunciou a expuls\u00e3o do embaixador de Cuba e de todo o corpo diplom\u00e1tico da ilha no pa\u00eds. <\/p>\n<p>Foi expulso o embaixador de Cuba em Quito, Basilio Antonio Guti\u00e9rrez Garc\u00eda, e todo o pessoal diplom\u00e1tico da miss\u00e3o cubana no pa\u00eds.\u00a0<\/p>\n<p>A decis\u00e3o foi comunicada por meio de nota do minist\u00e9rio das Rela\u00e7\u00f5es Exteriores e Mobilidade Humana do Equador, que concedeu prazo de 48 horas para que os diplomatas deixem o territ\u00f3rio nacional.<\/p>\n<p>A chancelaria equatoriana diz que a medida foi tomada com base no artigo 9 da Conven\u00e7\u00e3o de Viena sobre Rela\u00e7\u00f5es Diplom\u00e1ticas, que permite a um pa\u00eds declarar diplomatas estrangeiros persona non grata. O governo, no entanto, n\u00e3o apresentou publicamente os motivos da decis\u00e3o.<\/p>\n<p>Em comunicado oficial, o minist\u00e9rio das Rela\u00e7\u00f5es Exteriores de Cuba classificou a medida como \u201carbitr\u00e1ria e injustificada\u201d e afirmou que o pessoal diplom\u00e1tico da ilha em Quito cumpriu \u201cestritamente\u201d as leis e regulamentos equatorianos, sem interferir nos assuntos internos do pa\u00eds.<\/p>\n<p>Havana tamb\u00e9m afirmou que a decis\u00e3o ocorre em um contexto de aumento das press\u00f5es dos Estados Unidos sobre governos da regi\u00e3o para que se somem \u00e0 pol\u00edtica de hostilidade contra a ilha.\u00a0<\/p>\n<p>Segundo a chancelaria cubana, a medida foi tomada poucos dias antes de uma c\u00fapula convocada em Miami, prevista para 7 de mar\u00e7o, com a participa\u00e7\u00e3o de governos latino-americanos alinhados a Washington.<\/p>\n<p><strong>Opera\u00e7\u00f5es no Equador seguem a cartilha de Trump para a Am\u00e9rica Latina<\/strong><\/p>\n<p>As a\u00e7\u00f5es foram divulgadas ap\u00f3s reuni\u00e3o entre o presidente Daniel Noboa e o comandante do Comando Sul dos EUA, general Francis Donovan. Segundo o comando militar americano, as opera\u00e7\u00f5es miram organiza\u00e7\u00f5es classificadas pela Casa Branca como \u201cterroristas\u201d.<\/p>\n<p>De acordo com autoridades dos Estados Unidos, soldados das For\u00e7as Especiais americanas est\u00e3o assessorando tropas equatorianas em incurs\u00f5es contra instala\u00e7\u00f5es suspeitas de envio de drogas e outros locais ligados ao narcotr\u00e1fico.\u00a0<\/p>\n<p>O apoio inclui planejamento operacional, intelig\u00eancia e log\u00edstica, embora, segundo Washington, os militares dos EUA n\u00e3o participem diretamente das opera\u00e7\u00f5es em solo.<\/p>\n<p>Em nota, o Comando Sul afirmou que as a\u00e7\u00f5es s\u00e3o \u201cum poderoso exemplo do compromisso dos parceiros na Am\u00e9rica Latina e no Caribe de combater o flagelo do narcoterrorismo\u201d. O Minist\u00e9rio da Defesa do Equador n\u00e3o detalhou as opera\u00e7\u00f5es e afirmou que as informa\u00e7\u00f5es s\u00e3o reservadas para n\u00e3o prejudicar futuras a\u00e7\u00f5es.<\/p>\n<p>Pelas redes sociais, Noboa afirmou que o pa\u00eds inicia \u201cuma nova fase contra o narcoterrorismo e a minera\u00e7\u00e3o ilegal\u201d e que, ao longo de mar\u00e7o, realizar\u00e1 opera\u00e7\u00f5es conjuntas com aliados regionais, \u201cincluindo os Estados Unidos\u201d.<\/p>\n<p>A coopera\u00e7\u00e3o militar ocorre poucos meses depois de os equatorianos rejeitarem em referendo uma proposta do governo para permitir o retorno de bases militares estrangeiras ao pa\u00eds. A iniciativa, defendida por Noboa como instrumento para ampliar a colabora\u00e7\u00e3o internacional no combate ao narcotr\u00e1fico, foi derrotada nas urnas por cerca de 60% dos eleitores.<\/p>\n<p>O an\u00fancio das opera\u00e7\u00f5es tamb\u00e9m ocorre ap\u00f3s a divulga\u00e7\u00e3o da nova estrat\u00e9gia regional de seguran\u00e7a do governo Donald Trump para a Am\u00e9rica Latina, que busca ampliar sua zona de influ\u00eancia em pa\u00edses com governos aliados.\u00a0<\/p>\n<p>Na regi\u00e3o, presidentes como Javier Milei, na Argentina, Jos\u00e9 Antonio Kast, no Chile, e governos alinhados em pa\u00edses como Paraguai e Peru t\u00eam refor\u00e7ado aproxima\u00e7\u00e3o com Washington em pautas ligadas \u00e0 Defesa, narcotr\u00e1fico e migra\u00e7\u00e3o.<\/p>\n<\/p>\n<p>O post <a href=\"https:\/\/vermelho.org.br\/2026\/03\/05\/equador-inicia-operacao-militar-com-eua-e-expulsa-embaixador-de-cuba\/\">Equador inicia opera\u00e7\u00e3o militar com EUA e expulsa embaixador de Cuba<\/a> apareceu primeiro em <a href=\"https:\/\/vermelho.org.br\/\">Vermelho<\/a>.<\/p>\n<!-- Begin Yuzo --><div class='yuzo_related_post style-1'  data-version='5.12.89'><!-- without result --><div class='yuzo_clearfixed yuzo__title yuzo__title'><h3>Related Post<\/h3><\/div>\n\t\t\t\t\t\t  <div class=\"relatedthumb \" style=\"width:125px;float:left;overflow:hidden;\">  \n\t\t\t\t\t\t\t  \n\t\t\t\t\t\t\t  <a  href=\"https:\/\/redept.com.br\/blogosfera\/cpi-do-rio-melchior-inicia-na-camara-legislativa-do-df-nesta-quinta-3\/\"  >\n\t\t\t\t\t\t\t\t\t  <div class=\"yuzo-img-wrap \" style=\"width: 125px;height:90px;\">\n\t\t\t\t\t\t\t\t\t\t\n\t\t\t\t\t\t\t\t\t\t<div class=\"yuzo-img\" style=\"background:url('https:\/\/redept.org\/blogosfera\/wp-content\/plugins\/yuzo-related-post\/assets\/images\/default.png') 50% 50% no-repeat;width: 125px;height:90px;margin-bottom: 5px;background-size: cover; \"><\/div>\n\t\t\t\t\t\t\t\t\t  <\/div>\n\t\t\t\t\t\t\t\t\t  \n\t\t\t\t\t\t\t\t   <span class=\"yuzo__text--title\" style=\"font-size:13px;\">CPI do Rio Melchior inicia na C\u00e2mara Legislativa d...<\/span>\n\t\t\t\t\t\t\t  \n\t\t\t\t\t\t\t  \n\t\t\t\t\t\t\t  <\/a>\n\n\t\t\t\t\t\t  <\/div>\n\t\t\t\t\t\t  <div class=\"relatedthumb \" style=\"width:125px;float:left;overflow:hidden;\">  \n\t\t\t\t\t\t\t  \n\t\t\t\t\t\t\t  <a  href=\"https:\/\/redept.com.br\/blogosfera\/mostra-de-cinema-online-celebra-a-forca-feminina-do-centro-oeste\/\"  >\n\t\t\t\t\t\t\t\t\t  <div class=\"yuzo-img-wrap \" style=\"width: 125px;height:90px;\">\n\t\t\t\t\t\t\t\t\t\t\n\t\t\t\t\t\t\t\t\t\t<div class=\"yuzo-img\" style=\"background:url('https:\/\/redept.com.br\/blogosfera\/wp-content\/uploads\/2025\/08\/me-farei-ouvir-beatriz-vira-folhas-velhice-ilumina-vento-150x150.jpg') 50% 50% no-repeat;width: 125px;height:90px;margin-bottom: 5px;background-size: cover; \"><\/div>\n\t\t\t\t\t\t\t\t\t  <\/div>\n\t\t\t\t\t\t\t\t\t  \n\t\t\t\t\t\t\t\t   <span class=\"yuzo__text--title\" style=\"font-size:13px;\">Mostra de cinema online celebra a for\u00e7a feminina d...<\/span>\n\t\t\t\t\t\t\t  \n\t\t\t\t\t\t\t  \n\t\t\t\t\t\t\t  <\/a>\n\n\t\t\t\t\t\t  <\/div>\n\t\t\t\t\t\t  <div class=\"relatedthumb \" style=\"width:125px;float:left;overflow:hidden;\">  \n\t\t\t\t\t\t\t  \n\t\t\t\t\t\t\t  <a  href=\"https:\/\/redept.com.br\/blogosfera\/apos-crise-na-rede-pre-candidata-a-vice-de-pe-alerta-que-candidatos-do-partido-nao-podem-apoiar-outras-chapas-ao-governo\/\"  >\n\t\t\t\t\t\t\t\t\t  <div class=\"yuzo-img-wrap \" style=\"width: 125px;height:90px;\">\n\t\t\t\t\t\t\t\t\t\t\n\t\t\t\t\t\t\t\t\t\t<div class=\"yuzo-img\" style=\"background:url('https:\/\/redept.org\/blogosfera\/wp-content\/plugins\/yuzo-related-post\/assets\/images\/default.png') 50% 50% no-repeat;width: 125px;height:90px;margin-bottom: 5px;background-size: cover; \"><\/div>\n\t\t\t\t\t\t\t\t\t  <\/div>\n\t\t\t\t\t\t\t\t\t  \n\t\t\t\t\t\t\t\t   <span class=\"yuzo__text--title\" style=\"font-size:13px;\">Ap\u00f3s crise na Rede, pr\u00e9-candidata a vice de PE ale...<\/span>\n\t\t\t\t\t\t\t  \n\t\t\t\t\t\t\t  \n\t\t\t\t\t\t\t  <\/a>\n\n\t\t\t\t\t\t  <\/div>\n\t\t\t\t\t\t  <div class=\"relatedthumb \" style=\"width:125px;float:left;overflow:hidden;\">  \n\t\t\t\t\t\t\t  \n\t\t\t\t\t\t\t  <a  href=\"https:\/\/redept.com.br\/blogosfera\/atores-brasileiros-defendem-regulamentacao-de-plataformas-de-streaming\/\"  >\n\t\t\t\t\t\t\t\t\t  <div class=\"yuzo-img-wrap \" style=\"width: 125px;height:90px;\">\n\t\t\t\t\t\t\t\t\t\t\n\t\t\t\t\t\t\t\t\t\t<div class=\"yuzo-img\" style=\"background:url('https:\/\/redept.org\/blogosfera\/wp-content\/plugins\/yuzo-related-post\/assets\/images\/default.png') 50% 50% no-repeat;width: 125px;height:90px;margin-bottom: 5px;background-size: cover; \"><\/div>\n\t\t\t\t\t\t\t\t\t  <\/div>\n\t\t\t\t\t\t\t\t\t  \n\t\t\t\t\t\t\t\t   <span class=\"yuzo__text--title\" style=\"font-size:13px;\">Atores brasileiros defendem regulamenta\u00e7\u00e3o de plat...<\/span>\n\t\t\t\t\t\t\t  \n\t\t\t\t\t\t\t  \n\t\t\t\t\t\t\t  <\/a>\n\n\t\t\t\t\t\t  <\/div>\n<\/div> <script>\n\t\t\t\t\t\t  jQuery(document).ready(function( $ ){\n\t\t\t\t\t\t\t\/\/jQuery('.yuzo_related_post').equalizer({ overflow : 'relatedthumb' });\n\t\t\t\t\t\t\tjQuery('.yuzo_related_post .yuzo_wraps').equalizer({ columns : '> div' });\n\t\t\t\t\t\t   })\n\t\t\t\t\t\t  <\/script> <!-- End Yuzo :) -->","protected":false},"excerpt":{"rendered":"<p>O governo do Equador deu nesta quarta-feira (4) novos sinais de alinhamento \u00e0 pol\u00edtica de seguran\u00e7a dos Estados Unidos na Am\u00e9rica Latina. Em poucas horas, Quito confirmou o in\u00edcio de opera\u00e7\u00f5es conjuntas com as For\u00e7as Armadas norte-americanas, supostamente contra o narcotr\u00e1fico e anunciou a expuls\u00e3o do embaixador de Cuba e de todo o corpo diplom\u00e1tico [&hellip;]<\/p>\n","protected":false},"author":2,"featured_media":0,"comment_status":"open","ping_status":"closed","sticky":false,"template":"","format":"standard","meta":{"fifu_image_url":"","fifu_image_alt":"","footnotes":""},"categories":[347,15439,1185,3604,3696,655,394,50,3542],"tags":[],"class_list":["post-76810","post","type-post","status-publish","format-standard","hentry","category-america-latina","category-comando-sul","category-cuba","category-daniel-noboa","category-doutrina-monroe","category-equador","category-estados-unidos","category-internacional","category-narcotrafico"],"_links":{"self":[{"href":"https:\/\/redept.com.br\/blogosfera\/wp-json\/wp\/v2\/posts\/76810","targetHints":{"allow":["GET"]}}],"collection":[{"href":"https:\/\/redept.com.br\/blogosfera\/wp-json\/wp\/v2\/posts"}],"about":[{"href":"https:\/\/redept.com.br\/blogosfera\/wp-json\/wp\/v2\/types\/post"}],"author":[{"embeddable":true,"href":"https:\/\/redept.com.br\/blogosfera\/wp-json\/wp\/v2\/users\/2"}],"replies":[{"embeddable":true,"href":"https:\/\/redept.com.br\/blogosfera\/wp-json\/wp\/v2\/comments?post=76810"}],"version-history":[{"count":0,"href":"https:\/\/redept.com.br\/blogosfera\/wp-json\/wp\/v2\/posts\/76810\/revisions"}],"wp:attachment":[{"href":"https:\/\/redept.com.br\/blogosfera\/wp-json\/wp\/v2\/media?parent=76810"}],"wp:term":[{"taxonomy":"category","embeddable":true,"href":"https:\/\/redept.com.br\/blogosfera\/wp-json\/wp\/v2\/categories?post=76810"},{"taxonomy":"post_tag","embeddable":true,"href":"https:\/\/redept.com.br\/blogosfera\/wp-json\/wp\/v2\/tags?post=76810"}],"curies":[{"name":"wp","href":"https:\/\/api.w.org\/{rel}","templated":true}]}}