{"id":77142,"date":"2026-03-06T18:38:28","date_gmt":"2026-03-06T21:38:28","guid":{"rendered":"https:\/\/redept.com.br\/blogosfera\/os-cachorros-da-ditadura\/"},"modified":"2026-03-06T18:38:28","modified_gmt":"2026-03-06T21:38:28","slug":"os-cachorros-da-ditadura","status":"publish","type":"post","link":"https:\/\/redept.com.br\/blogosfera\/os-cachorros-da-ditadura\/","title":{"rendered":"Os cachorros da ditadura"},"content":{"rendered":"<figure><img loading=\"lazy\" loading=\"lazy\" decoding=\"async\" width=\"768\" height=\"512\"src=\"https:\/\/redept.com.br\/blogosfera\/wp-content\/uploads\/2026\/03\/172178326666a053e2822f3_1721783266_3x2_md.jpg\" alt=\"\" srcset=\"https:\/\/redept.com.br\/blogosfera\/wp-content\/uploads\/2026\/03\/172178326666a053e2822f3_1721783266_3x2_md.jpg 768w, https:\/\/estaticos.opara.me\/outraspalavras\/uploads\/2026\/03\/06183457\/172178326666a053e2822f3_1721783266_3x2_md-300x200.jpg 300w, https:\/\/estaticos.opara.me\/outraspalavras\/uploads\/2026\/03\/06183457\/172178326666a053e2822f3_1721783266_3x2_md-272x182.jpg 272w\" sizes=\"auto, (max-width: 768px) 100vw, 768px\"><\/figure>\n<div>\n<div>\n<div>\n<figure><\/figure>\n<\/div>\n<p><em><strong>CACHORROS<\/strong><\/em><br \/><em><strong>A hist\u00f3ria do maior espi\u00e3o dos servi\u00e7os secretos militares e a repress\u00e3o aos comunistas at\u00e9 a Nova Rep\u00fablica.<\/strong><\/em><br \/>Marcelo Godoy<br \/>Editora Alameda<br \/>2024<\/p>\n<\/div>\n<\/div>\n<div>\n<div>\n<div>\n<div>\n<div>\n<div>\n<div>\n<h4>Boletim Outras Palavras<\/h4>\n<p>Receba por email, diariamente, todas as publica\u00e7\u00f5es do site<\/p>\n<\/p><\/div>\n<div>\n<div>\n<div>\n<div>\n<div><\/div>\n<\/p><\/div>\n<\/p><\/div>\n<div>\n                <button type=\"submit\">Assinar<\/button><br \/>\n                <button disabled type=\"button\"> <\/p>\n<div><\/div>\n<p> <span>Loading&#8230;<\/span> <\/button>\n              <\/div>\n<\/p><\/div>\n<\/p><\/div>\n<div>\n            <button type=\"submit\">Assinar<\/button><br \/>\n            <button disabled type=\"button\"> <\/p>\n<div><\/div>\n<p> <span>Loading&#8230;<\/span> <\/button>\n          <\/div>\n<\/p><\/div>\n<div>\n<div>\n<h4>Agradecemos!<\/h4>\n<p>Voc\u00ea j\u00e1 est\u00e1 inscrito e come\u00e7ar\u00e1 a receber os boletins em breve. Boa leitura!<\/p>\n<\/p><\/div>\n<\/p><\/div>\n<\/p><\/div>\n<\/p><\/div>\n<\/div>\n<\/div>\n<\/div>\n<p>Estes s\u00e3o o t\u00edtulo e o subt\u00edtulo do livro mais recente de Marcelo Godoy. Esse rep\u00f3rter tem a marca da boa estirpe da profiss\u00e3o: a obsess\u00e3o pela informa\u00e7\u00e3o, pela pesquisa incans\u00e1vel, a checagem das fontes at\u00e9 o extremo das possibilidades. Sua primeira pesquisa consumiu dez anos, de 2004 a 2014, e resultou no premiado livro <em>A Casa da Vov\u00f3 \u2013 uma biografia do DOI-CODI 1969-1991. <\/em>Ele trabalhou mais dez anos para entregar <em>Cachorros. <\/em>O autor diz que aproveitou muita informa\u00e7\u00e3o obtida na primeira pesquisa. Portanto, foram 20 anos de trabalho para produzir o novo livro, abrangente, caudaloso, \u00e0s vezes repetitivo, mas nunca mon\u00f3tono, de 550 p\u00e1ginas.<\/p>\n<p>Recomenda-se aten\u00e7\u00e3o para essa leitura. Primeiro, porque apesar de na capa o destaque ser dado para o militante que se tornou espi\u00e3o do seu partido, o PCB (Partido Comunista Brasileiro), na verdade ele \u00e9 um dos personagens numa trama muito mais ampla e complexa. Uma trama que envolve a trajet\u00f3ria hist\u00f3rica desse partido desde sua origem no tenentismo dos anos 1930 at\u00e9 sua crise e descaracteriza\u00e7\u00e3o na d\u00e9cada de 1990.<\/p>\n<p>Mas n\u00e3o s\u00f3 isso. \u00c9 ao mesmo tempo a narrativa de como os servi\u00e7os secretos do Ex\u00e9rcito (CIE), da Aeron\u00e1utica (CISA) e da Marinha (CENIMAR) se aplicaram em uma sanha fan\u00e1tica para acompanhar, estudar, reprimir, torturar e matar os quadros e dirigentes daquele partido. Essa aten\u00e7\u00e3o privilegiada, segundo o autor, se devia ao fato de que os militares consideravam o PCB como a maior amea\u00e7a ao regime em vigor, seja por sua doutrina, t\u00e1tica e estrat\u00e9gia, seja por sua \u00edntima liga\u00e7\u00e3o (e depend\u00eancia pol\u00edtica e material) com a Uni\u00e3o Sovi\u00e9tica e o Partido Comunista da Uni\u00e3o Sovi\u00e9tica (PCUS). Os militares consideravam o PCB como instrumento de um poder estrangeiro infiltrado na sociedade brasileira. Para combat\u00ea-lo, utilizavam todos os m\u00e9todos, \u201cat\u00e9 os legais\u201d, diziam.<\/p>\n<div>\n<div><img loading=\"lazy\" loading=\"lazy\" decoding=\"async\"src=\"https:\/\/redept.com.br\/blogosfera\/wp-content\/uploads\/2026\/03\/15-5.png\" alt=\"\" srcset=\"https:\/\/redept.com.br\/blogosfera\/wp-content\/uploads\/2026\/03\/15-5.png 680w, https:\/\/estaticos.opara.me\/outraspalavras\/uploads\/2025\/12\/04164347\/15-300x110.png 300w\" sizes=\"auto, (max-width: 680px) 100vw, 680px\" width=\"680\" height=\"250\"><\/div>\n<\/div>\n<p>Nos vinte anos de pesquisa, o autor realizou 34 entrevistas com militares e policiais de \u00f3rg\u00e3os de opera\u00e7\u00f5es e informa\u00e7\u00f5es; 9 entrevistas com outros militares e policiais; 70 entrevistas com militantes do PCB e outros. Foram realizadas pesquisas e consultas em 33 jornais, 48 sites e 13 filmes e document\u00e1rios. A pesquisa se estendeu a seis grandes arquivos, inclusive de Portugal, It\u00e1lia e Estados Unidos. E foram extra\u00eddas informa\u00e7\u00f5es de cerca de 300 livros.<\/p>\n<p>O texto \u00e9 \u00e1gil e passa de um tema a outro rapidamente como, por exemplo, do desaparecimento de Rubens Paiva para o sequestro de Charles Elbrick, embaixador dos Estados Unidos. E da\u00ed para a morte de Marighela e de Lamarca. O relato refere a uma infinidade de nomes que aparecem e desaparecem num instante. Voltam a aparecer mais adiante, ora por extenso, ora pelo prenome ou ent\u00e3o s\u00f3 o sobrenome, o que obriga o leitor a uma aten\u00e7\u00e3o especial para n\u00e3o perder o fio da meada. Por exemplo, o agente do CISA, Antonio Pinto, num momento \u00e9 Pirilo, em outro, Azambuja. O seu <em>cachorro,<\/em> o militante que se tornaria quadro dirigente do PCB, Theodoro de Mello Severino, ser\u00e1 o agente Vinicius a servi\u00e7o do CISA.<\/p>\n<p>Tanto os militantes como os agentes da repress\u00e3o usavam nomes de guerra. Por exemplo, os torturadores do ex-deputado federal Marco Antonio Coelho eram os doutores Edgar e Homero, na verdade os capit\u00e3es do Ex\u00e9rcito Andr\u00e9 Pereira Leite Filho e Otoniel Eug\u00eanio Aranha Filho, que mais adiante v\u00e3o ser citados apenas como doutor Edgar ou doutor Homero. O cruel capit\u00e3o \u00canio Pimentel da Silveira, chefe do DOI de S\u00e3o Paulo, era o doutor Ney e assim aparecer\u00e1 v\u00e1rias vezes. Para se guiar nesse labirinto, o leitor pode fazer consultas no enorme \u00edndice onom\u00e1stico. Ver\u00e1, por exemplo, que o dirigente Di\u00f3genes Arruda C\u00e2mara (citado 27 vezes) ora \u00e9 referido por extenso, ora por Arruda C\u00e2mara, ora ainda, por Arruda.<\/p>\n<h3><strong>O grande cen\u00e1rio<\/strong><\/h3>\n<p>O leitor impaciente vai demorar para chegar at\u00e9 a hist\u00f3ria do militante Mello infiltrado nos mais relevantes postos da dire\u00e7\u00e3o do PCB. Porque \u00e9 da hist\u00f3ria do PCB que o texto trata, especialmente a partir dos anos 1940, as idas e vindas da linha pol\u00edtica, a curta legalidade, a volta \u00e0 clandestinidade, a ilus\u00e3o de estar pr\u00f3ximo ao poder e o golpe militar de 1964. Trata da trajet\u00f3ria do partido na clandestinidade sob a ditadura militar e tamb\u00e9m de suas rela\u00e7\u00f5es com o Partido Comunista da Uni\u00e3o Sovi\u00e9tica, os cursos de forma\u00e7\u00e3o de quadros em Moscou, a ajuda financeira, o chamado \u201couro de Moscou\u201d. \u00c9 tamb\u00e9m ali que se refugiam os dirigentes para escapar do exterm\u00ednio.<\/p>\n<p>Sem esquecer os solavancos hist\u00f3ricos ap\u00f3s a morte de Stalin e as den\u00fancias de Kruschov que abalaram o movimento comunista internacional, pondo em quest\u00e3o a t\u00e1tica e a estrat\u00e9gia para a busca do socialismo.<\/p>\n<p>\u00c9 not\u00e1vel que o autor n\u00e3o se refira ao grande racha que se deu no partido ap\u00f3s este alterar seu programa, mudar de nome (de Partido Comunista do Brasil para Partido Comunista Brasileiro) e adotar o caminho pac\u00edfico para a conquista do poder. N\u00e3o h\u00e1 uma palavra sobre a decis\u00e3o de dirigentes hist\u00f3ricos liderados por Jo\u00e3o Amazonas, Maur\u00edcio Grabois e Pedro Pomar de conservarem o nome e a doutrina do Partido, mantendo a continuidade da organiza\u00e7\u00e3o revolucion\u00e1ria, o PCdoB.<\/p>\n<p>Uma importante qualidade do livro \u00e9 que tamb\u00e9m conta a hist\u00f3ria dos servi\u00e7os secretos militares, permanentemente ocupados em se informar, tentar antecipar e reprimir cada passo do partido. Do seu empenho em estudar a teoria revolucion\u00e1ria. Para eles, a chave estava na teoria do italiano Gramsci e, como contrapartida, tentavam disseminar, por todos os meios, ideias em oposi\u00e7\u00e3o. Surpreendidos pelo magistral trabalho produzido por um grupo de intelectuais em torno do arcebispo Evaristo Arns, sobre os crimes da ditadura, <em>Brasil Nunca Mais,<\/em> replicaram produzindo sua pr\u00f3pria vers\u00e3o das a\u00e7\u00f5es da ditadura no livro <em>Orvil <\/em>e nas pe\u00e7as de propaganda que chamaram de <em>Terrorismo Nunca Mais.<\/em> Entretanto, fica evidente que a infiltra\u00e7\u00e3o nos v\u00e1rios n\u00edveis e principalmente na mais alta dire\u00e7\u00e3o do PCB foi a sua principal arma de combate.<\/p>\n<div>\n<div><img loading=\"lazy\" loading=\"lazy\" decoding=\"async\"src=\"https:\/\/redept.com.br\/blogosfera\/wp-content\/uploads\/2026\/03\/Arte-1_banner-site-outras-palavras_IC-na-Unesp_728x90.png\" alt=\"\" srcset=\"https:\/\/redept.com.br\/blogosfera\/wp-content\/uploads\/2026\/03\/Arte-1_banner-site-outras-palavras_IC-na-Unesp_728x90.png 728w, https:\/\/estaticos.opara.me\/outraspalavras\/uploads\/2025\/02\/31191314\/Arte-1_banner-site-outras-palavras_IC-na-Unesp_728x90-300x37.png 300w\" sizes=\"auto, (max-width: 728px) 100vw, 728px\" width=\"728\" height=\"90\"><\/div>\n<\/div>\n<p>Ao cabo de sua exaustiva pesquisa, o autor retrata com riqueza de detalhes, que chega \u00e0s vezes aos dias e \u00e0s horas dos acontecimentos, cada passo do PCB e dos seus algozes. Para chegar a esse resultado, foi ao encontro dos protagonistas, fez sucessivas entrevistas, falou com eles presencialmente ou pela internet. Leu tudo que lhe caiu nas m\u00e3os. Mergulhou nas narrativas dos dois lados.<\/p>\n<h3><strong>Os personagens<\/strong><\/h3>\n<p>Talvez o personagem mais destacado dessa hist\u00f3ria hedionda seja o agente cujo nome de guerra era Pirilo. Fazia parte do CISA, o organismo de repress\u00e3o da Aeron\u00e1utica, militar reformado que se especializou obsessivamente no PCB. Seu nome verdadeiro era Antonio Pinto, mas isso o autor desse livro s\u00f3 conseguir\u00e1 descobrir muito tempo mais tarde e ap\u00f3s pesquisas exaustivas.<\/p>\n<p>Pirilo desenvolveu uma <em>expertise <\/em>parase relacionar com os militantes do partido que, havendo sido presos, se viam diante de uma escolha fatal: ou morriam ou se tornavam agentes infiltrados. No entanto, nas entrevistas com o autor, ele sempre se defendeu dizendo hipocritamente que nunca torturou nem matou ningu\u00e9m, que isso era trabalho de outros, e que ele fazia o papel do policial \u201cbonzinho\u201d.<\/p>\n<p>Pirilo era \u201cdono\u201d de v\u00e1rios cachorros, como eram chamados os que preferiram trair do que morrer. Seu principal cachorro foi o alto dirigente do PCB Theodoro de Mello Severino, preso em 1974 e que, por muitos anos, o manteve informado de cada passo da dire\u00e7\u00e3o do partido. O que resultou, entre outros preju\u00edzos, na morte ou desaparecimento de praticamente a maioria do Comit\u00ea Central e de outros quadros partid\u00e1rios.<\/p>\n<p>Mello, que para o CISA era o agente Vinicius, passou de guarda-costas de Luis Carlos Prestes a fazer o chamado trabalho de fronteira, isto \u00e9, respons\u00e1vel pela produ\u00e7\u00e3o de documentos e pela entrada e sa\u00edda de militantes do pa\u00eds. Por causa de suas dela\u00e7\u00f5es, o jornal <em>Voz Oper\u00e1ria<\/em> deixou de ser impresso no Brasil ap\u00f3s o sequestro e morte dos militantes envolvidos.<\/p>\n<p>Era como a raposa tomando conta do galinheiro. S\u00f3 para dar um exemplo, enquanto era respons\u00e1vel pelo trabalho de fronteira entregou Davi Capistrano, dirigente do partido que voltava de Moscou e foi preso na chegada, morto e esquartejado na Casa da Morte de Petr\u00f3polis.<\/p>\n<p>Em Moscou, Mello esteve sempre pr\u00f3ximo e era de absoluta confian\u00e7a de Prestes. E tamb\u00e9m foi interlocutor de altos dirigentes do PCUS, o que permitia ao CISA dividir informa\u00e7\u00f5es sobre o partido sovi\u00e9tico com a CIA dos Estados Unidos. Foi promovido ao secretariado do comit\u00ea central, o mais alto posto na hierarquia do partido.<\/p>\n<p>Apelidado de Pacato por seus modos calmos, era de uma habilidade e frieza extraordin\u00e1rias. Na cara de pau, conseguiu que Pirilo publicasse um artigo na <em>Tribuna de Debates<\/em> do partido, assinando como Azambuja, sob o t\u00edtulo de \u201cO PCB se burocratizou\u201d. Mello conseguiu at\u00e9 infiltrar Pirilo nas assembleias do 9\u00ba. Congresso do Partido. Foi t\u00e3o competente que todas as suspeitas ou den\u00fancias de que era um infiltrado foram sempre repelidas vigorosamente por Prestes e outros dirigentes. N\u00e3o acreditaram nem quando uma reportagem de Expedito Filho na revista Veja de 20\/05\/1992, intitulada \u201cNa cabe\u00e7a do PCB\u201d, publicou entrevista do sargento Marival Chaves, que participara dos grupos de torturadores. Nessa entrevista, Marival contava que Mello era agente policial infiltrado.<\/p>\n<p>O partido s\u00f3 aceitou que era um traidor anos depois do final da ditadura militar. Foi ent\u00e3o exclu\u00eddo e teve cancelado seu sal\u00e1rio, o \u201csocorro vermelho\u201d. Por\u00e9m, continuou sempre amigo e confidente de seu \u201cdono\u201d, o Pirilo, ou Azambuja, e jamais soube que seu nome verdadeiro era Antonio Pinto.<\/p>\n<p>Morreu com 105 anos, sozinho, e ningu\u00e9m foi ao seu enterro. No enterro de Antonio Pinto, comparsas do CISA compareceram, mas nenhum registrou o nome na lista de presentes. Nessa ocasi\u00e3o, a URSS havia deixado de existir e o que havia restado do PCB passara a se chamar Partido Popular Socialista, PPS, fundado em 1992.<\/p>\n<div>\n<div>\n<p><span><em>Sem publicidade ou patroc\u00ednio, dependemos de voc\u00ea. Fa\u00e7a parte do nosso grupo de apoiadores e ajude a manter nossa voz livre e plural: <strong>apoia.se\/outraspalavras<\/strong><\/em><\/span><\/p>\n<\/div>\n<\/div>\n<p>The post Os &lt;i&gt;cachorros&lt;\/i&gt; da ditadura appeared first on Outras Palavras.<\/p>\n<!-- Begin Yuzo --><div class='yuzo_related_post style-1'  data-version='5.12.89'><!-- without result --><div class='yuzo_clearfixed yuzo__title yuzo__title'><h3>Related Post<\/h3><\/div>\n\t\t\t\t\t\t  <div class=\"relatedthumb \" style=\"width:125px;float:left;overflow:hidden;\">  \n\t\t\t\t\t\t\t  \n\t\t\t\t\t\t\t  <a  href=\"https:\/\/redept.com.br\/blogosfera\/espaco-cuidado-que-mancha-celebra-10-anos-com-programacao-especial-gratuita-nesta-quarta-feira-11\/\"  >\n\t\t\t\t\t\t\t\t\t  <div class=\"yuzo-img-wrap \" style=\"width: 125px;height:90px;\">\n\t\t\t\t\t\t\t\t\t\t\n\t\t\t\t\t\t\t\t\t\t<div class=\"yuzo-img\" style=\"background:url('https:\/\/redept.org\/blogosfera\/wp-content\/plugins\/yuzo-related-post\/assets\/images\/default.png') 50% 50% no-repeat;width: 125px;height:90px;margin-bottom: 5px;background-size: cover; \"><\/div>\n\t\t\t\t\t\t\t\t\t  <\/div>\n\t\t\t\t\t\t\t\t\t  \n\t\t\t\t\t\t\t\t   <span class=\"yuzo__text--title\" style=\"font-size:13px;\">Espa\u00e7o Cuidado Que Mancha celebra 10 anos com prog...<\/span>\n\t\t\t\t\t\t\t  \n\t\t\t\t\t\t\t  \n\t\t\t\t\t\t\t  <\/a>\n\n\t\t\t\t\t\t  <\/div>\n\t\t\t\t\t\t  <div class=\"relatedthumb \" style=\"width:125px;float:left;overflow:hidden;\">  \n\t\t\t\t\t\t\t  \n\t\t\t\t\t\t\t  <a  href=\"https:\/\/redept.com.br\/blogosfera\/a-goteira-que-cai-no-balde-ate-transbordar-as-raizes-sociais-da-ansiedade-no-brasil\/\"  >\n\t\t\t\t\t\t\t\t\t  <div class=\"yuzo-img-wrap \" style=\"width: 125px;height:90px;\">\n\t\t\t\t\t\t\t\t\t\t\n\t\t\t\t\t\t\t\t\t\t<div class=\"yuzo-img\" style=\"background:url('https:\/\/redept.org\/blogosfera\/wp-content\/plugins\/yuzo-related-post\/assets\/images\/default.png') 50% 50% no-repeat;width: 125px;height:90px;margin-bottom: 5px;background-size: cover; \"><\/div>\n\t\t\t\t\t\t\t\t\t  <\/div>\n\t\t\t\t\t\t\t\t\t  \n\t\t\t\t\t\t\t\t   <span class=\"yuzo__text--title\" style=\"font-size:13px;\">\u201cA goteira que cai no balde at\u00e9 transbordar\u201d: as r...<\/span>\n\t\t\t\t\t\t\t  \n\t\t\t\t\t\t\t  \n\t\t\t\t\t\t\t  <\/a>\n\n\t\t\t\t\t\t  <\/div>\n\t\t\t\t\t\t  <div class=\"relatedthumb \" style=\"width:125px;float:left;overflow:hidden;\">  \n\t\t\t\t\t\t\t  \n\t\t\t\t\t\t\t  <a  href=\"https:\/\/redept.com.br\/blogosfera\/receita-abre-na-sexta-consulta-a-maior-lote-de-restituicao-da-historia\/\"  >\n\t\t\t\t\t\t\t\t\t  <div class=\"yuzo-img-wrap \" style=\"width: 125px;height:90px;\">\n\t\t\t\t\t\t\t\t\t\t\n\t\t\t\t\t\t\t\t\t\t<div class=\"yuzo-img\" style=\"background:url('https:\/\/redept.com.br\/blogosfera\/wp-content\/uploads\/2025\/05\/irpf-2025_3-150x150.webp') 50% 50% no-repeat;width: 125px;height:90px;margin-bottom: 5px;background-size: cover; \"><\/div>\n\t\t\t\t\t\t\t\t\t  <\/div>\n\t\t\t\t\t\t\t\t\t  \n\t\t\t\t\t\t\t\t   <span class=\"yuzo__text--title\" style=\"font-size:13px;\">Receita abre na sexta consulta a maior lote de res...<\/span>\n\t\t\t\t\t\t\t  \n\t\t\t\t\t\t\t  \n\t\t\t\t\t\t\t  <\/a>\n\n\t\t\t\t\t\t  <\/div>\n\t\t\t\t\t\t  <div class=\"relatedthumb \" style=\"width:125px;float:left;overflow:hidden;\">  \n\t\t\t\t\t\t\t  \n\t\t\t\t\t\t\t  <a  href=\"https:\/\/redept.com.br\/blogosfera\/israel-avanca-em-areas-residenciais-na-cidade-de-gaza-e-moradores-pedem-socorro\/\"  >\n\t\t\t\t\t\t\t\t\t  <div class=\"yuzo-img-wrap \" style=\"width: 125px;height:90px;\">\n\t\t\t\t\t\t\t\t\t\t\n\t\t\t\t\t\t\t\t\t\t<div class=\"yuzo-img\" style=\"background:url('https:\/\/redept.com.br\/blogosfera\/wp-content\/uploads\/2025\/09\/israeli_tanks_on_israeli_border-150x150.png') 50% 50% no-repeat;width: 125px;height:90px;margin-bottom: 5px;background-size: cover; \"><\/div>\n\t\t\t\t\t\t\t\t\t  <\/div>\n\t\t\t\t\t\t\t\t\t  \n\t\t\t\t\t\t\t\t   <span class=\"yuzo__text--title\" style=\"font-size:13px;\">Israel avan\u00e7a em \u00e1reas residenciais na Cidade de G...<\/span>\n\t\t\t\t\t\t\t  \n\t\t\t\t\t\t\t  \n\t\t\t\t\t\t\t  <\/a>\n\n\t\t\t\t\t\t  <\/div>\n<\/div> <script>\n\t\t\t\t\t\t  jQuery(document).ready(function( $ ){\n\t\t\t\t\t\t\t\/\/jQuery('.yuzo_related_post').equalizer({ overflow : 'relatedthumb' });\n\t\t\t\t\t\t\tjQuery('.yuzo_related_post .yuzo_wraps').equalizer({ columns : '> div' });\n\t\t\t\t\t\t   })\n\t\t\t\t\t\t  <\/script> <!-- End Yuzo :) -->","protected":false},"excerpt":{"rendered":"<p>Livro esmi\u00fa\u00e7a t\u00e1ticas dos militares brasileiros para se infiltrar no PCB. Tamb\u00e9m narra a rela\u00e7\u00e3o de anos entre um capit\u00e3o, \u201cdono\u201d de v\u00e1rios informantes, com sua principal fonte: um membro do alto escal\u00e3o do partido, muito pr\u00f3ximo a Prestes<\/p>\n<p>The post <a href=\"https:\/\/outraspalavras.net\/historia-e-memoria\/os-cachorros-da-ditadura\/\">Os &lt;i&gt;cachorros&lt;\/i&gt; da ditadura<\/a> appeared first on <a href=\"https:\/\/outraspalavras.net\/\">Outras Palavras<\/a>.<\/p>\n","protected":false},"author":2,"featured_media":77143,"comment_status":"open","ping_status":"closed","sticky":false,"template":"","format":"standard","meta":{"fifu_image_url":"","fifu_image_alt":"","footnotes":""},"categories":[37911,37912,5488,1631,37913,37914,37915,6709,1853],"tags":[],"class_list":["post-77142","post","type-post","status-publish","format-standard","has-post-thumbnail","hentry","category-aeronautica-do-brasil","category-charles-albrick","category-historia-e-memoria","category-luis-carlos-prestes","category-marcelo-godoy","category-mello-severino","category-merival-chaves","category-partido-comunista-brasileiro","category-rubens-paiva"],"_links":{"self":[{"href":"https:\/\/redept.com.br\/blogosfera\/wp-json\/wp\/v2\/posts\/77142","targetHints":{"allow":["GET"]}}],"collection":[{"href":"https:\/\/redept.com.br\/blogosfera\/wp-json\/wp\/v2\/posts"}],"about":[{"href":"https:\/\/redept.com.br\/blogosfera\/wp-json\/wp\/v2\/types\/post"}],"author":[{"embeddable":true,"href":"https:\/\/redept.com.br\/blogosfera\/wp-json\/wp\/v2\/users\/2"}],"replies":[{"embeddable":true,"href":"https:\/\/redept.com.br\/blogosfera\/wp-json\/wp\/v2\/comments?post=77142"}],"version-history":[{"count":0,"href":"https:\/\/redept.com.br\/blogosfera\/wp-json\/wp\/v2\/posts\/77142\/revisions"}],"wp:featuredmedia":[{"embeddable":true,"href":"https:\/\/redept.com.br\/blogosfera\/wp-json\/wp\/v2\/media\/77143"}],"wp:attachment":[{"href":"https:\/\/redept.com.br\/blogosfera\/wp-json\/wp\/v2\/media?parent=77142"}],"wp:term":[{"taxonomy":"category","embeddable":true,"href":"https:\/\/redept.com.br\/blogosfera\/wp-json\/wp\/v2\/categories?post=77142"},{"taxonomy":"post_tag","embeddable":true,"href":"https:\/\/redept.com.br\/blogosfera\/wp-json\/wp\/v2\/tags?post=77142"}],"curies":[{"name":"wp","href":"https:\/\/api.w.org\/{rel}","templated":true}]}}