{"id":77396,"date":"2026-03-09T11:16:49","date_gmt":"2026-03-09T14:16:49","guid":{"rendered":"https:\/\/redept.com.br\/blogosfera\/lula-libera-mais-r-266-milhoes-para-recuperacao-de-mg-apos-chuvas\/"},"modified":"2026-03-09T11:16:49","modified_gmt":"2026-03-09T14:16:49","slug":"lula-libera-mais-r-266-milhoes-para-recuperacao-de-mg-apos-chuvas","status":"publish","type":"post","link":"https:\/\/redept.com.br\/blogosfera\/lula-libera-mais-r-266-milhoes-para-recuperacao-de-mg-apos-chuvas\/","title":{"rendered":"Lula libera mais R$ 266 milh\u00f5es para recupera\u00e7\u00e3o de MG ap\u00f3s chuvas"},"content":{"rendered":"<p><img fetchpriority=\"high\" width=\"823\" height=\"462\"src=\"https:\/\/redept.com.br\/blogosfera\/wp-content\/uploads\/2026\/03\/lula-juizdefora_Foto-Ricardo-Stuckert-_-PR1.jpg\" alt=\"\" decoding=\"async\" srcset=\"https:\/\/redept.com.br\/blogosfera\/wp-content\/uploads\/2026\/03\/lula-juizdefora_Foto-Ricardo-Stuckert-_-PR1.jpg 823w, https:\/\/vermelho.org.br\/wp-content\/uploads\/2026\/03\/lula-juizdefora_Foto-Ricardo-Stuckert-_-PR1-300x168.jpg 300w, https:\/\/vermelho.org.br\/wp-content\/uploads\/2026\/03\/lula-juizdefora_Foto-Ricardo-Stuckert-_-PR1-768x431.jpg 768w\" sizes=\"(max-width: 823px) 100vw, 823px\"><\/p>\n<p>O Di\u00e1rio Oficial da Uni\u00e3o (DOU) publicou, nesta segunda-feira (9), medida provis\u00f3ria (MP) assinada pelo presidente Luiz In\u00e1cio Lula da Silva abrindo cr\u00e9dito extraordin\u00e1rio de R$ 266,5 milh\u00f5es para refor\u00e7ar a\u00e7\u00f5es de resposta e recupera\u00e7\u00e3o em munic\u00edpios da Zona da Mata de Minas Gerais atingidos por fortes chuvas no final de fevereiro.<\/p>\n<p>De acordo com o Pal\u00e1cio do Planalto, a MP destina recursos adicionais para despesas de custeio e investimento em a\u00e7\u00f5es de prote\u00e7\u00e3o e defesa civil, voltadas ao atendimento emergencial e \u00e0 reconstru\u00e7\u00e3o em \u00e1reas impactadas por eventos extremos registrados na regi\u00e3o.<\/p>\n<p>Al\u00e9m disso, a MP estabelece apoio financeiro \u00e0s fam\u00edlias residentes em \u00e1reas afetadas, que sofreram danos materiais ou perda de bens, de munic\u00edpios com estado de calamidade p\u00fablica reconhecido pelo Poder Executivo Federal.<\/p>\n<p><strong>Leia tamb\u00e9m:<\/strong> <a href=\"https:\/\/vermelho.org.br\/2026\/03\/02\/lula-envia-ofensiva-federal-para-reconstruir-cidades-mineiras-apos-desastre\/\">Lula lan\u00e7a pacote robusto para reconstruir cidades mineiras ap\u00f3s desastre<\/a><\/p>\n<p>Na sexta-feira (6), outras duas medidas provis\u00f3rias voltadas \u00e0 popula\u00e7\u00e3o mineira tamb\u00e9m foram editadas e publicadas no DOU. Uma delas garantiu apoio financeiro direto de R$ 7,3 mil por fam\u00edlia afetada. A segunda autorizou a cria\u00e7\u00e3o de uma linha de cr\u00e9dito de R$ 500 milh\u00f5es para empreendedores e empresas impactadas pelos desastres.<\/p>\n<p>Ao anunciar essas medidas pelas redes sociais, Lula declarou: \u201cN\u00e3o vamos descansar at\u00e9 que a vida nas cidades afetadas volte ao normal. Pois sei o que \u00e9 ter a casa inundada, o que \u00e9 perder tudo pra chuva. Por isso, assumi o compromisso de cuidar das pessoas, ajudar as empresas e apoiar os munic\u00edpios na reconstru\u00e7\u00e3o\u201d.<\/p>\n<p><strong>Leia tamb\u00e9m: <\/strong><a href=\"https:\/\/vermelho.org.br\/2026\/02\/26\/governo-zema-cortou-96-dos-recursos-para-o-enfrentamento-as-chuvas-em-2-anos\/\">Em 2 anos, governo Zema cortou 96% dos recursos para o enfrentamento das chuvas<\/a><\/p>\n<p>As chuvas fortes que ca\u00edram sobre a Zona da Mata de Minas no final de fevereiro (especialmente no dia 23), somadas a condi\u00e7\u00f5es geol\u00f3gicas locais, resultaram em enchentes e desabamentos que afetaram milhares de pessoas. A \u00faltima contagem oficial indicou a morte de 72 pessoas nas cidades de Juiz de Fora e Ub\u00e1, as mais afetadas pela calamidade.<\/p>\n<p>De acordo com o Centro Nacional de Monitoramento e Alertas de Desastres Naturais (Cemaden), este foi o quarto maior desastre causado por chuvas no Brasil na \u00faltima d\u00e9cada, sendo o maior depois do que atingiu o Rio Grande do Sul em 2024.<\/p>\n<p>O post <a href=\"https:\/\/vermelho.org.br\/2026\/03\/09\/lula-libera-mais-r-266-milhoes-para-recuperacao-de-mg-apos-chuvas\/\">Lula libera mais R$ 266 milh\u00f5es para recupera\u00e7\u00e3o de MG ap\u00f3s chuvas<\/a> apareceu primeiro em <a href=\"https:\/\/vermelho.org.br\/\">Vermelho<\/a>.<\/p>\n<!-- Begin Yuzo --><div class='yuzo_related_post style-1'  data-version='5.12.89'><!-- without result --><div class='yuzo_clearfixed yuzo__title yuzo__title'><h3>Related Post<\/h3><\/div>\n\t\t\t\t\t\t  <div class=\"relatedthumb \" style=\"width:125px;float:left;overflow:hidden;\">  \n\t\t\t\t\t\t\t  \n\t\t\t\t\t\t\t  <a  href=\"https:\/\/redept.com.br\/blogosfera\/bairros-como-dar-voz-aos-territorios\/\"  >\n\t\t\t\t\t\t\t\t\t  <div class=\"yuzo-img-wrap \" style=\"width: 125px;height:90px;\">\n\t\t\t\t\t\t\t\t\t\t\n\t\t\t\t\t\t\t\t\t\t<div class=\"yuzo-img\" style=\"background:url('https:\/\/redept.com.br\/blogosfera\/wp-content\/uploads\/2026\/04\/redacao-injustica-social-150x150.jpg') 50% 50% no-repeat;width: 125px;height:90px;margin-bottom: 5px;background-size: cover; \"><\/div>\n\t\t\t\t\t\t\t\t\t  <\/div>\n\t\t\t\t\t\t\t\t\t  \n\t\t\t\t\t\t\t\t   <span class=\"yuzo__text--title\" style=\"font-size:13px;\">Bairros: Como dar voz aos territ\u00f3rios?<\/span>\n\t\t\t\t\t\t\t  \n\t\t\t\t\t\t\t  \n\t\t\t\t\t\t\t  <\/a>\n\n\t\t\t\t\t\t  <\/div>\n\t\t\t\t\t\t  <div class=\"relatedthumb \" style=\"width:125px;float:left;overflow:hidden;\">  \n\t\t\t\t\t\t\t  \n\t\t\t\t\t\t\t  <a  href=\"https:\/\/redept.com.br\/blogosfera\/debatedores-cobram-mais-protecao-e-direitos-para-frentistas\/\"  >\n\t\t\t\t\t\t\t\t\t  <div class=\"yuzo-img-wrap \" style=\"width: 125px;height:90px;\">\n\t\t\t\t\t\t\t\t\t\t\n\t\t\t\t\t\t\t\t\t\t<div class=\"yuzo-img\" style=\"background:url('https:\/\/redept.org\/blogosfera\/wp-content\/plugins\/yuzo-related-post\/assets\/images\/default.png') 50% 50% no-repeat;width: 125px;height:90px;margin-bottom: 5px;background-size: cover; \"><\/div>\n\t\t\t\t\t\t\t\t\t  <\/div>\n\t\t\t\t\t\t\t\t\t  \n\t\t\t\t\t\t\t\t   <span class=\"yuzo__text--title\" style=\"font-size:13px;\">Debatedores cobram mais prote\u00e7\u00e3o e direitos para f...<\/span>\n\t\t\t\t\t\t\t  \n\t\t\t\t\t\t\t  \n\t\t\t\t\t\t\t  <\/a>\n\n\t\t\t\t\t\t  <\/div>\n\t\t\t\t\t\t  <div class=\"relatedthumb \" style=\"width:125px;float:left;overflow:hidden;\">  \n\t\t\t\t\t\t\t  \n\t\t\t\t\t\t\t  <a  href=\"https:\/\/redept.com.br\/blogosfera\/microsoft-proibe-israel-de-usar-servicos-tecnologicos-para-espionar-palestinos\/\"  >\n\t\t\t\t\t\t\t\t\t  <div class=\"yuzo-img-wrap \" style=\"width: 125px;height:90px;\">\n\t\t\t\t\t\t\t\t\t\t\n\t\t\t\t\t\t\t\t\t\t<div class=\"yuzo-img\" style=\"background:url('https:\/\/redept.com.br\/blogosfera\/wp-content\/uploads\/2025\/09\/gyw-qsjacaaghq5-scaled-150x150.jpeg') 50% 50% no-repeat;width: 125px;height:90px;margin-bottom: 5px;background-size: cover; \"><\/div>\n\t\t\t\t\t\t\t\t\t  <\/div>\n\t\t\t\t\t\t\t\t\t  \n\t\t\t\t\t\t\t\t   <span class=\"yuzo__text--title\" style=\"font-size:13px;\">Microsoft pro\u00edbe Israel de usar servi\u00e7os tecnol\u00f3gi...<\/span>\n\t\t\t\t\t\t\t  \n\t\t\t\t\t\t\t  \n\t\t\t\t\t\t\t  <\/a>\n\n\t\t\t\t\t\t  <\/div>\n\t\t\t\t\t\t  <div class=\"relatedthumb \" style=\"width:125px;float:left;overflow:hidden;\">  \n\t\t\t\t\t\t\t  \n\t\t\t\t\t\t\t  <a  href=\"https:\/\/redept.com.br\/blogosfera\/alexandre-de-moraes-bloqueia-contas-e-bens-de-eduardo-bolsonaro\/\"  >\n\t\t\t\t\t\t\t\t\t  <div class=\"yuzo-img-wrap \" style=\"width: 125px;height:90px;\">\n\t\t\t\t\t\t\t\t\t\t\n\t\t\t\t\t\t\t\t\t\t<div class=\"yuzo-img\" style=\"background:url('https:\/\/redept.com.br\/blogosfera\/wp-content\/uploads\/2025\/07\/eduardo-bolsonaro_Foto-Marcos-Oliveira_Agencia-Senado-150x150.jpg') 50% 50% no-repeat;width: 125px;height:90px;margin-bottom: 5px;background-size: cover; \"><\/div>\n\t\t\t\t\t\t\t\t\t  <\/div>\n\t\t\t\t\t\t\t\t\t  \n\t\t\t\t\t\t\t\t   <span class=\"yuzo__text--title\" style=\"font-size:13px;\">Alexandre de Moraes bloqueia contas e bens de Edua...<\/span>\n\t\t\t\t\t\t\t  \n\t\t\t\t\t\t\t  \n\t\t\t\t\t\t\t  <\/a>\n\n\t\t\t\t\t\t  <\/div>\n<\/div> <script>\n\t\t\t\t\t\t  jQuery(document).ready(function( $ ){\n\t\t\t\t\t\t\t\/\/jQuery('.yuzo_related_post').equalizer({ overflow : 'relatedthumb' });\n\t\t\t\t\t\t\tjQuery('.yuzo_related_post .yuzo_wraps').equalizer({ columns : '> div' });\n\t\t\t\t\t\t   })\n\t\t\t\t\t\t  <\/script> <!-- End Yuzo :) -->","protected":false},"excerpt":{"rendered":"<p>O Di\u00e1rio Oficial da Uni\u00e3o (DOU) publicou, nesta segunda-feira (9), medida provis\u00f3ria (MP) assinada pelo presidente Luiz In\u00e1cio Lula da Silva abrindo cr\u00e9dito extraordin\u00e1rio de R$ 266,5 milh\u00f5es para refor\u00e7ar a\u00e7\u00f5es de resposta e recupera\u00e7\u00e3o em munic\u00edpios da Zona da Mata de Minas Gerais atingidos por fortes chuvas no final de fevereiro. De acordo com [&hellip;]<\/p>\n","protected":false},"author":2,"featured_media":0,"comment_status":"open","ping_status":"closed","sticky":false,"template":"","format":"standard","meta":{"fifu_image_url":"","fifu_image_alt":"","footnotes":""},"categories":[45,36762,205,154,17,316],"tags":[],"class_list":["post-77396","post","type-post","status-publish","format-standard","hentry","category-brasil","category-chuvas-em-minas","category-crise-ambiental","category-crise-climatica","category-governo-lula","category-minas-gerais"],"_links":{"self":[{"href":"https:\/\/redept.com.br\/blogosfera\/wp-json\/wp\/v2\/posts\/77396","targetHints":{"allow":["GET"]}}],"collection":[{"href":"https:\/\/redept.com.br\/blogosfera\/wp-json\/wp\/v2\/posts"}],"about":[{"href":"https:\/\/redept.com.br\/blogosfera\/wp-json\/wp\/v2\/types\/post"}],"author":[{"embeddable":true,"href":"https:\/\/redept.com.br\/blogosfera\/wp-json\/wp\/v2\/users\/2"}],"replies":[{"embeddable":true,"href":"https:\/\/redept.com.br\/blogosfera\/wp-json\/wp\/v2\/comments?post=77396"}],"version-history":[{"count":0,"href":"https:\/\/redept.com.br\/blogosfera\/wp-json\/wp\/v2\/posts\/77396\/revisions"}],"wp:attachment":[{"href":"https:\/\/redept.com.br\/blogosfera\/wp-json\/wp\/v2\/media?parent=77396"}],"wp:term":[{"taxonomy":"category","embeddable":true,"href":"https:\/\/redept.com.br\/blogosfera\/wp-json\/wp\/v2\/categories?post=77396"},{"taxonomy":"post_tag","embeddable":true,"href":"https:\/\/redept.com.br\/blogosfera\/wp-json\/wp\/v2\/tags?post=77396"}],"curies":[{"name":"wp","href":"https:\/\/api.w.org\/{rel}","templated":true}]}}