{"id":77575,"date":"2026-03-10T13:36:34","date_gmt":"2026-03-10T16:36:34","guid":{"rendered":"https:\/\/redept.com.br\/blogosfera\/reciclagem-no-brasil-pode-saltar-de-182-para-345-ate-2035\/"},"modified":"2026-03-10T13:36:34","modified_gmt":"2026-03-10T16:36:34","slug":"reciclagem-no-brasil-pode-saltar-de-182-para-345-ate-2035","status":"publish","type":"post","link":"https:\/\/redept.com.br\/blogosfera\/reciclagem-no-brasil-pode-saltar-de-182-para-345-ate-2035\/","title":{"rendered":"Reciclagem no Brasil pode saltar de 1,82% para 34,5% at\u00e9 2035"},"content":{"rendered":"<p><img fetchpriority=\"high\" width=\"796\" height=\"448\"src=\"https:\/\/redept.com.br\/blogosfera\/wp-content\/uploads\/2026\/03\/18_reciclar_e_social_padrao.jpg\" alt=\"\" decoding=\"async\" srcset=\"https:\/\/redept.com.br\/blogosfera\/wp-content\/uploads\/2026\/03\/18_reciclar_e_social_padrao.jpg 796w, https:\/\/vermelho.org.br\/wp-content\/uploads\/2026\/03\/18_reciclar_e_social_padrao-300x169.jpg 300w, https:\/\/vermelho.org.br\/wp-content\/uploads\/2026\/03\/18_reciclar_e_social_padrao-768x432.jpg 768w\" sizes=\"(max-width: 796px) 100vw, 796px\"><\/p>\n<p>O governo Lula quer promover uma mudan\u00e7a estrutural na gest\u00e3o de res\u00edduos nas cidades brasileiras: <strong>elevar a taxa de reciclagem de res\u00edduos secos e org\u00e2nicos de apenas 1,82% para 34,5% at\u00e9 2035<\/strong>. A meta integra o Programa Cidades Verdes Resilientes (PCVR), coordenado pelo Minist\u00e9rio do Meio Ambiente e Mudan\u00e7a do Clima, e representa um salto de mais de 30 pontos percentuais na recupera\u00e7\u00e3o de materiais recicl\u00e1veis no pa\u00eds. Veja a \u00edntegra da resolu\u00e7\u00e3o <a href=\"https:\/\/in.gov.br\/en\/web\/dou\/-\/resolucao-cg-pcvr-n-2\/2026-690220721\">aqui.<\/a><\/p>\n<p>Atualmente, de acordo com dados do Sistema Nacional de Informa\u00e7\u00f5es sobre Saneamento, o Brasil recupera <strong>apenas 1,82% do total de res\u00edduos s\u00f3lidos urbanos coletados<\/strong>, \u00edndice considerado extremamente baixo para padr\u00f5es internacionais. Esse percentual corresponde a cerca de <strong>159 mil toneladas por ano de res\u00edduos org\u00e2nicos recuperados<\/strong> e <strong>1,17 milh\u00e3o de toneladas anuais de materiais recicl\u00e1veis secos<\/strong>.<\/p>\n<p>A nova pol\u00edtica estabelece uma trajet\u00f3ria de crescimento progressivo da reciclagem nas cidades brasileiras. A meta \u00e9 atingir <strong>25,3% de recupera\u00e7\u00e3o de res\u00edduos at\u00e9 2030<\/strong> e chegar a <strong>34,5% at\u00e9 2035<\/strong>, ampliando significativamente a capacidade de triagem, compostagem e reaproveitamento de materiais.<\/p>\n<p>Para Adalberto Maluf, secret\u00e1rio nacional de Meio Ambiente Urbano, Recursos H\u00eddricos e Qualidade Ambiental do MMA, \u201ca medida busca integrar planejamento urbano, mobilidade sustent\u00e1vel, gest\u00e3o de res\u00edduos, efici\u00eancia energ\u00e9tica e a prote\u00e7\u00e3o dos recursos naturais no ambiente urbano\u201d.<\/p>\n<p><strong>Amplia\u00e7\u00e3o da coleta seletiva e inclus\u00e3o de catadores<\/strong><\/p>\n<p>Para alcan\u00e7ar esse patamar, o plano federal prev\u00ea a expans\u00e3o da coleta seletiva em todo o pa\u00eds, o fortalecimento das unidades de triagem e compostagem e a amplia\u00e7\u00e3o das pol\u00edticas de log\u00edstica reversa. O governo tamb\u00e9m aposta na inclus\u00e3o produtiva de catadoras e catadores de materiais recicl\u00e1veis, considerados agentes centrais na cadeia da reciclagem.<\/p>\n<p>O aumento da recupera\u00e7\u00e3o de res\u00edduos \u00e9 visto como estrat\u00e9gico para reduzir a press\u00e3o sobre aterros sanit\u00e1rios, diminuir a polui\u00e7\u00e3o do solo e da \u00e1gua e cortar emiss\u00f5es de gases de efeito estufa associadas \u00e0 decomposi\u00e7\u00e3o inadequada do lixo. Ao mesmo tempo, a reciclagem contribui para preservar recursos naturais ao reduzir a necessidade de extra\u00e7\u00e3o de novas mat\u00e9rias-primas.<\/p>\n<p><strong>Plano ambiental para transformar as cidades<\/strong><\/p>\n<p>A meta de reciclagem faz parte de um pacote mais amplo de pol\u00edticas ambientais urbanas previstas no Programa Cidades Verdes Resilientes. O plano estabelece metas estruturais para transformar a sustentabilidade nas cidades brasileiras nas pr\u00f3ximas d\u00e9cadas.<\/p>\n<p>Entre elas est\u00e1 a amplia\u00e7\u00e3o da cobertura vegetal urbana em 180 mil hectares at\u00e9 2035, elevando a presen\u00e7a de \u00e1reas verdes nas cidades. O programa tamb\u00e9m prev\u00ea que 57% da popula\u00e7\u00e3o urbana viva em ruas com tr\u00eas ou mais \u00e1rvores at\u00e9 2035, ampliando o conforto t\u00e9rmico e a qualidade ambiental.<\/p>\n<p>Outra meta \u00e9 fortalecer a capacidade de adapta\u00e7\u00e3o clim\u00e1tica em 35% dos munic\u00edpios brasileiros at\u00e9 2035, com instrumentos de planejamento urbano voltados \u00e0 preven\u00e7\u00e3o de desastres e \u00e0 redu\u00e7\u00e3o de riscos clim\u00e1ticos.<\/p>\n<p>Na \u00e1rea de mobilidade urbana, o programa pretende elevar a participa\u00e7\u00e3o da mobilidade ativa \u2014 deslocamentos a p\u00e9 ou de bicicleta \u2014 de cerca de 32% atualmente para 34,5% at\u00e9 2030 e 37% at\u00e9 2035, com proje\u00e7\u00f5es de chegar a 44,5% at\u00e9 2050.<\/p>\n<p>Al\u00e9m disso, o governo pretende incentivar a ado\u00e7\u00e3o de tecnologias de baixo carbono em 30% dos munic\u00edpios brasileiros at\u00e9 2035 e estimular a implementa\u00e7\u00e3o de solu\u00e7\u00f5es baseadas na natureza em 17,5% das cidades, como parques urbanos, recupera\u00e7\u00e3o de \u00e1reas verdes e infraestrutura ecol\u00f3gica para enfrentar eventos clim\u00e1ticos extremos.<\/p>\n<p>Com metas que combinam reciclagem, infraestrutura verde, mobilidade sustent\u00e1vel e inova\u00e7\u00e3o tecnol\u00f3gica, o programa busca reorientar o desenvolvimento urbano brasileiro diante da emerg\u00eancia clim\u00e1tica e das desigualdades socioambientais presentes nas cidades.<\/p>\n<p>__<\/p>\n<p><em>com informa\u00e7\u00f5es do MMA<\/em><\/p>\n<p>O post <a href=\"https:\/\/vermelho.org.br\/2026\/03\/10\/reciclagem-no-brasil-pode-saltar-de-182-para-345-ate-2035\/\">Reciclagem no Brasil pode saltar de 1,82% para 34,5% at\u00e9 2035<\/a> apareceu primeiro em <a href=\"https:\/\/vermelho.org.br\/\">Vermelho<\/a>.<\/p>\n<!-- Begin Yuzo --><div class='yuzo_related_post style-1'  data-version='5.12.89'><!-- without result --><div class='yuzo_clearfixed yuzo__title yuzo__title'><h3>Related Post<\/h3><\/div>\n\t\t\t\t\t\t  <div class=\"relatedthumb \" style=\"width:125px;float:left;overflow:hidden;\">  \n\t\t\t\t\t\t\t  \n\t\t\t\t\t\t\t  <a  href=\"https:\/\/redept.com.br\/blogosfera\/a-peleja-dos-bilionarios-contra-a-ameaca-chinesa\/\"  >\n\t\t\t\t\t\t\t\t\t  <div class=\"yuzo-img-wrap \" style=\"width: 125px;height:90px;\">\n\t\t\t\t\t\t\t\t\t\t\n\t\t\t\t\t\t\t\t\t\t<div class=\"yuzo-img\" style=\"background:url('https:\/\/redept.com.br\/blogosfera\/wp-content\/uploads\/2025\/02\/site-outras-palavras-150x150.jpg') 50% 50% no-repeat;width: 125px;height:90px;margin-bottom: 5px;background-size: cover; \"><\/div>\n\t\t\t\t\t\t\t\t\t  <\/div>\n\t\t\t\t\t\t\t\t\t  \n\t\t\t\t\t\t\t\t   <span class=\"yuzo__text--title\" style=\"font-size:13px;\">A peleja dos bilion\u00e1rios contra a \u201camea\u00e7a\u201d chinesa...<\/span>\n\t\t\t\t\t\t\t  \n\t\t\t\t\t\t\t  \n\t\t\t\t\t\t\t  <\/a>\n\n\t\t\t\t\t\t  <\/div>\n\t\t\t\t\t\t  <div class=\"relatedthumb \" style=\"width:125px;float:left;overflow:hidden;\">  \n\t\t\t\t\t\t\t  \n\t\t\t\t\t\t\t  <a  href=\"https:\/\/redept.com.br\/blogosfera\/escavacoes-no-doi-codi-investigam-memorias-da-repressao\/\"  >\n\t\t\t\t\t\t\t\t\t  <div class=\"yuzo-img-wrap \" style=\"width: 125px;height:90px;\">\n\t\t\t\t\t\t\t\t\t\t\n\t\t\t\t\t\t\t\t\t\t<div class=\"yuzo-img\" style=\"background:url('https:\/\/redept.org\/blogosfera\/wp-content\/plugins\/yuzo-related-post\/assets\/images\/default.png') 50% 50% no-repeat;width: 125px;height:90px;margin-bottom: 5px;background-size: cover; \"><\/div>\n\t\t\t\t\t\t\t\t\t  <\/div>\n\t\t\t\t\t\t\t\t\t  \n\t\t\t\t\t\t\t\t   <span class=\"yuzo__text--title\" style=\"font-size:13px;\">Escava\u00e7\u00f5es no DOI-Codi investigam mem\u00f3rias da repr...<\/span>\n\t\t\t\t\t\t\t  \n\t\t\t\t\t\t\t  \n\t\t\t\t\t\t\t  <\/a>\n\n\t\t\t\t\t\t  <\/div>\n\t\t\t\t\t\t  <div class=\"relatedthumb \" style=\"width:125px;float:left;overflow:hidden;\">  \n\t\t\t\t\t\t\t  \n\t\t\t\t\t\t\t  <a  href=\"https:\/\/redept.com.br\/blogosfera\/ira-reino-unido-alemanha-e-franca-discutem-programa-nuclear-antes-da-volta-de-trump\/\"  >\n\t\t\t\t\t\t\t\t\t  <div class=\"yuzo-img-wrap \" style=\"width: 125px;height:90px;\">\n\t\t\t\t\t\t\t\t\t\t\n\t\t\t\t\t\t\t\t\t\t<div class=\"yuzo-img\" style=\"background:url('https:\/\/redept.org\/blogosfera\/wp-content\/plugins\/yuzo-related-post\/assets\/images\/default.png') 50% 50% no-repeat;width: 125px;height:90px;margin-bottom: 5px;background-size: cover; \"><\/div>\n\t\t\t\t\t\t\t\t\t  <\/div>\n\t\t\t\t\t\t\t\t\t  \n\t\t\t\t\t\t\t\t   <span class=\"yuzo__text--title\" style=\"font-size:13px;\">Ir\u00e3, Reino Unido, Alemanha e Fran\u00e7a discutem progr...<\/span>\n\t\t\t\t\t\t\t  \n\t\t\t\t\t\t\t  \n\t\t\t\t\t\t\t  <\/a>\n\n\t\t\t\t\t\t  <\/div>\n\t\t\t\t\t\t  <div class=\"relatedthumb \" style=\"width:125px;float:left;overflow:hidden;\">  \n\t\t\t\t\t\t\t  \n\t\t\t\t\t\t\t  <a  href=\"https:\/\/redept.com.br\/blogosfera\/carmen-lucia-repreende-advogado-de-ramagem-por-fala-sobre-voto-impresso-e-auditoria-das-urnas\/\"  >\n\t\t\t\t\t\t\t\t\t  <div class=\"yuzo-img-wrap \" style=\"width: 125px;height:90px;\">\n\t\t\t\t\t\t\t\t\t\t\n\t\t\t\t\t\t\t\t\t\t<div class=\"yuzo-img\" style=\"background:url('https:\/\/redept.org\/blogosfera\/wp-content\/plugins\/yuzo-related-post\/assets\/images\/default.png') 50% 50% no-repeat;width: 125px;height:90px;margin-bottom: 5px;background-size: cover; \"><\/div>\n\t\t\t\t\t\t\t\t\t  <\/div>\n\t\t\t\t\t\t\t\t\t  \n\t\t\t\t\t\t\t\t   <span class=\"yuzo__text--title\" style=\"font-size:13px;\">C\u00e1rmen L\u00facia repreende advogado de Ramagem por fal...<\/span>\n\t\t\t\t\t\t\t  \n\t\t\t\t\t\t\t  \n\t\t\t\t\t\t\t  <\/a>\n\n\t\t\t\t\t\t  <\/div>\n<\/div> <script>\n\t\t\t\t\t\t  jQuery(document).ready(function( $ ){\n\t\t\t\t\t\t\t\/\/jQuery('.yuzo_related_post').equalizer({ overflow : 'relatedthumb' });\n\t\t\t\t\t\t\tjQuery('.yuzo_related_post .yuzo_wraps').equalizer({ columns : '> div' });\n\t\t\t\t\t\t   })\n\t\t\t\t\t\t  <\/script> <!-- End Yuzo :) -->","protected":false},"excerpt":{"rendered":"<p>O governo Lula quer promover uma mudan\u00e7a estrutural na gest\u00e3o de res\u00edduos nas cidades brasileiras: elevar a taxa de reciclagem de res\u00edduos secos e org\u00e2nicos de apenas 1,82% para 34,5% at\u00e9 2035. A meta integra o Programa Cidades Verdes Resilientes (PCVR), coordenado pelo Minist\u00e9rio do Meio Ambiente e Mudan\u00e7a do Clima, e representa um salto [&hellip;]<\/p>\n","protected":false},"author":2,"featured_media":0,"comment_status":"open","ping_status":"closed","sticky":false,"template":"","format":"standard","meta":{"fifu_image_url":"","fifu_image_alt":"","footnotes":""},"categories":[38329,38330,38331,38332,18,37594,38333],"tags":[],"class_list":["post-77575","post","type-post","status-publish","format-standard","hentry","category-cidades-verdes-resilientes","category-coleta-seletiva","category-economia-circular","category-gestao-de-residuos-urbanos","category-meio-ambiente","category-politica-ambiental-lula","category-reciclagem-no-brasil"],"_links":{"self":[{"href":"https:\/\/redept.com.br\/blogosfera\/wp-json\/wp\/v2\/posts\/77575","targetHints":{"allow":["GET"]}}],"collection":[{"href":"https:\/\/redept.com.br\/blogosfera\/wp-json\/wp\/v2\/posts"}],"about":[{"href":"https:\/\/redept.com.br\/blogosfera\/wp-json\/wp\/v2\/types\/post"}],"author":[{"embeddable":true,"href":"https:\/\/redept.com.br\/blogosfera\/wp-json\/wp\/v2\/users\/2"}],"replies":[{"embeddable":true,"href":"https:\/\/redept.com.br\/blogosfera\/wp-json\/wp\/v2\/comments?post=77575"}],"version-history":[{"count":0,"href":"https:\/\/redept.com.br\/blogosfera\/wp-json\/wp\/v2\/posts\/77575\/revisions"}],"wp:attachment":[{"href":"https:\/\/redept.com.br\/blogosfera\/wp-json\/wp\/v2\/media?parent=77575"}],"wp:term":[{"taxonomy":"category","embeddable":true,"href":"https:\/\/redept.com.br\/blogosfera\/wp-json\/wp\/v2\/categories?post=77575"},{"taxonomy":"post_tag","embeddable":true,"href":"https:\/\/redept.com.br\/blogosfera\/wp-json\/wp\/v2\/tags?post=77575"}],"curies":[{"name":"wp","href":"https:\/\/api.w.org\/{rel}","templated":true}]}}