{"id":77985,"date":"2026-03-12T17:02:22","date_gmt":"2026-03-12T20:02:22","guid":{"rendered":"https:\/\/redept.com.br\/blogosfera\/inflacao-recua-063-e-fica-abaixo-de-4-pela-primeira-vez-em-2-anos\/"},"modified":"2026-03-12T17:02:22","modified_gmt":"2026-03-12T20:02:22","slug":"inflacao-recua-063-e-fica-abaixo-de-4-pela-primeira-vez-em-2-anos","status":"publish","type":"post","link":"https:\/\/redept.com.br\/blogosfera\/inflacao-recua-063-e-fica-abaixo-de-4-pela-primeira-vez-em-2-anos\/","title":{"rendered":"Infla\u00e7\u00e3o recua 0,63% e fica abaixo de 4% pela primeira vez em 2 anos"},"content":{"rendered":"<p><img fetchpriority=\"high\" width=\"1024\" height=\"613\"src=\"https:\/\/redept.com.br\/blogosfera\/wp-content\/uploads\/2026\/03\/inflacao-2022-Tania-Rego-Agencia-Brasil.jpg\" alt=\"\" decoding=\"async\" srcset=\"https:\/\/vermelho.org.br\/wp-content\/uploads\/2022\/06\/infla\u00e7\u00e3o-2022-T\u00e2nia-R\u00eago-Ag\u00eancia-Brasil-1024x613.jpg 1024w, https:\/\/vermelho.org.br\/wp-content\/uploads\/2022\/06\/infla\u00e7\u00e3o-2022-T\u00e2nia-R\u00eago-Ag\u00eancia-Brasil-300x179.jpg 300w, https:\/\/vermelho.org.br\/wp-content\/uploads\/2022\/06\/infla\u00e7\u00e3o-2022-T\u00e2nia-R\u00eago-Ag\u00eancia-Brasil-768x459.jpg 768w, https:\/\/redept.com.br\/blogosfera\/wp-content\/uploads\/2026\/03\/inflacao-2022-Tania-Rego-Agencia-Brasil.jpg 1170w\" sizes=\"(max-width: 1024px) 100vw, 1024px\"><\/p>\n<p>A infla\u00e7\u00e3o brasileira voltou a desacelerar e alcan\u00e7ou um marco importante em 2026. O \u00cdndice Nacional de Pre\u00e7os ao Consumidor Amplo (IPCA), divulgado pelo\u00a0Instituto Brasileiro de Geografia e Estat\u00edstica\u00a0(IBGE), ficou em\u00a03,81% no acumulado de 12 meses, recuando em rela\u00e7\u00e3o aos\u00a04,44% registrados anteriormente.<\/p>\n<p>\u00c9 a\u00a0primeira vez desde maio de 2024 que o indicador fica abaixo de 4%, sinalizando uma tend\u00eancia de estabilidade de pre\u00e7os ap\u00f3s um per\u00edodo de press\u00e3o inflacion\u00e1ria.<\/p>\n<p>O resultado mant\u00e9m a infla\u00e7\u00e3o\u00a0dentro do intervalo de toler\u00e2ncia da meta definida pelo\u00a0Banco Central do Brasil, que estabelece objetivo de 3% ao ano, com limite m\u00e1ximo de 4,5%.<\/p>\n<p><strong>Governo aposta em medidas para reduzir pre\u00e7os<\/strong><\/p>\n<p>A desacelera\u00e7\u00e3o ocorre em meio a iniciativas do governo do presidente\u00a0Luiz In\u00e1cio Lula da Silva\u00a0voltadas para conter a alta do custo de vida, especialmente em setores sens\u00edveis ao or\u00e7amento das fam\u00edlias.<\/p>\n<p>Entre os fatores apontados por analistas est\u00e3o pol\u00edticas voltadas \u00e0 redu\u00e7\u00e3o do pre\u00e7o de combust\u00edveis, est\u00edmulo \u00e0 produ\u00e7\u00e3o agr\u00edcola e amplia\u00e7\u00e3o da oferta de alimentos, al\u00e9m de medidas para estabilizar cadeias de abastecimento.<\/p>\n<p>Essas a\u00e7\u00f5es t\u00eam impacto direto na forma\u00e7\u00e3o de pre\u00e7os, especialmente no setor de alimenta\u00e7\u00e3o e transporte, que possuem peso significativo na composi\u00e7\u00e3o do \u00edndice de infla\u00e7\u00e3o.<\/p>\n<p><strong>Educa\u00e7\u00e3o e transportes pressionam \u00edndice mensal<\/strong><\/p>\n<p>Apesar da desacelera\u00e7\u00e3o no acumulado anual, o IPCA registrou\u00a0alta de 0,7% em fevereiro, acima dos\u00a00,33% de janeiro, movimento considerado t\u00edpico do in\u00edcio do ano.<\/p>\n<p>O principal impacto veio do grupo\u00a0Educa\u00e7\u00e3o, que subiu\u00a05,21%, refletindo reajustes anuais de mensalidades escolares e cursos.<\/p>\n<p>Segundo o gerente da pesquisa do IBGE,\u00a0Fernando Gon\u00e7alves, cerca de\u00a044% do \u00edndice mensal est\u00e1 associado ao setor educacional, especialmente aos cursos regulares. Os maiores reajustes ocorreram no ensino m\u00e9dio, fundamental e pr\u00e9-escola.<\/p>\n<p>Outro grupo com influ\u00eancia relevante foi o de\u00a0Transportes, respons\u00e1vel por parte significativa do resultado do m\u00eas.<\/p>\n<p><strong>Combust\u00edveis e alimentos ajudam a conter infla\u00e7\u00e3o<\/strong><\/p>\n<p>Por outro lado, alguns itens importantes do or\u00e7amento das fam\u00edlias registraram queda de pre\u00e7os.<\/p>\n<p>No grupo de combust\u00edveis, houve retra\u00e7\u00e3o m\u00e9dia de\u00a0-0,47%, com destaque para a queda da gasolina (-0,61%) e do g\u00e1s veicular (-3,10%).<\/p>\n<p>No setor de alimentos, o comportamento foi moderado, com varia\u00e7\u00e3o de\u00a00,26%. Alguns produtos apresentaram redu\u00e7\u00f5es expressivas, como:<\/p>\n<ul>\n<li>frutas (-2,78%)<\/li>\n<li>\u00f3leo de soja (-2,62%)<\/li>\n<li>arroz (-2,36%)<\/li>\n<li>caf\u00e9 mo\u00eddo (-1,20%)<\/li>\n<\/ul>\n<p>O arroz, por exemplo, acumula\u00a0queda de 27,86% nos \u00faltimos 12 meses, reflexo da amplia\u00e7\u00e3o da oferta do cereal no mercado interno.<\/p>\n<p><strong>Cesta b\u00e1sica registra queda em metade das capitais<\/strong><\/p>\n<p>Outro indicador que refor\u00e7a a tend\u00eancia de desacelera\u00e7\u00e3o dos pre\u00e7os \u00e9 a Pesquisa Nacional da Cesta B\u00e1sica de Alimentos, elaborada pela\u00a0Companhia Nacional de Abastecimento\u00a0(Conab) e pelo\u00a0Departamento Intersindical de Estat\u00edstica e Estudos Socioecon\u00f4micos\u00a0(Dieese).<\/p>\n<p>O levantamento mostrou\u00a0queda no custo da cesta b\u00e1sica em 13 das 27 capitais brasileiras em fevereiro, resultado associado principalmente \u00e0 redu\u00e7\u00e3o de pre\u00e7os de produtos como \u00f3leo de soja, a\u00e7\u00facar, caf\u00e9 e leite.<\/p>\n<p>Para especialistas, a redu\u00e7\u00e3o nesses itens tem impacto direto no poder de compra das fam\u00edlias de renda m\u00e9dia e baixa.<\/p>\n<p><strong>Tend\u00eancia de estabilidade<\/strong><\/p>\n<p>Economistas avaliam que o recuo do IPCA em 12 meses indica uma trajet\u00f3ria de maior estabilidade inflacion\u00e1ria, ainda que press\u00f5es pontuais possam surgir ao longo do ano.<\/p>\n<p>A leitura predominante \u00e9 que, mantido o controle sobre combust\u00edveis, alimentos e servi\u00e7os essenciais, o pa\u00eds poder\u00e1 consolidar um cen\u00e1rio de infla\u00e7\u00e3o moderada \u2014 fator considerado decisivo para sustentar crescimento econ\u00f4mico e preservar o poder de compra da popula\u00e7\u00e3o.<\/p>\n<p>O post <a href=\"https:\/\/vermelho.org.br\/2026\/03\/12\/inflacao-recua-063-e-fica-abaixo-de-4-pela-primeira-vez-em-2-anos\/\">Infla\u00e7\u00e3o recua 0,63% e fica abaixo de 4% pela primeira vez em 2 anos<\/a> apareceu primeiro em <a href=\"https:\/\/vermelho.org.br\/\">Vermelho<\/a>.<\/p>\n<!-- Begin Yuzo --><div class='yuzo_related_post style-1'  data-version='5.12.89'><!-- without result --><div class='yuzo_clearfixed yuzo__title yuzo__title'><h3>Related Post<\/h3><\/div>\n\t\t\t\t\t\t  <div class=\"relatedthumb \" style=\"width:125px;float:left;overflow:hidden;\">  \n\t\t\t\t\t\t\t  \n\t\t\t\t\t\t\t  <a  href=\"https:\/\/redept.com.br\/blogosfera\/governo-lula-ve-com-simpatia-reducao-de-jornada-de-trabalho-diz-ministro\/\"  >\n\t\t\t\t\t\t\t\t\t  <div class=\"yuzo-img-wrap \" style=\"width: 125px;height:90px;\">\n\t\t\t\t\t\t\t\t\t\t\n\t\t\t\t\t\t\t\t\t\t<div class=\"yuzo-img\" style=\"background:url('https:\/\/redept.org\/blogosfera\/wp-content\/plugins\/yuzo-related-post\/assets\/images\/default.png') 50% 50% no-repeat;width: 125px;height:90px;margin-bottom: 5px;background-size: cover; \"><\/div>\n\t\t\t\t\t\t\t\t\t  <\/div>\n\t\t\t\t\t\t\t\t\t  \n\t\t\t\t\t\t\t\t   <span class=\"yuzo__text--title\" style=\"font-size:13px;\">Governo Lula v\u00ea com simpatia redu\u00e7\u00e3o de jornada de...<\/span>\n\t\t\t\t\t\t\t  \n\t\t\t\t\t\t\t  \n\t\t\t\t\t\t\t  <\/a>\n\n\t\t\t\t\t\t  <\/div>\n\t\t\t\t\t\t  <div class=\"relatedthumb \" style=\"width:125px;float:left;overflow:hidden;\">  \n\t\t\t\t\t\t\t  \n\t\t\t\t\t\t\t  <a  href=\"https:\/\/redept.com.br\/blogosfera\/lula-vence-todos-os-oponentes-e-explicita-dificuldades-da-direita\/\"  >\n\t\t\t\t\t\t\t\t\t  <div class=\"yuzo-img-wrap \" style=\"width: 125px;height:90px;\">\n\t\t\t\t\t\t\t\t\t\t\n\t\t\t\t\t\t\t\t\t\t<div class=\"yuzo-img\" style=\"background:url('https:\/\/redept.com.br\/blogosfera\/wp-content\/uploads\/2025\/09\/lula-e-trabalhadora_Fotos-Ricardo-Stuckert-_-PR-150x150.jpg') 50% 50% no-repeat;width: 125px;height:90px;margin-bottom: 5px;background-size: cover; \"><\/div>\n\t\t\t\t\t\t\t\t\t  <\/div>\n\t\t\t\t\t\t\t\t\t  \n\t\t\t\t\t\t\t\t   <span class=\"yuzo__text--title\" style=\"font-size:13px;\">Lula vence todos os oponentes e explicita dificuld...<\/span>\n\t\t\t\t\t\t\t  \n\t\t\t\t\t\t\t  \n\t\t\t\t\t\t\t  <\/a>\n\n\t\t\t\t\t\t  <\/div>\n\t\t\t\t\t\t  <div class=\"relatedthumb \" style=\"width:125px;float:left;overflow:hidden;\">  \n\t\t\t\t\t\t\t  \n\t\t\t\t\t\t\t  <a  href=\"https:\/\/redept.com.br\/blogosfera\/governo-ibaneis-rocha-e-terracap-promovem-despejo-violento-na-terra-indigena-bananal-no-df\/\"  >\n\t\t\t\t\t\t\t\t\t  <div class=\"yuzo-img-wrap \" style=\"width: 125px;height:90px;\">\n\t\t\t\t\t\t\t\t\t\t\n\t\t\t\t\t\t\t\t\t\t<div class=\"yuzo-img\" style=\"background:url('https:\/\/redept.com.br\/blogosfera\/wp-content\/uploads\/2025\/06\/Imagem-do-WhatsApp-de-2025-06-13-as-183749_2446160b-150x150.jpg') 50% 50% no-repeat;width: 125px;height:90px;margin-bottom: 5px;background-size: cover; \"><\/div>\n\t\t\t\t\t\t\t\t\t  <\/div>\n\t\t\t\t\t\t\t\t\t  \n\t\t\t\t\t\t\t\t   <span class=\"yuzo__text--title\" style=\"font-size:13px;\">Governo Ibaneis Rocha e Terracap promovem despejo ...<\/span>\n\t\t\t\t\t\t\t  \n\t\t\t\t\t\t\t  \n\t\t\t\t\t\t\t  <\/a>\n\n\t\t\t\t\t\t  <\/div>\n\t\t\t\t\t\t  <div class=\"relatedthumb \" style=\"width:125px;float:left;overflow:hidden;\">  \n\t\t\t\t\t\t\t  \n\t\t\t\t\t\t\t  <a  href=\"https:\/\/redept.com.br\/blogosfera\/exploracao-de-petroleo-na-foz-do-amazonas-nao-pode-ser-uma-opcao-no-brasil-diz-conselheira-da-onu\/\"  >\n\t\t\t\t\t\t\t\t\t  <div class=\"yuzo-img-wrap \" style=\"width: 125px;height:90px;\">\n\t\t\t\t\t\t\t\t\t\t\n\t\t\t\t\t\t\t\t\t\t<div class=\"yuzo-img\" style=\"background:url('https:\/\/redept.org\/blogosfera\/wp-content\/plugins\/yuzo-related-post\/assets\/images\/default.png') 50% 50% no-repeat;width: 125px;height:90px;margin-bottom: 5px;background-size: cover; \"><\/div>\n\t\t\t\t\t\t\t\t\t  <\/div>\n\t\t\t\t\t\t\t\t\t  \n\t\t\t\t\t\t\t\t   <span class=\"yuzo__text--title\" style=\"font-size:13px;\">Explora\u00e7\u00e3o de petr\u00f3leo na Foz do Amazonas n\u00e3o pode...<\/span>\n\t\t\t\t\t\t\t  \n\t\t\t\t\t\t\t  \n\t\t\t\t\t\t\t  <\/a>\n\n\t\t\t\t\t\t  <\/div>\n<\/div> <script>\n\t\t\t\t\t\t  jQuery(document).ready(function( $ ){\n\t\t\t\t\t\t\t\/\/jQuery('.yuzo_related_post').equalizer({ overflow : 'relatedthumb' });\n\t\t\t\t\t\t\tjQuery('.yuzo_related_post .yuzo_wraps').equalizer({ columns : '> div' });\n\t\t\t\t\t\t   })\n\t\t\t\t\t\t  <\/script> <!-- End Yuzo :) -->","protected":false},"excerpt":{"rendered":"<p>A infla\u00e7\u00e3o brasileira voltou a desacelerar e alcan\u00e7ou um marco importante em 2026. O \u00cdndice Nacional de Pre\u00e7os ao Consumidor Amplo (IPCA), divulgado pelo\u00a0Instituto Brasileiro de Geografia e Estat\u00edstica\u00a0(IBGE), ficou em\u00a03,81% no acumulado de 12 meses, recuando em rela\u00e7\u00e3o aos\u00a04,44% registrados anteriormente. \u00c9 a\u00a0primeira vez desde maio de 2024 que o indicador fica abaixo de [&hellip;]<\/p>\n","protected":false},"author":2,"featured_media":0,"comment_status":"open","ping_status":"closed","sticky":false,"template":"","format":"standard","meta":{"fifu_image_url":"","fifu_image_alt":"","footnotes":""},"categories":[1861,3453,221,95,122,1045,1300,2921],"tags":[],"class_list":["post-77985","post","type-post","status-publish","format-standard","hentry","category-cesta-basica","category-combustiveis","category-economia","category-educacao","category-inflacao","category-ipca","category-seguranca-alimentar","category-transportes"],"_links":{"self":[{"href":"https:\/\/redept.com.br\/blogosfera\/wp-json\/wp\/v2\/posts\/77985","targetHints":{"allow":["GET"]}}],"collection":[{"href":"https:\/\/redept.com.br\/blogosfera\/wp-json\/wp\/v2\/posts"}],"about":[{"href":"https:\/\/redept.com.br\/blogosfera\/wp-json\/wp\/v2\/types\/post"}],"author":[{"embeddable":true,"href":"https:\/\/redept.com.br\/blogosfera\/wp-json\/wp\/v2\/users\/2"}],"replies":[{"embeddable":true,"href":"https:\/\/redept.com.br\/blogosfera\/wp-json\/wp\/v2\/comments?post=77985"}],"version-history":[{"count":0,"href":"https:\/\/redept.com.br\/blogosfera\/wp-json\/wp\/v2\/posts\/77985\/revisions"}],"wp:attachment":[{"href":"https:\/\/redept.com.br\/blogosfera\/wp-json\/wp\/v2\/media?parent=77985"}],"wp:term":[{"taxonomy":"category","embeddable":true,"href":"https:\/\/redept.com.br\/blogosfera\/wp-json\/wp\/v2\/categories?post=77985"},{"taxonomy":"post_tag","embeddable":true,"href":"https:\/\/redept.com.br\/blogosfera\/wp-json\/wp\/v2\/tags?post=77985"}],"curies":[{"name":"wp","href":"https:\/\/api.w.org\/{rel}","templated":true}]}}