{"id":78394,"date":"2026-03-15T17:33:50","date_gmt":"2026-03-15T20:33:50","guid":{"rendered":"https:\/\/redept.com.br\/blogosfera\/ira-afirma-que-depositos-de-misseis-permanecem-intactos-apos-duas-semanas-de-bombardeios\/"},"modified":"2026-03-15T17:33:50","modified_gmt":"2026-03-15T20:33:50","slug":"ira-afirma-que-depositos-de-misseis-permanecem-intactos-apos-duas-semanas-de-bombardeios","status":"publish","type":"post","link":"https:\/\/redept.com.br\/blogosfera\/ira-afirma-que-depositos-de-misseis-permanecem-intactos-apos-duas-semanas-de-bombardeios\/","title":{"rendered":"Ir\u00e3 afirma que dep\u00f3sitos de m\u00edsseis permanecem \u2018intactos\u2019 ap\u00f3s duas semanas de bombardeios"},"content":{"rendered":"<p>O porta-voz da Guarda Revolucion\u00e1ria Isl\u00e2mica (IRGC) afirmou neste domingo (15\/03) que \u201cmuitos\u201d dos seus dep\u00f3sitos de m\u00edsseis permanecem intactos, de acordo com a ag\u00eancia de not\u00edcias iraniana <em>Fars<\/em>.<\/p>\n<p>\u201cA maioria dos m\u00edsseis que estamos lan\u00e7ando agora foi fabricada h\u00e1 uma d\u00e9cada\u201d, afirmou o porta-voz. Ao mesmo tempo, ele observou que os m\u00edsseis fabricados ap\u00f3s a guerra de 12 dias de junho do ano passado \u201cainda n\u00e3o foram implantados\u201d.<\/p>\n<p>Al\u00e9m disso, ele desmentiu as alega\u00e7\u00f5es do presidente dos EUA, Donald Trump, sobre a destrui\u00e7\u00e3o da Marinha iraniana pelos Estados Unidos. \u201cBem, que ele tenha a coragem de enviar seus navios de guerra para o Golfo P\u00e9rsico\u201d, retrucou o porta-voz.<\/p>\n<p>Por sua vez, segundo uma reportagem do <em>Financial Times<\/em>, publicada na \u00faltima quinta-feira (12\/03), a guerra dos Estados Unidos e de Israel contra o Ir\u00e3 tem consumido rapidamente parte significativa do arsenal norte-americano estocado pelo Departamento de Defesa.<\/p>\n<p>Fontes afirmaram ao jornal que a administra\u00e7\u00e3o Trump j\u00e1 usou anos de estoques de muni\u00e7\u00f5es cr\u00edticas nas primeiras fases da campanha militar, iniciada em 28 de fevereiro; e que o ritmo intenso dos ataques, especialmente utilizando m\u00edsseis de longo alcance, pode levar a um desgaste expressivo das reservas militares.<\/p>\n<p>Segundo dados apresentados pelo Departamento de Defesa ao Congresso, os primeiros seis dias da guerra j\u00e1 consumiram mais de US$ 11 bilh\u00f5es, grande parte destinada \u00e0 reposi\u00e7\u00e3o de muni\u00e7\u00f5es e uso de sistemas de defesa a\u00e9rea avan\u00e7ados.<\/p>\n<p>O post Ir\u00e3 afirma que dep\u00f3sitos de m\u00edsseis permanecem \u2018intactos\u2019 ap\u00f3s duas semanas de bombardeios apareceu primeiro em Opera Mundi.<\/p>\n<!-- Begin Yuzo --><div class='yuzo_related_post style-1'  data-version='5.12.89'><!-- without result --><div class='yuzo_clearfixed yuzo__title yuzo__title'><h3>Related Post<\/h3><\/div>\n\t\t\t\t\t\t  <div class=\"relatedthumb \" style=\"width:125px;float:left;overflow:hidden;\">  \n\t\t\t\t\t\t\t  \n\t\t\t\t\t\t\t  <a  href=\"https:\/\/redept.com.br\/blogosfera\/trump-acordo-sobre-o-clima-e-violencia-na-america-latina-no-janela-internacional\/\"  >\n\t\t\t\t\t\t\t\t\t  <div class=\"yuzo-img-wrap \" style=\"width: 125px;height:90px;\">\n\t\t\t\t\t\t\t\t\t\t\n\t\t\t\t\t\t\t\t\t\t<div class=\"yuzo-img\" style=\"background:url('https:\/\/redept.org\/blogosfera\/wp-content\/plugins\/yuzo-related-post\/assets\/images\/default.png') 50% 50% no-repeat;width: 125px;height:90px;margin-bottom: 5px;background-size: cover; \"><\/div>\n\t\t\t\t\t\t\t\t\t  <\/div>\n\t\t\t\t\t\t\t\t\t  \n\t\t\t\t\t\t\t\t   <span class=\"yuzo__text--title\" style=\"font-size:13px;\">Trump, acordo sobre o clima e viol\u00eancia na Am\u00e9rica...<\/span>\n\t\t\t\t\t\t\t  \n\t\t\t\t\t\t\t  \n\t\t\t\t\t\t\t  <\/a>\n\n\t\t\t\t\t\t  <\/div>\n\t\t\t\t\t\t  <div class=\"relatedthumb \" style=\"width:125px;float:left;overflow:hidden;\">  \n\t\t\t\t\t\t\t  \n\t\t\t\t\t\t\t  <a  href=\"https:\/\/redept.com.br\/blogosfera\/guerra-no-oriente-medio-9-de-marco-ultimas-noticias\/\"  >\n\t\t\t\t\t\t\t\t\t  <div class=\"yuzo-img-wrap \" style=\"width: 125px;height:90px;\">\n\t\t\t\t\t\t\t\t\t\t\n\t\t\t\t\t\t\t\t\t\t<div class=\"yuzo-img\" style=\"background:url('https:\/\/redept.org\/blogosfera\/wp-content\/plugins\/yuzo-related-post\/assets\/images\/default.png') 50% 50% no-repeat;width: 125px;height:90px;margin-bottom: 5px;background-size: cover; \"><\/div>\n\t\t\t\t\t\t\t\t\t  <\/div>\n\t\t\t\t\t\t\t\t\t  \n\t\t\t\t\t\t\t\t   <span class=\"yuzo__text--title\" style=\"font-size:13px;\">Guerra no Oriente M\u00e9dio, 9 de mar\u00e7o: \u00faltimas not\u00edc...<\/span>\n\t\t\t\t\t\t\t  \n\t\t\t\t\t\t\t  \n\t\t\t\t\t\t\t  <\/a>\n\n\t\t\t\t\t\t  <\/div>\n\t\t\t\t\t\t  <div class=\"relatedthumb \" style=\"width:125px;float:left;overflow:hidden;\">  \n\t\t\t\t\t\t\t  \n\t\t\t\t\t\t\t  <a  href=\"https:\/\/sul21.com.br\/noticias\/geral\/2025\/08\/entenda-como-sera-o-rito-do-julgamento-de-bolsonaro-e-aliados-no-stf\/\"  >\n\t\t\t\t\t\t\t\t\t  <div class=\"yuzo-img-wrap \" style=\"width: 125px;height:90px;\">\n\t\t\t\t\t\t\t\t\t\t\n\t\t\t\t\t\t\t\t\t\t<div class=\"yuzo-img\" style=\"background:url('https:\/\/agenciabrasil.ebc.com.br\/ebc.png?id=1654601&amp;o=node') 50% 50% no-repeat;width: 125px;height:90px;margin-bottom: 5px;background-size: cover; \"><\/div>\n\t\t\t\t\t\t\t\t\t  <\/div>\n\t\t\t\t\t\t\t\t\t  \n\t\t\t\t\t\t\t\t   <span class=\"yuzo__text--title\" style=\"font-size:13px;\">Entenda como ser\u00e1 o rito do julgamento de Bolsonar...<\/span>\n\t\t\t\t\t\t\t  \n\t\t\t\t\t\t\t  \n\t\t\t\t\t\t\t  <\/a>\n\n\t\t\t\t\t\t  <\/div>\n\t\t\t\t\t\t  <div class=\"relatedthumb \" style=\"width:125px;float:left;overflow:hidden;\">  \n\t\t\t\t\t\t\t  \n\t\t\t\t\t\t\t  <a  href=\"https:\/\/redept.com.br\/blogosfera\/resultado-da-mega-sena-2879\/\"  >\n\t\t\t\t\t\t\t\t\t  <div class=\"yuzo-img-wrap \" style=\"width: 125px;height:90px;\">\n\t\t\t\t\t\t\t\t\t\t\n\t\t\t\t\t\t\t\t\t\t<div class=\"yuzo-img\" style=\"background:url('https:\/\/redept.com.br\/blogosfera\/wp-content\/uploads\/2025\/06\/Mega-sena-6-150x150.webp') 50% 50% no-repeat;width: 125px;height:90px;margin-bottom: 5px;background-size: cover; \"><\/div>\n\t\t\t\t\t\t\t\t\t  <\/div>\n\t\t\t\t\t\t\t\t\t  \n\t\t\t\t\t\t\t\t   <span class=\"yuzo__text--title\" style=\"font-size:13px;\">Resultado da Mega Sena 2879<\/span>\n\t\t\t\t\t\t\t  \n\t\t\t\t\t\t\t  \n\t\t\t\t\t\t\t  <\/a>\n\n\t\t\t\t\t\t  <\/div>\n<\/div> <script>\n\t\t\t\t\t\t  jQuery(document).ready(function( $ ){\n\t\t\t\t\t\t\t\/\/jQuery('.yuzo_related_post').equalizer({ overflow : 'relatedthumb' });\n\t\t\t\t\t\t\tjQuery('.yuzo_related_post .yuzo_wraps').equalizer({ columns : '> div' });\n\t\t\t\t\t\t   })\n\t\t\t\t\t\t  <\/script> <!-- End Yuzo :) -->","protected":false},"excerpt":{"rendered":"<p>O porta-voz da Guarda Revolucion\u00e1ria Isl\u00e2mica (IRGC) afirmou neste domingo (15\/03) que \u201cmuitos\u201d dos seus dep\u00f3sitos de m\u00edsseis permanecem intactos, de acordo com a ag\u00eancia de not\u00edcias iraniana Fars. \u201cA maioria dos m\u00edsseis que estamos lan\u00e7ando agora foi fabricada h\u00e1 uma d\u00e9cada\u201d, afirmou o porta-voz. Ao mesmo tempo, ele observou que os m\u00edsseis fabricados ap\u00f3s [\u2026]<\/p>\n<p>O post <a href=\"https:\/\/operamundi.uol.com.br\/guerra-eua-israel-x-ira\/ira-afirma-que-depositos-de-misseis-permanecem-intactos-apos-duas-semanas-de-bombardeios\/\">Ir\u00e3 afirma que dep\u00f3sitos de m\u00edsseis permanecem \u2018intactos\u2019 ap\u00f3s duas semanas de bombardeios<\/a> apareceu primeiro em <a href=\"https:\/\/operamundi.uol.com.br\/\">Opera Mundi<\/a>.<\/p>\n","protected":false},"author":2,"featured_media":0,"comment_status":"closed","ping_status":"closed","sticky":false,"template":"","format":"standard","meta":{"fifu_image_url":"","fifu_image_alt":"","footnotes":""},"categories":[3803,2705,394,23,37251,41,25],"tags":[],"class_list":["post-78394","post","type-post","status-publish","format-standard","hentry","category-armamento","category-armas","category-estados-unidos","category-guerra","category-guerra-eua-e-israel-x-ira","category-ira","category-israel"],"_links":{"self":[{"href":"https:\/\/redept.com.br\/blogosfera\/wp-json\/wp\/v2\/posts\/78394","targetHints":{"allow":["GET"]}}],"collection":[{"href":"https:\/\/redept.com.br\/blogosfera\/wp-json\/wp\/v2\/posts"}],"about":[{"href":"https:\/\/redept.com.br\/blogosfera\/wp-json\/wp\/v2\/types\/post"}],"author":[{"embeddable":true,"href":"https:\/\/redept.com.br\/blogosfera\/wp-json\/wp\/v2\/users\/2"}],"replies":[{"embeddable":true,"href":"https:\/\/redept.com.br\/blogosfera\/wp-json\/wp\/v2\/comments?post=78394"}],"version-history":[{"count":0,"href":"https:\/\/redept.com.br\/blogosfera\/wp-json\/wp\/v2\/posts\/78394\/revisions"}],"wp:attachment":[{"href":"https:\/\/redept.com.br\/blogosfera\/wp-json\/wp\/v2\/media?parent=78394"}],"wp:term":[{"taxonomy":"category","embeddable":true,"href":"https:\/\/redept.com.br\/blogosfera\/wp-json\/wp\/v2\/categories?post=78394"},{"taxonomy":"post_tag","embeddable":true,"href":"https:\/\/redept.com.br\/blogosfera\/wp-json\/wp\/v2\/tags?post=78394"}],"curies":[{"name":"wp","href":"https:\/\/api.w.org\/{rel}","templated":true}]}}