{"id":78461,"date":"2026-03-16T13:13:15","date_gmt":"2026-03-16T16:13:15","guid":{"rendered":"https:\/\/redept.com.br\/blogosfera\/troca-da-banca-de-defesa-sinaliza-delacao-de-daniel-vorcaro\/"},"modified":"2026-03-16T13:13:15","modified_gmt":"2026-03-16T16:13:15","slug":"troca-da-banca-de-defesa-sinaliza-delacao-de-daniel-vorcaro","status":"publish","type":"post","link":"https:\/\/redept.com.br\/blogosfera\/troca-da-banca-de-defesa-sinaliza-delacao-de-daniel-vorcaro\/","title":{"rendered":"Troca da banca de defesa sinaliza dela\u00e7\u00e3o de Daniel Vorcaro"},"content":{"rendered":"<p><img loading=\"lazy\" width=\"1024\" height=\"556\"src=\"https:\/\/redept.com.br\/blogosfera\/wp-content\/uploads\/2026\/03\/ReproducaoSAP-Daniel-Vorcaro.avif\" alt=\"\" decoding=\"async\" loading=\"lazy\" srcset=\"https:\/\/vermelho.org.br\/wp-content\/uploads\/2026\/03\/ReproducaoSAP-Daniel-Vorcaro-1024x556.jpg 1024w, https:\/\/vermelho.org.br\/wp-content\/uploads\/2026\/03\/ReproducaoSAP-Daniel-Vorcaro-300x163.jpg 300w, https:\/\/vermelho.org.br\/wp-content\/uploads\/2026\/03\/ReproducaoSAP-Daniel-Vorcaro-768x417.jpg 768w, https:\/\/vermelho.org.br\/wp-content\/uploads\/2026\/03\/ReproducaoSAP-Daniel-Vorcaro-1536x834.jpg 1536w, https:\/\/redept.com.br\/blogosfera\/wp-content\/uploads\/2026\/03\/ReproducaoSAP-Daniel-Vorcaro.avif 1600w\" sizes=\"auto, (max-width: 1024px) 100vw, 1024px\"><\/p>\n<p>A substitui\u00e7\u00e3o da equipe jur\u00eddica de Daniel Vorcaro, s\u00f3cio do Banco Master, tornou-se o principal term\u00f4metro para os desdobramentos da <strong>Opera\u00e7\u00e3o Compliance Zero<\/strong>. Ap\u00f3s semanas de resist\u00eancia t\u00e9cnica, a dispensa do advogado Pierpaolo Bottini e a contrata\u00e7\u00e3o imediata de <strong>Jos\u00e9 Luis Oliveira Lima<\/strong>, o \u201cJuca\u201d, sinaliza que o empres\u00e1rio iniciou o movimento formal para uma dela\u00e7\u00e3o premiada. No meio jur\u00eddico e pol\u00edtico, a mudan\u00e7a \u00e9 lida como a \u00faltima cartada de quem busca benef\u00edcios penais diante da iminente condena\u00e7\u00e3o.<\/p>\n<p><strong>A estrat\u00e9gia da colabora\u00e7\u00e3o<\/strong><\/p>\n<p>A escolha de Juca Oliveira Lima n\u00e3o \u00e9 fortuita. O advogado \u00e9 uma figura emblem\u00e1tica em acordos de alta complexidade, tendo sido o arquiteto da dela\u00e7\u00e3o de L\u00e9o Pinheiro (ex-OAS) durante a Lava Jato. Ao contr\u00e1rio de Bottini, cuja linha de defesa \u00e9 reconhecidamente avessa a acordos que comprometam terceiros, Juca entra no caso em um momento de isolamento m\u00e1ximo de Vorcaro.<\/p>\n<p>Para os investigadores, o movimento sugere que o empres\u00e1rio est\u00e1 disposto a entregar o \u201cmapa da mina\u201d das fraudes bilion\u00e1rias que operava sob a fachada do Banco Master. A expectativa \u00e9 que a dela\u00e7\u00e3o atinja o \u201candar de cima\u201d do capital financeiro, expondo como o sistema foi utilizado para drenar bilh\u00f5es de reais em esquemas de corrup\u00e7\u00e3o e lavagem de dinheiro.<\/p>\n<p><strong>O foco da dela\u00e7\u00e3o: quem est\u00e1 na mira?\u00a0<\/strong><\/p>\n<p>As investiga\u00e7\u00f5es da <strong>Opera\u00e7\u00e3o Compliance Zero<\/strong> debru\u00e7am-se sobre um passivo que pode alcan\u00e7ar a cifra de <strong>R$ 50 bilh\u00f5es<\/strong>, mas o impacto financeiro \u00e9 apenas a face vis\u00edvel de uma engrenagem muito mais profunda. Com a disposi\u00e7\u00e3o de Daniel Vorcaro em colaborar, o foco das autoridades desloca-se para a rede de sustenta\u00e7\u00e3o que permitiu ao Banco Master operar \u00e0 margem da fiscaliza\u00e7\u00e3o por tanto tempo. No centro desse tabuleiro est\u00e1 o n\u00facleo pol\u00edtico, onde a dela\u00e7\u00e3o deve detalhar a participa\u00e7\u00e3o de agentes p\u00fablicos e a influ\u00eancia exercida sobre \u00f3rg\u00e3os reguladores. Um dos pontos centrais \u00e9 a rela\u00e7\u00e3o com o Banco de Bras\u00edlia (BRB), cujo presidente afastado, Paulo Henrique Costa, personifica as suspeitas de que o Estado foi instrumentalizado para viabilizar interesses privados esp\u00farios.<\/p>\n<p>A dela\u00e7\u00e3o promete expor os facilitadores do mercado que garantiram a fluidez do capital il\u00edcito entre 2018 e 2025. Est\u00e3o sob escrut\u00ednio corretoras, agentes de cust\u00f3dia e institui\u00e7\u00f5es financeiras que, ao validarem a emiss\u00e3o de t\u00edtulos fraudulentos, omitiram-se de seus deveres de controle, permitindo que o esquema ganhasse escala sist\u00eamica. Essa complac\u00eancia do setor privado \u00e9 o que conferia ao grupo o verniz de legitimidade necess\u00e1rio para atrair investidores e poupadores, ocultando a natureza predat\u00f3ria de suas opera\u00e7\u00f5es.<\/p>\n<p>Nesse contexto, as apura\u00e7\u00f5es tamb\u00e9m lan\u00e7am luz sobre a engrenagem institucional que permitiu a ascens\u00e3o do Banco Master durante a gest\u00e3o de <strong>Roberto Campos Neto<\/strong> \u00e0 frente do Banco Central (2019-2024). A expans\u00e3o vertiginosa da institui\u00e7\u00e3o teria ocorrido sob uma supervis\u00e3o considerada \u201cbenevolente\u201d por investigadores da Pol\u00edcia Federal, com destaque para a atua\u00e7\u00e3o de diretores indicados no per\u00edodo. Entre os nomes centrais est\u00e1 <strong>Paulo S\u00e9rgio Neves de Souza<\/strong>, ex-diretor de Fiscaliza\u00e7\u00e3o (2019-2023), suspeito de atuar em favor dos interesses de Daniel Vorcaro ao aprovar a transforma\u00e7\u00e3o do antigo Banco M\u00e1ximo no atual Banco Master. Registros indicam que Vorcaro realizou 24 visitas oficiais ao BC na gest\u00e3o de Campos Neto, mantendo uma proximidade incomum com a c\u00fapula da autarquia. Al\u00e9m de Souza, o ex-chefe de supervis\u00e3o <strong>Beline Santana<\/strong> tamb\u00e9m \u00e9 alvo das apura\u00e7\u00f5es que buscam confirmar se o crescimento do banco foi impulsionado por favorecimentos e por uma complac\u00eancia deliberada dos servidores que agora respondem por suspeitas de fraude e corrup\u00e7\u00e3o passiva.<\/p>\n<p>Por fim, a colabora\u00e7\u00e3o de Vorcaro deve lan\u00e7ar luz sobre o aspecto mais sombrio da organiza\u00e7\u00e3o: o funcionamento de <strong>\u201cA Turma\u201d<\/strong>. Descrito pelo Minist\u00e9rio P\u00fablico como uma estrutura de \u201cmil\u00edcia pessoal\u201d, esse grupo atuava como um bra\u00e7o coercitivo destinado a blindar os neg\u00f3cios do banco por meio da intimida\u00e7\u00e3o de advers\u00e1rios e autoridades. O clima de tens\u00e3o entre os envolvidos foi agravado pelo suic\u00eddio de um integrante do grupo, Phillipe Mour\u00e3o, logo ap\u00f3s as pris\u00f5es iniciais, o que acelerou a decis\u00e3o de Vorcaro em buscar a Pol\u00edcia Federal ou a Procuradoria-Geral da Rep\u00fablica (PGR).<\/p>\n<p><strong>Pris\u00e3o mantida pelo STF refor\u00e7a isolamento<\/strong><\/p>\n<p>A decis\u00e3o de Vorcaro pela dela\u00e7\u00e3o ocorre no rastro de sua derrota no Judici\u00e1rio. A Segunda Turma do Supremo Tribunal Federal (STF) formou maioria para manter sua pris\u00e3o preventiva na Penitenci\u00e1ria Federal de Bras\u00edlia.<\/p>\n<p>O relator, ministro Andr\u00e9 Mendon\u00e7a, acompanhado pelos ministros Luiz Fux e Nunes Marques, destacou a periculosidade da organiza\u00e7\u00e3o e o risco \u00e0 ordem p\u00fablica. Com o julgamento virtual previsto para encerrar em 20 de mar\u00e7o, e com o ministro Dias Toffoli tendo se declarado suspeito, a situa\u00e7\u00e3o carcer\u00e1ria de Vorcaro tornou-se irrevers\u00edvel no curto prazo, deixando a colabora\u00e7\u00e3o premiada como sua \u00fanica via de sa\u00edda do isolamento de seguran\u00e7a m\u00e1xima.<\/p>\n<p>O post <a href=\"https:\/\/vermelho.org.br\/2026\/03\/16\/troca-da-banca-de-defesa-sinaliza-delacao-de-daniel-vorcaro\/\">Troca da banca de defesa sinaliza dela\u00e7\u00e3o de Daniel Vorcaro<\/a> apareceu primeiro em <a href=\"https:\/\/vermelho.org.br\/\">Vermelho<\/a>.<\/p>\n<!-- Begin Yuzo --><div class='yuzo_related_post style-1'  data-version='5.12.89'><!-- without result --><div class='yuzo_clearfixed yuzo__title yuzo__title'><h3>Related Post<\/h3><\/div>\n\t\t\t\t\t\t  <div class=\"relatedthumb \" style=\"width:125px;float:left;overflow:hidden;\">  \n\t\t\t\t\t\t\t  \n\t\t\t\t\t\t\t  <a  href=\"https:\/\/redept.com.br\/blogosfera\/novas-regras-para-vale-refeicao-e-alimentacao-entram-em-vigor\/\"  >\n\t\t\t\t\t\t\t\t\t  <div class=\"yuzo-img-wrap \" style=\"width: 125px;height:90px;\">\n\t\t\t\t\t\t\t\t\t\t\n\t\t\t\t\t\t\t\t\t\t<div class=\"yuzo-img\" style=\"background:url('https:\/\/redept.org\/blogosfera\/wp-content\/plugins\/yuzo-related-post\/assets\/images\/default.png') 50% 50% no-repeat;width: 125px;height:90px;margin-bottom: 5px;background-size: cover; \"><\/div>\n\t\t\t\t\t\t\t\t\t  <\/div>\n\t\t\t\t\t\t\t\t\t  \n\t\t\t\t\t\t\t\t   <span class=\"yuzo__text--title\" style=\"font-size:13px;\">Novas regras para vale-refei\u00e7\u00e3o e alimenta\u00e7\u00e3o entr...<\/span>\n\t\t\t\t\t\t\t  \n\t\t\t\t\t\t\t  \n\t\t\t\t\t\t\t  <\/a>\n\n\t\t\t\t\t\t  <\/div>\n\t\t\t\t\t\t  <div class=\"relatedthumb \" style=\"width:125px;float:left;overflow:hidden;\">  \n\t\t\t\t\t\t\t  \n\t\t\t\t\t\t\t  <a  href=\"https:\/\/redept.com.br\/blogosfera\/foto-de-crianca-morta-em-ataque-dos-eua-e-israel-a-escola-vira-simbolo-no-ira\/\"  >\n\t\t\t\t\t\t\t\t\t  <div class=\"yuzo-img-wrap \" style=\"width: 125px;height:90px;\">\n\t\t\t\t\t\t\t\t\t\t\n\t\t\t\t\t\t\t\t\t\t<div class=\"yuzo-img\" style=\"background:url('https:\/\/redept.com.br\/blogosfera\/wp-content\/uploads\/2026\/03\/hcrjxcywcaacwqg-150x150.jpeg') 50% 50% no-repeat;width: 125px;height:90px;margin-bottom: 5px;background-size: cover; \"><\/div>\n\t\t\t\t\t\t\t\t\t  <\/div>\n\t\t\t\t\t\t\t\t\t  \n\t\t\t\t\t\t\t\t   <span class=\"yuzo__text--title\" style=\"font-size:13px;\">Foto de crian\u00e7a morta em ataque dos EUA e Israel a...<\/span>\n\t\t\t\t\t\t\t  \n\t\t\t\t\t\t\t  \n\t\t\t\t\t\t\t  <\/a>\n\n\t\t\t\t\t\t  <\/div>\n\t\t\t\t\t\t  <div class=\"relatedthumb \" style=\"width:125px;float:left;overflow:hidden;\">  \n\t\t\t\t\t\t\t  \n\t\t\t\t\t\t\t  <a  href=\"https:\/\/redept.com.br\/blogosfera\/ira-rejeita-tregua-de-45-dias-e-faz-proposta-para-fim-definitivo-da-guerra-contra-eua-e-israel\/\"  >\n\t\t\t\t\t\t\t\t\t  <div class=\"yuzo-img-wrap \" style=\"width: 125px;height:90px;\">\n\t\t\t\t\t\t\t\t\t\t\n\t\t\t\t\t\t\t\t\t\t<div class=\"yuzo-img\" style=\"background:url('https:\/\/redept.com.br\/blogosfera\/wp-content\/uploads\/2026\/04\/ainra-150x150.jpg') 50% 50% no-repeat;width: 125px;height:90px;margin-bottom: 5px;background-size: cover; \"><\/div>\n\t\t\t\t\t\t\t\t\t  <\/div>\n\t\t\t\t\t\t\t\t\t  \n\t\t\t\t\t\t\t\t   <span class=\"yuzo__text--title\" style=\"font-size:13px;\">Ir\u00e3 rejeita tr\u00e9gua de 45 dias e faz proposta para ...<\/span>\n\t\t\t\t\t\t\t  \n\t\t\t\t\t\t\t  \n\t\t\t\t\t\t\t  <\/a>\n\n\t\t\t\t\t\t  <\/div>\n\t\t\t\t\t\t  <div class=\"relatedthumb \" style=\"width:125px;float:left;overflow:hidden;\">  \n\t\t\t\t\t\t\t  \n\t\t\t\t\t\t\t  <a  href=\"https:\/\/redept.com.br\/blogosfera\/mudancas-climaticas-desafiam-saire-festa-da-fartura-e-tradicao-da-amazonia\/\"  >\n\t\t\t\t\t\t\t\t\t  <div class=\"yuzo-img-wrap \" style=\"width: 125px;height:90px;\">\n\t\t\t\t\t\t\t\t\t\t\n\t\t\t\t\t\t\t\t\t\t<div class=\"yuzo-img\" style=\"background:url('https:\/\/redept.com.br\/blogosfera\/wp-content\/uploads\/2025\/10\/LEONARDOMILANO-150x150.jpg') 50% 50% no-repeat;width: 125px;height:90px;margin-bottom: 5px;background-size: cover; \"><\/div>\n\t\t\t\t\t\t\t\t\t  <\/div>\n\t\t\t\t\t\t\t\t\t  \n\t\t\t\t\t\t\t\t   <span class=\"yuzo__text--title\" style=\"font-size:13px;\">Mudan\u00e7as clim\u00e1ticas desafiam Sair\u00e9, festa da fartu...<\/span>\n\t\t\t\t\t\t\t  \n\t\t\t\t\t\t\t  \n\t\t\t\t\t\t\t  <\/a>\n\n\t\t\t\t\t\t  <\/div>\n<\/div> <script>\n\t\t\t\t\t\t  jQuery(document).ready(function( $ ){\n\t\t\t\t\t\t\t\/\/jQuery('.yuzo_related_post').equalizer({ overflow : 'relatedthumb' });\n\t\t\t\t\t\t\tjQuery('.yuzo_related_post .yuzo_wraps').equalizer({ columns : '> div' });\n\t\t\t\t\t\t   })\n\t\t\t\t\t\t  <\/script> <!-- End Yuzo :) -->","protected":false},"excerpt":{"rendered":"<p>A substitui\u00e7\u00e3o da equipe jur\u00eddica de Daniel Vorcaro, s\u00f3cio do Banco Master, tornou-se o principal term\u00f4metro para os desdobramentos da Opera\u00e7\u00e3o Compliance Zero. Ap\u00f3s semanas de resist\u00eancia t\u00e9cnica, a dispensa do advogado Pierpaolo Bottini e a contrata\u00e7\u00e3o imediata de Jos\u00e9 Luis Oliveira Lima, o \u201cJuca\u201d, sinaliza que o empres\u00e1rio iniciou o movimento formal para uma [&hellip;]<\/p>\n","protected":false},"author":2,"featured_media":0,"comment_status":"open","ping_status":"closed","sticky":false,"template":"","format":"standard","meta":{"fifu_image_url":"","fifu_image_alt":"","footnotes":""},"categories":[17810,31486,2207,16650,30544,3872,288,590,37855,30545,1200,1570,260],"tags":[],"class_list":["post-78461","post","type-post","status-publish","format-standard","hentry","category-banco-master","category-compliance","category-corrupcao","category-crimes-financeiros","category-daniel-vorcaro","category-delacao-premiada","category-justica","category-mercado-financeiro","category-milicia-financeira","category-operacao-compliance-zero","category-pf","category-pgr","category-stf"],"_links":{"self":[{"href":"https:\/\/redept.com.br\/blogosfera\/wp-json\/wp\/v2\/posts\/78461","targetHints":{"allow":["GET"]}}],"collection":[{"href":"https:\/\/redept.com.br\/blogosfera\/wp-json\/wp\/v2\/posts"}],"about":[{"href":"https:\/\/redept.com.br\/blogosfera\/wp-json\/wp\/v2\/types\/post"}],"author":[{"embeddable":true,"href":"https:\/\/redept.com.br\/blogosfera\/wp-json\/wp\/v2\/users\/2"}],"replies":[{"embeddable":true,"href":"https:\/\/redept.com.br\/blogosfera\/wp-json\/wp\/v2\/comments?post=78461"}],"version-history":[{"count":0,"href":"https:\/\/redept.com.br\/blogosfera\/wp-json\/wp\/v2\/posts\/78461\/revisions"}],"wp:attachment":[{"href":"https:\/\/redept.com.br\/blogosfera\/wp-json\/wp\/v2\/media?parent=78461"}],"wp:term":[{"taxonomy":"category","embeddable":true,"href":"https:\/\/redept.com.br\/blogosfera\/wp-json\/wp\/v2\/categories?post=78461"},{"taxonomy":"post_tag","embeddable":true,"href":"https:\/\/redept.com.br\/blogosfera\/wp-json\/wp\/v2\/tags?post=78461"}],"curies":[{"name":"wp","href":"https:\/\/api.w.org\/{rel}","templated":true}]}}