{"id":78733,"date":"2026-03-18T09:45:57","date_gmt":"2026-03-18T12:45:57","guid":{"rendered":"https:\/\/redept.com.br\/blogosfera\/apos-flavio-revelar-boa-conversa-com-moraes-defesa-ve-clima-e-globo-e-estadao-defendem-prisao-domiciliar\/"},"modified":"2026-03-18T09:45:57","modified_gmt":"2026-03-18T12:45:57","slug":"apos-flavio-revelar-boa-conversa-com-moraes-defesa-ve-clima-e-globo-e-estadao-defendem-prisao-domiciliar","status":"publish","type":"post","link":"https:\/\/redept.com.br\/blogosfera\/apos-flavio-revelar-boa-conversa-com-moraes-defesa-ve-clima-e-globo-e-estadao-defendem-prisao-domiciliar\/","title":{"rendered":"Ap\u00f3s Fl\u00e1vio revelar boa conversa com Moraes, defesa v\u00ea \u2018clima\u2019 e Globo e Estad\u00e3o defendem pris\u00e3o domiciliar"},"content":{"rendered":"<p>Senador formaliza pedido humanit\u00e1rio ap\u00f3s interna\u00e7\u00e3o por pneumonia enquanto editoriais de grandes ve\u00edculos defendem transfer\u00eancia por raz\u00f5es m\u00e9dicas e equil\u00edbrio institucional<\/p>\n<p>O post Ap\u00f3s Fl\u00e1vio revelar boa conversa com Moraes, defesa v\u00ea \u2018clima\u2019 e Globo e Estad\u00e3o defendem pris\u00e3o domiciliar apareceu primeiro em .<\/p>\n<!-- Begin Yuzo --><div class='yuzo_related_post style-1'  data-version='5.12.89'><!-- without result --><div class='yuzo_clearfixed yuzo__title yuzo__title'><h3>Related Post<\/h3><\/div>\n\t\t\t\t\t\t  <div class=\"relatedthumb \" style=\"width:125px;float:left;overflow:hidden;\">  \n\t\t\t\t\t\t\t  \n\t\t\t\t\t\t\t  <a  href=\"https:\/\/redept.com.br\/blogosfera\/energia-e-soberania-recolocam-integracao-regional-no-centro-do-debate-em-seminario-da-fpa-e-do-ineep\/\"  >\n\t\t\t\t\t\t\t\t\t  <div class=\"yuzo-img-wrap \" style=\"width: 125px;height:90px;\">\n\t\t\t\t\t\t\t\t\t\t\n\t\t\t\t\t\t\t\t\t\t<div class=\"yuzo-img\" style=\"background:url('https:\/\/redept.org\/blogosfera\/wp-content\/plugins\/yuzo-related-post\/assets\/images\/default.png') 50% 50% no-repeat;width: 125px;height:90px;margin-bottom: 5px;background-size: cover; \"><\/div>\n\t\t\t\t\t\t\t\t\t  <\/div>\n\t\t\t\t\t\t\t\t\t  \n\t\t\t\t\t\t\t\t   <span class=\"yuzo__text--title\" style=\"font-size:13px;\">Energia e soberania recolocam integra\u00e7\u00e3o regional ...<\/span>\n\t\t\t\t\t\t\t  \n\t\t\t\t\t\t\t  \n\t\t\t\t\t\t\t  <\/a>\n\n\t\t\t\t\t\t  <\/div>\n\t\t\t\t\t\t  <div class=\"relatedthumb \" style=\"width:125px;float:left;overflow:hidden;\">  \n\t\t\t\t\t\t\t  \n\t\t\t\t\t\t\t  <a  href=\"https:\/\/redept.com.br\/blogosfera\/lula-cobra-acao-global-e-amplia-protecao-dos-oceanos-na-onu\/\"  >\n\t\t\t\t\t\t\t\t\t  <div class=\"yuzo-img-wrap \" style=\"width: 125px;height:90px;\">\n\t\t\t\t\t\t\t\t\t\t\n\t\t\t\t\t\t\t\t\t\t<div class=\"yuzo-img\" style=\"background:url('https:\/\/redept.com.br\/blogosfera\/wp-content\/uploads\/2025\/06\/Presidente-da-Republica-Luiz-Inacio-Lula-da-Silva-durante-sessao-de-abertura-da-III-Conferencia-das-Nacoes-Unidas-sobre-os-Oceanos-Port-Lympia-Nice-Franca-foto-Ricardo-Stuckert-150x150.jpg') 50% 50% no-repeat;width: 125px;height:90px;margin-bottom: 5px;background-size: cover; \"><\/div>\n\t\t\t\t\t\t\t\t\t  <\/div>\n\t\t\t\t\t\t\t\t\t  \n\t\t\t\t\t\t\t\t   <span class=\"yuzo__text--title\" style=\"font-size:13px;\">Lula cobra a\u00e7\u00e3o global e amplia prote\u00e7\u00e3o dos ocean...<\/span>\n\t\t\t\t\t\t\t  \n\t\t\t\t\t\t\t  \n\t\t\t\t\t\t\t  <\/a>\n\n\t\t\t\t\t\t  <\/div>\n\t\t\t\t\t\t  <div class=\"relatedthumb \" style=\"width:125px;float:left;overflow:hidden;\">  \n\t\t\t\t\t\t\t  \n\t\t\t\t\t\t\t  <a  href=\"https:\/\/redept.com.br\/blogosfera\/manifestacao-nesta-terca-feira-21-cobra-valorizacao-da-cultura-no-distrito-federal\/\"  >\n\t\t\t\t\t\t\t\t\t  <div class=\"yuzo-img-wrap \" style=\"width: 125px;height:90px;\">\n\t\t\t\t\t\t\t\t\t\t\n\t\t\t\t\t\t\t\t\t\t<div class=\"yuzo-img\" style=\"background:url('https:\/\/redept.org\/blogosfera\/wp-content\/plugins\/yuzo-related-post\/assets\/images\/default.png') 50% 50% no-repeat;width: 125px;height:90px;margin-bottom: 5px;background-size: cover; \"><\/div>\n\t\t\t\t\t\t\t\t\t  <\/div>\n\t\t\t\t\t\t\t\t\t  \n\t\t\t\t\t\t\t\t   <span class=\"yuzo__text--title\" style=\"font-size:13px;\">Manifesta\u00e7\u00e3o nesta ter\u00e7a-feira (21) cobra valoriza...<\/span>\n\t\t\t\t\t\t\t  \n\t\t\t\t\t\t\t  \n\t\t\t\t\t\t\t  <\/a>\n\n\t\t\t\t\t\t  <\/div>\n\t\t\t\t\t\t  <div class=\"relatedthumb \" style=\"width:125px;float:left;overflow:hidden;\">  \n\t\t\t\t\t\t\t  \n\t\t\t\t\t\t\t  <a  href=\"https:\/\/redept.com.br\/blogosfera\/itabirito-mg-sindsemi-publica-edital-de-eleicoes-sindicais-inscricoes-comecam-nesta-sexta-17-04\/\"  >\n\t\t\t\t\t\t\t\t\t  <div class=\"yuzo-img-wrap \" style=\"width: 125px;height:90px;\">\n\t\t\t\t\t\t\t\t\t\t\n\t\t\t\t\t\t\t\t\t\t<div class=\"yuzo-img\" style=\"background:url('https:\/\/redept.com.br\/blogosfera\/wp-content\/uploads\/2026\/04\/0d74f7cc-e751-4f11-a67f-b23f221fc624.jpg') 50% 50% no-repeat;width: 125px;height:90px;margin-bottom: 5px;background-size: cover; \"><\/div>\n\t\t\t\t\t\t\t\t\t  <\/div>\n\t\t\t\t\t\t\t\t\t  \n\t\t\t\t\t\t\t\t   <span class=\"yuzo__text--title\" style=\"font-size:13px;\">Itabirito (MG): Sindsemi publica edital de elei\u00e7\u00f5e...<\/span>\n\t\t\t\t\t\t\t  \n\t\t\t\t\t\t\t  \n\t\t\t\t\t\t\t  <\/a>\n\n\t\t\t\t\t\t  <\/div>\n<\/div> <script>\n\t\t\t\t\t\t  jQuery(document).ready(function( $ ){\n\t\t\t\t\t\t\t\/\/jQuery('.yuzo_related_post').equalizer({ overflow : 'relatedthumb' });\n\t\t\t\t\t\t\tjQuery('.yuzo_related_post .yuzo_wraps').equalizer({ columns : '> div' });\n\t\t\t\t\t\t   })\n\t\t\t\t\t\t  <\/script> <!-- End Yuzo :) -->","protected":false},"excerpt":{"rendered":"<p>Senador formaliza pedido humanit\u00e1rio ap\u00f3s interna\u00e7\u00e3o por pneumonia enquanto editoriais de grandes ve\u00edculos defendem transfer\u00eancia por raz\u00f5es m\u00e9dicas e equil\u00edbrio institucional<\/p>\n<p>O post <a rel=\"nofollow\" href=\"https:\/\/urbsmagna.com\/flavio-bolsonaro-revela-conversa-objetiva-com-moraes-e-pedido-de-prisao-domiciliar-para-jair-bolsonaro\/\">Ap\u00f3s Fl\u00e1vio revelar boa conversa com Moraes, defesa v\u00ea \u2018clima\u2019 e Globo e Estad\u00e3o defendem pris\u00e3o domiciliar<\/a> apareceu primeiro em <a rel=\"nofollow\" href=\"https:\/\/urbsmagna.com\/\"><\/a>.<\/p>\n","protected":false},"author":2,"featured_media":0,"comment_status":"open","ping_status":"closed","sticky":false,"template":"","format":"standard","meta":{"fifu_image_url":"","fifu_image_alt":"","footnotes":""},"categories":[12965,114,39136,536,37180,39137,39138,2129,38912,288,39139,191,132,5422,5471,4488,20036,260,39140,12623],"tags":[],"class_list":["post-78733","post","type-post","status-publish","format-standard","hentry","category-alexandre-de-moraes-stf","category-bolsonarismo","category-conversa-flavio-moraes","category-democracia","category-editorial-estadao","category-editorial-o-globo","category-flavio-bolsonaro-moraes","category-golpe-de-estado","category-jair-bolsonaro-saude","category-justica","category-justica-humanitaria","category-noticias","category-politica","category-politica-brasileira","category-politica-nacional","category-prisao-de-bolsonaro","category-prisao-domiciliar-bolsonaro","category-stf","category-stf-prisao-domiciliar","category-supremo-tribunal-federal-stf"],"_links":{"self":[{"href":"https:\/\/redept.com.br\/blogosfera\/wp-json\/wp\/v2\/posts\/78733","targetHints":{"allow":["GET"]}}],"collection":[{"href":"https:\/\/redept.com.br\/blogosfera\/wp-json\/wp\/v2\/posts"}],"about":[{"href":"https:\/\/redept.com.br\/blogosfera\/wp-json\/wp\/v2\/types\/post"}],"author":[{"embeddable":true,"href":"https:\/\/redept.com.br\/blogosfera\/wp-json\/wp\/v2\/users\/2"}],"replies":[{"embeddable":true,"href":"https:\/\/redept.com.br\/blogosfera\/wp-json\/wp\/v2\/comments?post=78733"}],"version-history":[{"count":0,"href":"https:\/\/redept.com.br\/blogosfera\/wp-json\/wp\/v2\/posts\/78733\/revisions"}],"wp:attachment":[{"href":"https:\/\/redept.com.br\/blogosfera\/wp-json\/wp\/v2\/media?parent=78733"}],"wp:term":[{"taxonomy":"category","embeddable":true,"href":"https:\/\/redept.com.br\/blogosfera\/wp-json\/wp\/v2\/categories?post=78733"},{"taxonomy":"post_tag","embeddable":true,"href":"https:\/\/redept.com.br\/blogosfera\/wp-json\/wp\/v2\/tags?post=78733"}],"curies":[{"name":"wp","href":"https:\/\/api.w.org\/{rel}","templated":true}]}}