{"id":78784,"date":"2026-03-18T13:09:36","date_gmt":"2026-03-18T16:09:36","guid":{"rendered":"https:\/\/redept.com.br\/blogosfera\/governo-endurece-fiscalizacao-do-frete-minimo-dos-caminhoneiros\/"},"modified":"2026-03-18T13:09:36","modified_gmt":"2026-03-18T16:09:36","slug":"governo-endurece-fiscalizacao-do-frete-minimo-dos-caminhoneiros","status":"publish","type":"post","link":"https:\/\/redept.com.br\/blogosfera\/governo-endurece-fiscalizacao-do-frete-minimo-dos-caminhoneiros\/","title":{"rendered":"Governo endurece fiscaliza\u00e7\u00e3o do frete m\u00ednimo dos caminhoneiros"},"content":{"rendered":"<p>O governo federal anunciou nesta quarta-feira (18) um conjunto de medidas para refor\u00e7ar o cumprimento da tabela do piso m\u00ednimo do frete, em meio \u00e0 press\u00e3o de caminhoneiros e \u00e0 alta recente no pre\u00e7o do diesel. Em coletiva no Minist\u00e9rio dos Transportes, o ministro dos Transportes, Renan Filho, e o diretor-geral da Ag\u00eancia Nacional de Transportes Terrestres (ANTT), Guilherme Theo Sampaio, detalharam a\u00e7\u00f5es que ampliam a fiscaliza\u00e7\u00e3o e endurecem as puni\u00e7\u00f5es contra empresas que descumprem a regra. Leia em\u00a0<strong><a href=\"https:\/\/tvtnews.com.br\/\">TVT News<\/a><\/strong>.<\/p>\n<p>Entre as principais iniciativas est\u00e1 a cria\u00e7\u00e3o de mecanismos para impedir que empresas reincidentes continuem operando no mercado de transporte de cargas. \u201cA principal corre\u00e7\u00e3o \u00e9 que n\u00f3s vamos, por meio de instrumento jur\u00eddico adequado, aumentar a capacidade de enforcement do ambiente regulat\u00f3rio. A empresa que n\u00e3o cumpre a tabela vai poder ser impedida de contratar frete\u201d, afirmou Renan Filho. Segundo o ministro, a proposta deve ser formalizada por meio de medida provis\u00f3ria ou projeto de lei, com previs\u00e3o de aplica\u00e7\u00e3o gradual e proporcional das san\u00e7\u00f5es.<\/p>\n<p>A nova pol\u00edtica busca diferenciar erros pontuais de pr\u00e1ticas sistem\u00e1ticas. \u201cPor que isso \u00e9 importante? \u00c9 mensagem-chave, que \u00e9 separar quem erra de quem faz disso modelo de neg\u00f3cio\u201d, declarou o ministro. Em casos mais graves, a penalidade poder\u00e1 chegar ao cancelamento do registro para transporte, atingindo tanto embarcadores quanto transportadores\u201d.<\/p>\n<p><a href=\"https:\/\/chat.whatsapp.com\/HC8TJaWXK8t4wNAG0oRwZI?mode=gi_t\" target=\"_blank\" rel=\"noreferrer noopener nofollow\">&gt;&gt; Siga o grupo da\u00a0<strong>TVT News\u00a0<\/strong>no WhatsApp<\/a><\/p>\n<p>Outra medida central ser\u00e1 a divulga\u00e7\u00e3o p\u00fablica das empresas que mais descumprem a tabela de frete. O Minist\u00e9rio dos Transportes informou que passar\u00e1 a publicar, j\u00e1 nesta semana, a lista dos maiores infratores. Dados recentes apontam que companhias como BRF, Vibra Energia, Ra\u00edzen, Ambev e Cargill est\u00e3o entre as que mais acumulam autua\u00e7\u00f5es. Para o ministro, o problema \u00e9 estrutural e atinge agentes relevantes do setor. \u201cN\u00e3o se trata de caso isolado. Estamos falando de agentes econ\u00f4micos relevantes. Portanto, h\u00e1 raz\u00e3o de dialogar dos caminhoneiros\u201d, disse.<\/p>\n<figure>\n<div>\n<\/div>\n<\/figure>\n<p>O governo tamb\u00e9m pretende ampliar o uso de tecnologia no monitoramento das opera\u00e7\u00f5es. Segundo Renan Filho, a ANTT j\u00e1 re\u00fane condi\u00e7\u00f5es para fiscalizar todos os fretes realizados no pa\u00eds com base em dados fiscais compartilhados pelos estados. \u201cO que n\u00f3s identificamos nos \u00faltimos meses, com fiscaliza\u00e7\u00e3o, \u00e9 que tem gente que atua nisso como ind\u00fastria. N\u00e3o \u00e9 algo pontual, \u00e9 recorrente\u201d, afirmou. Ele acrescentou que o descumprimento da tabela tem sido utilizado como estrat\u00e9gia para reduzir custos operacionais.<\/p>\n<h2>Frete m\u00ednimo: mais efici\u00eancia<\/h2>\n<p>A intensifica\u00e7\u00e3o da fiscaliza\u00e7\u00e3o ocorre em um contexto de crescimento expressivo das autua\u00e7\u00f5es. De acordo com o Minist\u00e9rio dos Transportes, o n\u00famero de multas saltou de cerca de 300 por m\u00eas no in\u00edcio de 2023 para aproximadamente 40 mil mensais em janeiro deste ano. Nos \u00faltimos quatro meses, as penalidades somam R$ 419 milh\u00f5es, com cerca de 15 mil empresas autuadas. Ainda assim, o governo avalia que o modelo atual \u00e9 insuficiente. \u201cMesmo com fiscaliza\u00e7\u00e3o, o problema persistiu. A multa, isoladamente, n\u00e3o resolve. Em alguns casos, a multa virou custo operacional\u201d, afirmou o ministro.<\/p>\n<p>A estrat\u00e9gia agora \u00e9 atuar de forma preventiva, interrompendo a irregularidade antes que ela se consolide. \u201cOs objetivos s\u00e3o garantir cumprimento do piso do frete, proteger renda do caminhoneiro, assegurar concorr\u00eancia justa e melhorar efici\u00eancia\u201d, disse Renan Filho. A l\u00f3gica, segundo ele, \u00e9 semelhante \u00e0 aplicada em outras \u00e1reas regulat\u00f3rias, como no combate a devedores contumazes.<\/p>\n<p>As medidas tamb\u00e9m respondem \u00e0 insatisfa\u00e7\u00e3o crescente da categoria dos caminhoneiros, que tem amea\u00e7ado novas paralisa\u00e7\u00f5es. Entre as principais queixas est\u00e3o o aumento do pre\u00e7o dos combust\u00edveis e a falta de efetividade na aplica\u00e7\u00e3o da tabela do frete, criada em 2018 ap\u00f3s a greve nacional da categoria.<\/p>\n<p>O cen\u00e1rio se agravou com a recente alta do diesel. Dados da Ag\u00eancia Nacional do Petr\u00f3leo, G\u00e1s Natural e Biocombust\u00edveis indicam que o pre\u00e7o m\u00e9dio do combust\u00edvel subiu 11,8% na \u00faltima semana. O reajuste levou ao acionamento do gatilho previsto na legisla\u00e7\u00e3o, resultando em aumento entre 4,82% e 7% nos valores do frete. Ainda assim, caminhoneiros relatam que os pisos n\u00e3o v\u00eam sendo respeitados na pr\u00e1tica.<\/p>\n<p>Diante desse contexto, o governo aposta que o endurecimento das regras e a amplia\u00e7\u00e3o da fiscaliza\u00e7\u00e3o possam garantir maior efetividade \u00e0 pol\u00edtica de frete m\u00ednimo e evitar novas crises no setor. A expectativa \u00e9 que as novas medidas entrem em vigor rapidamente, com impacto direto sobre empresas que insistem em descumprir a legisla\u00e7\u00e3o.<\/p>\n<p>The post <a rel=\"nofollow\" href=\"https:\/\/tvtnews.com.br\/governo-endurece-fiscalizacao-do-frete-minimo-dos-caminhoneiros\/\">Governo endurece fiscaliza\u00e7\u00e3o do frete m\u00ednimo dos caminhoneiros<\/a> appeared first on <a rel=\"nofollow\" href=\"https:\/\/tvtnews.com.br\/\">TVT News<\/a>.<\/p>\n<!-- Begin Yuzo --><div class='yuzo_related_post style-1'  data-version='5.12.89'><!-- without result --><div class='yuzo_clearfixed yuzo__title yuzo__title'><h3>Related Post<\/h3><\/div>\n\t\t\t\t\t\t  <div class=\"relatedthumb \" style=\"width:125px;float:left;overflow:hidden;\">  \n\t\t\t\t\t\t\t  \n\t\t\t\t\t\t\t  <a  href=\"https:\/\/redept.com.br\/blogosfera\/trump-amplia-ataque-a-imprensa-e-substitui-jornalistas-por-influenciadores\/\"  >\n\t\t\t\t\t\t\t\t\t  <div class=\"yuzo-img-wrap \" style=\"width: 125px;height:90px;\">\n\t\t\t\t\t\t\t\t\t\t\n\t\t\t\t\t\t\t\t\t\t<div class=\"yuzo-img\" style=\"background:url('https:\/\/redept.com.br\/blogosfera\/wp-content\/uploads\/2025\/02\/elon-musk-e-donald-trump-750x450-1-150x150.jpg') 50% 50% no-repeat;width: 125px;height:90px;margin-bottom: 5px;background-size: cover; \"><\/div>\n\t\t\t\t\t\t\t\t\t  <\/div>\n\t\t\t\t\t\t\t\t\t  \n\t\t\t\t\t\t\t\t   <span class=\"yuzo__text--title\" style=\"font-size:13px;\">Trump amplia ataque \u00e0 imprensa e substitui jornali...<\/span>\n\t\t\t\t\t\t\t  \n\t\t\t\t\t\t\t  \n\t\t\t\t\t\t\t  <\/a>\n\n\t\t\t\t\t\t  <\/div>\n\t\t\t\t\t\t  <div class=\"relatedthumb \" style=\"width:125px;float:left;overflow:hidden;\">  \n\t\t\t\t\t\t\t  \n\t\t\t\t\t\t\t  <a  href=\"https:\/\/redept.com.br\/blogosfera\/aprovada-a-inclusao-da-mulher-indigena-na-legislacao-de-enfrentamento-a-violencia\/\"  >\n\t\t\t\t\t\t\t\t\t  <div class=\"yuzo-img-wrap \" style=\"width: 125px;height:90px;\">\n\t\t\t\t\t\t\t\t\t\t\n\t\t\t\t\t\t\t\t\t\t<div class=\"yuzo-img\" style=\"background:url('https:\/\/redept.org\/blogosfera\/wp-content\/plugins\/yuzo-related-post\/assets\/images\/default.png') 50% 50% no-repeat;width: 125px;height:90px;margin-bottom: 5px;background-size: cover; \"><\/div>\n\t\t\t\t\t\t\t\t\t  <\/div>\n\t\t\t\t\t\t\t\t\t  \n\t\t\t\t\t\t\t\t   <span class=\"yuzo__text--title\" style=\"font-size:13px;\">Aprovada a inclus\u00e3o da mulher ind\u00edgena na legisla\u00e7...<\/span>\n\t\t\t\t\t\t\t  \n\t\t\t\t\t\t\t  \n\t\t\t\t\t\t\t  <\/a>\n\n\t\t\t\t\t\t  <\/div>\n\t\t\t\t\t\t  <div class=\"relatedthumb \" style=\"width:125px;float:left;overflow:hidden;\">  \n\t\t\t\t\t\t\t  \n\t\t\t\t\t\t\t  <a  href=\"https:\/\/redept.com.br\/blogosfera\/todo-o-estado-de-sao-paulo-tera-sexta-feira-de-muito-calor\/\"  >\n\t\t\t\t\t\t\t\t\t  <div class=\"yuzo-img-wrap \" style=\"width: 125px;height:90px;\">\n\t\t\t\t\t\t\t\t\t\t\n\t\t\t\t\t\t\t\t\t\t<div class=\"yuzo-img\" style=\"background:url('https:\/\/redept.org\/blogosfera\/wp-content\/plugins\/yuzo-related-post\/assets\/images\/default.png') 50% 50% no-repeat;width: 125px;height:90px;margin-bottom: 5px;background-size: cover; \"><\/div>\n\t\t\t\t\t\t\t\t\t  <\/div>\n\t\t\t\t\t\t\t\t\t  \n\t\t\t\t\t\t\t\t   <span class=\"yuzo__text--title\" style=\"font-size:13px;\">Todo o estado de S\u00e3o Paulo ter\u00e1 sexta-feira de mui...<\/span>\n\t\t\t\t\t\t\t  \n\t\t\t\t\t\t\t  \n\t\t\t\t\t\t\t  <\/a>\n\n\t\t\t\t\t\t  <\/div>\n\t\t\t\t\t\t  <div class=\"relatedthumb \" style=\"width:125px;float:left;overflow:hidden;\">  \n\t\t\t\t\t\t\t  \n\t\t\t\t\t\t\t  <a  href=\"https:\/\/redept.com.br\/blogosfera\/abertura-de-congresso-da-une-tem-ato-em-homenagem-a-estudantes-mortos-em-acidente\/\"  >\n\t\t\t\t\t\t\t\t\t  <div class=\"yuzo-img-wrap \" style=\"width: 125px;height:90px;\">\n\t\t\t\t\t\t\t\t\t\t\n\t\t\t\t\t\t\t\t\t\t<div class=\"yuzo-img\" style=\"background:url('https:\/\/redept.org\/blogosfera\/wp-content\/plugins\/yuzo-related-post\/assets\/images\/default.png') 50% 50% no-repeat;width: 125px;height:90px;margin-bottom: 5px;background-size: cover; \"><\/div>\n\t\t\t\t\t\t\t\t\t  <\/div>\n\t\t\t\t\t\t\t\t\t  \n\t\t\t\t\t\t\t\t   <span class=\"yuzo__text--title\" style=\"font-size:13px;\">Abertura de Congresso da UNE tem ato em homenagem ...<\/span>\n\t\t\t\t\t\t\t  \n\t\t\t\t\t\t\t  \n\t\t\t\t\t\t\t  <\/a>\n\n\t\t\t\t\t\t  <\/div>\n<\/div> <script>\n\t\t\t\t\t\t  jQuery(document).ready(function( $ ){\n\t\t\t\t\t\t\t\/\/jQuery('.yuzo_related_post').equalizer({ overflow : 'relatedthumb' });\n\t\t\t\t\t\t\tjQuery('.yuzo_related_post .yuzo_wraps').equalizer({ columns : '> div' });\n\t\t\t\t\t\t   })\n\t\t\t\t\t\t  <\/script> <!-- End Yuzo :) -->","protected":false},"excerpt":{"rendered":"<p>O governo federal anunciou nesta quarta-feira (18) um conjunto de medidas para refor\u00e7ar o cumprimento da tabela do piso m\u00ednimo do frete, em meio \u00e0 press\u00e3o de caminhoneiros e \u00e0 alta recente no pre\u00e7o do diesel. Em coletiva no Minist\u00e9rio dos Transportes, o ministro dos Transportes, Renan Filho, e o diretor-geral da Ag\u00eancia Nacional de [&hellip;]<\/p>\n","protected":false},"author":2,"featured_media":0,"comment_status":"open","ping_status":"closed","sticky":false,"template":"","format":"standard","meta":{"fifu_image_url":"","fifu_image_alt":"","footnotes":""},"categories":[489,221,17,2921],"tags":[],"class_list":["post-78784","post","type-post","status-publish","format-standard","hentry","category-destaque-pequeno","category-economia","category-governo-lula","category-transportes"],"_links":{"self":[{"href":"https:\/\/redept.com.br\/blogosfera\/wp-json\/wp\/v2\/posts\/78784","targetHints":{"allow":["GET"]}}],"collection":[{"href":"https:\/\/redept.com.br\/blogosfera\/wp-json\/wp\/v2\/posts"}],"about":[{"href":"https:\/\/redept.com.br\/blogosfera\/wp-json\/wp\/v2\/types\/post"}],"author":[{"embeddable":true,"href":"https:\/\/redept.com.br\/blogosfera\/wp-json\/wp\/v2\/users\/2"}],"replies":[{"embeddable":true,"href":"https:\/\/redept.com.br\/blogosfera\/wp-json\/wp\/v2\/comments?post=78784"}],"version-history":[{"count":0,"href":"https:\/\/redept.com.br\/blogosfera\/wp-json\/wp\/v2\/posts\/78784\/revisions"}],"wp:attachment":[{"href":"https:\/\/redept.com.br\/blogosfera\/wp-json\/wp\/v2\/media?parent=78784"}],"wp:term":[{"taxonomy":"category","embeddable":true,"href":"https:\/\/redept.com.br\/blogosfera\/wp-json\/wp\/v2\/categories?post=78784"},{"taxonomy":"post_tag","embeddable":true,"href":"https:\/\/redept.com.br\/blogosfera\/wp-json\/wp\/v2\/tags?post=78784"}],"curies":[{"name":"wp","href":"https:\/\/api.w.org\/{rel}","templated":true}]}}