{"id":79126,"date":"2026-03-20T13:12:20","date_gmt":"2026-03-20T16:12:20","guid":{"rendered":"https:\/\/redept.com.br\/blogosfera\/guerra-de-trump-eleva-riscos-a-turistas-na-copa-2026-nos-eua\/"},"modified":"2026-03-20T13:12:20","modified_gmt":"2026-03-20T16:12:20","slug":"guerra-de-trump-eleva-riscos-a-turistas-na-copa-2026-nos-eua","status":"publish","type":"post","link":"https:\/\/redept.com.br\/blogosfera\/guerra-de-trump-eleva-riscos-a-turistas-na-copa-2026-nos-eua\/","title":{"rendered":"Guerra de Trump eleva riscos a turistas na Copa 2026 nos EUA"},"content":{"rendered":"<p><img loading=\"lazy\" width=\"1024\" height=\"576\"src=\"https:\/\/redept.com.br\/blogosfera\/wp-content\/uploads\/2026\/03\/Mercedes_Benz_Stadium_time_lapse_capture_2017-08-13.jpg\" alt=\"\" decoding=\"async\" loading=\"lazy\" srcset=\"https:\/\/vermelho.org.br\/wp-content\/uploads\/2026\/03\/Mercedes_Benz_Stadium_time_lapse_capture_2017-08-13-1024x576.jpg 1024w, https:\/\/vermelho.org.br\/wp-content\/uploads\/2026\/03\/Mercedes_Benz_Stadium_time_lapse_capture_2017-08-13-300x169.jpg 300w, https:\/\/vermelho.org.br\/wp-content\/uploads\/2026\/03\/Mercedes_Benz_Stadium_time_lapse_capture_2017-08-13-768x432.jpg 768w, https:\/\/redept.com.br\/blogosfera\/wp-content\/uploads\/2026\/03\/Mercedes_Benz_Stadium_time_lapse_capture_2017-08-13.jpg 1280w\" sizes=\"auto, (max-width: 1024px) 100vw, 1024px\"><\/p>\n<p>Servi\u00e7os de intelig\u00eancia dos Estados Unidos identificaram riscos graves \u00e0 seguran\u00e7a da Copa do Mundo FIFA 2026, co-organizada por EUA, M\u00e9xico e Canad\u00e1. Relat\u00f3rios federais, estaduais e da pr\u00f3pria FIFA \u2014 obtidos pela ag\u00eancia Reuters \u2014 apontam para amea\u00e7as concretas de ataques extremistas, a\u00e7\u00f5es criminosas e dist\u00farbios civis, agravados por atrasos na libera\u00e7\u00e3o de recursos de seguran\u00e7a.<\/p>\n<p>Os relat\u00f3rios destacam riscos elevados a infraestruturas de transporte, propaganda extremista online e planos j\u00e1 frustrados. Um documento de dezembro de 2025 de Nova Jersey \u2014 sede da final no MetLife Stadium \u2014 menciona ataques dom\u00e9sticos recentes desmantelados e aglomera\u00e7\u00f5es espont\u00e2neas ligadas a tens\u00f5es internacionais. Outro relat\u00f3rio de setembro de 2025 identificou postagens incentivando ataques a ferrovias durante jogos na costa oeste dos EUA e Canad\u00e1.<\/p>\n<p>Um relat\u00f3rio semanal da FIFA de 28 de janeiro de 2026 alerta explicitamente que o ativismo anti-ICE (ag\u00eancia de imigra\u00e7\u00e3o e alf\u00e2ndega) pode abrir brechas para a\u00e7\u00f5es de extremistas isolados. A guerra com o Ir\u00e3 tamb\u00e9m eleva o risco de retalia\u00e7\u00f5es. Eventos como Fan Fests em \u00e1reas abertas s\u00e3o considerados particularmente vulner\u00e1veis.<\/p>\n<p>Mike Sena, presidente da National Fusion Center Association (que re\u00fane 80 centros de fus\u00e3o de intelig\u00eancia), declarou em audi\u00eancia no Congresso que os atrasos na distribui\u00e7\u00e3o de recursos tornam o cronograma \u201cextremamente apertado\u201d. A aquisi\u00e7\u00e3o de equipamentos de seguran\u00e7a, como sistemas antidrones e sensores, pode levar meses \u2014 e o torneio come\u00e7a em menos de 90 dias.<\/p>\n<p><strong>Casa Branca joga culpa na oposi\u00e7\u00e3o pelo atraso no esquema de seguran\u00e7a<\/strong><\/p>\n<p>O porta-voz da Casa Branca, Davis Ingle, afirmou que o presidente Donald Trump quer \u201cfazer da Copa a maior da hist\u00f3ria\u201d e \u201ca mais segura j\u00e1 realizada\u201d. No entanto, culpou os democratas pelos impasses or\u00e7ament\u00e1rios ligados a disputas sobre enforcement migrat\u00f3rio.<\/p>\n<p>A deputada federal Nellie Pou (Democrata \u2013 New Jersey), integrante da For\u00e7a Tarefa de Seguran\u00e7a da C\u00e2mara e representante do distrito que inclui o MetLife Stadium, comparou cada uma das 104 partidas a \u201cum Super Bowl log\u00edstico\u201d. \u201cGovernos locais e for\u00e7as de seguran\u00e7a ter\u00e3o as m\u00e3os cheias. Precisam de cada d\u00f3lar agora\u201d, disse Pou, que pressionou pela libera\u00e7\u00e3o imediata dos recursos e apresentou projeto para proibir opera\u00e7\u00f5es do ICE em um raio de um quil\u00f4metro dos est\u00e1dios e Fan Fests.<\/p>\n<p>O pacote de US$ 625 milh\u00f5es em verbas federais para seguran\u00e7a \u2014 aprovado pelo Congresso em julho de 2025 como parte de um bill republicano \u2014 s\u00f3 come\u00e7ou a ser liberado pela FEMA na \u00faltima quarta-feira(18), ap\u00f3s questionamentos da imprensa e de parlamentares. Democratas atribuem o impasse \u00e0 ex-secret\u00e1ria de Seguran\u00e7a Interna Kristi Noem e \u00e0s pol\u00edticas de imigra\u00e7\u00e3o de Trump, que geram protestos e temores entre torcedores estrangeiros. Dados do Departamento de Com\u00e9rcio j\u00e1 registram queda na chegada de visitantes internacionais.<\/p>\n<p>O post <a href=\"https:\/\/vermelho.org.br\/2026\/03\/20\/guerra-de-trump-eleva-riscos-a-turistas-na-copa-2026-nos-eua\/\">Guerra de Trump eleva riscos a turistas na Copa 2026 nos EUA<\/a> apareceu primeiro em <a href=\"https:\/\/vermelho.org.br\/\">Vermelho<\/a>.<\/p>\n<!-- Begin Yuzo --><div class='yuzo_related_post style-1'  data-version='5.12.89'><!-- without result --><div class='yuzo_clearfixed yuzo__title yuzo__title'><h3>Related Post<\/h3><\/div>\n\t\t\t\t\t\t  <div class=\"relatedthumb \" style=\"width:125px;float:left;overflow:hidden;\">  \n\t\t\t\t\t\t\t  \n\t\t\t\t\t\t\t  <a  href=\"https:\/\/redept.com.br\/blogosfera\/relator-recomenda-arquivamento-de-processo-contra-vereadora-de-sp-que-gritou-ser-branca-rica-e-bonita\/\"  >\n\t\t\t\t\t\t\t\t\t  <div class=\"yuzo-img-wrap \" style=\"width: 125px;height:90px;\">\n\t\t\t\t\t\t\t\t\t\t\n\t\t\t\t\t\t\t\t\t\t<div class=\"yuzo-img\" style=\"background:url('https:\/\/redept.org\/blogosfera\/wp-content\/plugins\/yuzo-related-post\/assets\/images\/default.png') 50% 50% no-repeat;width: 125px;height:90px;margin-bottom: 5px;background-size: cover; \"><\/div>\n\t\t\t\t\t\t\t\t\t  <\/div>\n\t\t\t\t\t\t\t\t\t  \n\t\t\t\t\t\t\t\t   <span class=\"yuzo__text--title\" style=\"font-size:13px;\">Relator recomenda arquivamento de processo contra ...<\/span>\n\t\t\t\t\t\t\t  \n\t\t\t\t\t\t\t  \n\t\t\t\t\t\t\t  <\/a>\n\n\t\t\t\t\t\t  <\/div>\n\t\t\t\t\t\t  <div class=\"relatedthumb \" style=\"width:125px;float:left;overflow:hidden;\">  \n\t\t\t\t\t\t\t  \n\t\t\t\t\t\t\t  <a  href=\"https:\/\/redept.com.br\/blogosfera\/consorcio-da-paz-letalidade-policial-aumenta-com-5-dos-6-governadores-que-apoiam-castro\/\"  >\n\t\t\t\t\t\t\t\t\t  <div class=\"yuzo-img-wrap \" style=\"width: 125px;height:90px;\">\n\t\t\t\t\t\t\t\t\t\t\n\t\t\t\t\t\t\t\t\t\t<div class=\"yuzo-img\" style=\"background:url('https:\/\/redept.org\/blogosfera\/wp-content\/plugins\/yuzo-related-post\/assets\/images\/default.png') 50% 50% no-repeat;width: 125px;height:90px;margin-bottom: 5px;background-size: cover; \"><\/div>\n\t\t\t\t\t\t\t\t\t  <\/div>\n\t\t\t\t\t\t\t\t\t  \n\t\t\t\t\t\t\t\t   <span class=\"yuzo__text--title\" style=\"font-size:13px;\">Cons\u00f3rcio da paz? Letalidade policial aumenta com ...<\/span>\n\t\t\t\t\t\t\t  \n\t\t\t\t\t\t\t  \n\t\t\t\t\t\t\t  <\/a>\n\n\t\t\t\t\t\t  <\/div>\n\t\t\t\t\t\t  <div class=\"relatedthumb \" style=\"width:125px;float:left;overflow:hidden;\">  \n\t\t\t\t\t\t\t  \n\t\t\t\t\t\t\t  <a  href=\"https:\/\/redept.com.br\/blogosfera\/apos-meses-de-luta-familias-atingidas-pelas-obras-do-metro-de-bh-conquistam-acordo\/\"  >\n\t\t\t\t\t\t\t\t\t  <div class=\"yuzo-img-wrap \" style=\"width: 125px;height:90px;\">\n\t\t\t\t\t\t\t\t\t\t\n\t\t\t\t\t\t\t\t\t\t<div class=\"yuzo-img\" style=\"background:url('https:\/\/redept.org\/blogosfera\/wp-content\/plugins\/yuzo-related-post\/assets\/images\/default.png') 50% 50% no-repeat;width: 125px;height:90px;margin-bottom: 5px;background-size: cover; \"><\/div>\n\t\t\t\t\t\t\t\t\t  <\/div>\n\t\t\t\t\t\t\t\t\t  \n\t\t\t\t\t\t\t\t   <span class=\"yuzo__text--title\" style=\"font-size:13px;\">Ap\u00f3s meses de luta, fam\u00edlias atingidas pelas obras...<\/span>\n\t\t\t\t\t\t\t  \n\t\t\t\t\t\t\t  \n\t\t\t\t\t\t\t  <\/a>\n\n\t\t\t\t\t\t  <\/div>\n\t\t\t\t\t\t  <div class=\"relatedthumb \" style=\"width:125px;float:left;overflow:hidden;\">  \n\t\t\t\t\t\t\t  \n\t\t\t\t\t\t\t  <a  href=\"https:\/\/redept.com.br\/blogosfera\/caixa-anuncia-maior-patrocinio-da-historia-para-esportes-paralimpicos\/\"  >\n\t\t\t\t\t\t\t\t\t  <div class=\"yuzo-img-wrap \" style=\"width: 125px;height:90px;\">\n\t\t\t\t\t\t\t\t\t\t\n\t\t\t\t\t\t\t\t\t\t<div class=\"yuzo-img\" style=\"background:url('https:\/\/redept.org\/blogosfera\/wp-content\/plugins\/yuzo-related-post\/assets\/images\/default.png') 50% 50% no-repeat;width: 125px;height:90px;margin-bottom: 5px;background-size: cover; \"><\/div>\n\t\t\t\t\t\t\t\t\t  <\/div>\n\t\t\t\t\t\t\t\t\t  \n\t\t\t\t\t\t\t\t   <span class=\"yuzo__text--title\" style=\"font-size:13px;\">Caixa anuncia maior patroc\u00ednio da hist\u00f3ria para es...<\/span>\n\t\t\t\t\t\t\t  \n\t\t\t\t\t\t\t  \n\t\t\t\t\t\t\t  <\/a>\n\n\t\t\t\t\t\t  <\/div>\n<\/div> <script>\n\t\t\t\t\t\t  jQuery(document).ready(function( $ ){\n\t\t\t\t\t\t\t\/\/jQuery('.yuzo_related_post').equalizer({ overflow : 'relatedthumb' });\n\t\t\t\t\t\t\tjQuery('.yuzo_related_post .yuzo_wraps').equalizer({ columns : '> div' });\n\t\t\t\t\t\t   })\n\t\t\t\t\t\t  <\/script> <!-- End Yuzo :) -->","protected":false},"excerpt":{"rendered":"<p>Servi\u00e7os de intelig\u00eancia dos Estados Unidos identificaram riscos graves \u00e0 seguran\u00e7a da Copa do Mundo FIFA 2026, co-organizada por EUA, M\u00e9xico e Canad\u00e1. Relat\u00f3rios federais, estaduais e da pr\u00f3pria FIFA \u2014 obtidos pela ag\u00eancia Reuters \u2014 apontam para amea\u00e7as concretas de ataques extremistas, a\u00e7\u00f5es criminosas e dist\u00farbios civis, agravados por atrasos na libera\u00e7\u00e3o de recursos [&hellip;]<\/p>\n","protected":false},"author":2,"featured_media":0,"comment_status":"open","ping_status":"closed","sticky":false,"template":"","format":"standard","meta":{"fifu_image_url":"","fifu_image_alt":"","footnotes":""},"categories":[39357,39358,11800,39359,1023,39360,39361,6530,39362,50,39363,39364,39365,39366,39367],"tags":[],"class_list":["post-79126","post","type-post","status-publish","format-standard","hentry","category-atrasos-verbas","category-copa-2026-eua","category-copa-do-mundo-2026","category-disturbios-civis","category-donald-trump","category-fema","category-fifa-2026","category-ice","category-inteligencia-eua","category-internacional","category-relatorio-fifa","category-riscos-copa-2026","category-seguranca-copa-2026","category-trump-copa-2026","category-verbas-seguranca"],"_links":{"self":[{"href":"https:\/\/redept.com.br\/blogosfera\/wp-json\/wp\/v2\/posts\/79126","targetHints":{"allow":["GET"]}}],"collection":[{"href":"https:\/\/redept.com.br\/blogosfera\/wp-json\/wp\/v2\/posts"}],"about":[{"href":"https:\/\/redept.com.br\/blogosfera\/wp-json\/wp\/v2\/types\/post"}],"author":[{"embeddable":true,"href":"https:\/\/redept.com.br\/blogosfera\/wp-json\/wp\/v2\/users\/2"}],"replies":[{"embeddable":true,"href":"https:\/\/redept.com.br\/blogosfera\/wp-json\/wp\/v2\/comments?post=79126"}],"version-history":[{"count":0,"href":"https:\/\/redept.com.br\/blogosfera\/wp-json\/wp\/v2\/posts\/79126\/revisions"}],"wp:attachment":[{"href":"https:\/\/redept.com.br\/blogosfera\/wp-json\/wp\/v2\/media?parent=79126"}],"wp:term":[{"taxonomy":"category","embeddable":true,"href":"https:\/\/redept.com.br\/blogosfera\/wp-json\/wp\/v2\/categories?post=79126"},{"taxonomy":"post_tag","embeddable":true,"href":"https:\/\/redept.com.br\/blogosfera\/wp-json\/wp\/v2\/tags?post=79126"}],"curies":[{"name":"wp","href":"https:\/\/api.w.org\/{rel}","templated":true}]}}