{"id":79151,"date":"2026-03-20T16:00:10","date_gmt":"2026-03-20T19:00:10","guid":{"rendered":"https:\/\/redept.com.br\/blogosfera\/camara-cria-no-codigo-penal-crime-de-homicidio-vicario-pena-chega-a-40-anos\/"},"modified":"2026-03-20T16:00:10","modified_gmt":"2026-03-20T19:00:10","slug":"camara-cria-no-codigo-penal-crime-de-homicidio-vicario-pena-chega-a-40-anos","status":"publish","type":"post","link":"https:\/\/redept.com.br\/blogosfera\/camara-cria-no-codigo-penal-crime-de-homicidio-vicario-pena-chega-a-40-anos\/","title":{"rendered":"C\u00e2mara cria no C\u00f3digo Penal crime de homic\u00eddio vic\u00e1rio; pena chega a 40 anos"},"content":{"rendered":"<p><img fetchpriority=\"high\" width=\"1024\" height=\"683\"src=\"https:\/\/redept.com.br\/blogosfera\/wp-content\/uploads\/2026\/03\/mulheres-vivas-na-paulista-caco-moreira.jpg\" alt=\"\" decoding=\"async\" srcset=\"https:\/\/vermelho.org.br\/wp-content\/uploads\/2025\/12\/mulheres-vivas-na-paulista-caco-moreira-1024x683.jpg 1024w, https:\/\/vermelho.org.br\/wp-content\/uploads\/2025\/12\/mulheres-vivas-na-paulista-caco-moreira-300x200.jpg 300w, https:\/\/vermelho.org.br\/wp-content\/uploads\/2025\/12\/mulheres-vivas-na-paulista-caco-moreira-768x512.jpg 768w, https:\/\/vermelho.org.br\/wp-content\/uploads\/2025\/12\/mulheres-vivas-na-paulista-caco-moreira-272x182.jpg 272w, https:\/\/redept.com.br\/blogosfera\/wp-content\/uploads\/2026\/03\/mulheres-vivas-na-paulista-caco-moreira.jpg 1067w\" sizes=\"(max-width: 1024px) 100vw, 1024px\"><\/p>\n<p>No esfor\u00e7o concentrado por conta do \u201cm\u00eas da mulher\u201d, a C\u00e2mara dos Deputados aprovou nesta semana o projeto de lei que tipifica no C\u00f3digo Penal o crime de homic\u00eddio vic\u00e1rio. Esse tipo de delito se consuma quando o agressor assassina filhos, enteados ou pais para causar sofrimento \u00e0 mulher.<\/p>\n<p>A mat\u00e9ria, que segue ao Senado, transforma homic\u00eddio vic\u00e1rio no crime hediondo, o que veda anistia, indulto ou fian\u00e7a e exige maior tempo de cumprimento em regime fechado. A pena de reclus\u00e3o \u00e9 de 20 a 40 anos.<\/p>\n<p>\u201cViol\u00eancia vic\u00e1ria tamb\u00e9m \u00e9 crime! Aprovamos no plen\u00e1rio da C\u00e2mara, o projeto de lei 3880\/2024, que reconhece a viol\u00eancia vic\u00e1ria como viol\u00eancia dom\u00e9stica e familiar e a inclui na Lei Maria da Penha. Viol\u00eancia vic\u00e1ria \u00e9 quando o agressor fere ou mata filhos para atingir a m\u00e3e. Usar filhos, parentes ou pessoas pr\u00f3ximas para atingir mulheres tamb\u00e9m \u00e9 viol\u00eancia, e agora tem puni\u00e7\u00e3o em lei!\u201d, explica no X a deputada Daiana Santos (PCdoB-RS).<\/p>\n<p>Leia tamb\u00e9m: <a href=\"https:\/\/vermelho.org.br\/2026\/03\/19\/camara-inaugura-sala-lilas-para-acolher-mulheres-vitimas-de-violencia\/\">C\u00e2mara inaugura Sala Lil\u00e1s para acolher mulheres v\u00edtimas de viol\u00eancia<\/a><\/p>\n<p>O projeto foi inspirado no recente caso envolvendo o ex-secret\u00e1rio municipal de Itumbiara (GO) Thales Machado, que matou os pr\u00f3prios filhos, de 8 e 12 anos, com o objetivo de causar sofrimento \u00e0 m\u00e3e das crian\u00e7as.<\/p>\n<p>A pena pode aumentar de 1\/3 at\u00e9 a metade se o crime for cometido na presen\u00e7a da mulher, contra idosos\/crian\u00e7as ou em descumprimento de medida protetiva.<\/p>\n<p>O texto especifica qual a v\u00edtima direta do assassinato pode ser inclu\u00edda na rede de prote\u00e7\u00e3o da mulher: descendente (filhos\/netos), ascendente (pais\/av\u00f3s) e dependente (enteado ou pessoa sob guarda).<\/p>\n<p>A viol\u00eancia vic\u00e1ria tamb\u00e9m foi inclu\u00edda na Lei Maria da Penha. Agress\u00f5es que n\u00e3o resultem em morte (como les\u00e3o corporal contra filhos para atingir a m\u00e3e) tamb\u00e9m ser\u00e3o enquadradas como viol\u00eancia dom\u00e9stica.<\/p>\n<p>O post <a href=\"https:\/\/vermelho.org.br\/2026\/03\/20\/camara-cria-no-codigo-penal-crime-de-homicidio-vicario-pena-chega-a-40-anos\/\">C\u00e2mara cria no C\u00f3digo Penal crime de homic\u00eddio vic\u00e1rio; pena chega a 40 anos<\/a> apareceu primeiro em <a href=\"https:\/\/vermelho.org.br\/\">Vermelho<\/a>.<\/p>\n<!-- Begin Yuzo --><div class='yuzo_related_post style-1'  data-version='5.12.89'><!-- without result --><div class='yuzo_clearfixed yuzo__title yuzo__title'><h3>Related Post<\/h3><\/div>\n\t\t\t\t\t\t  <div class=\"relatedthumb \" style=\"width:125px;float:left;overflow:hidden;\">  \n\t\t\t\t\t\t\t  \n\t\t\t\t\t\t\t  <a  href=\"https:\/\/redept.com.br\/blogosfera\/chacina-de-acari-certidao-de-obito-das-vitimas-deve-constar-violencia-causada-por-agente-do-estado\/\"  >\n\t\t\t\t\t\t\t\t\t  <div class=\"yuzo-img-wrap \" style=\"width: 125px;height:90px;\">\n\t\t\t\t\t\t\t\t\t\t\n\t\t\t\t\t\t\t\t\t\t<div class=\"yuzo-img\" style=\"background:url('https:\/\/redept.org\/blogosfera\/wp-content\/plugins\/yuzo-related-post\/assets\/images\/default.png') 50% 50% no-repeat;width: 125px;height:90px;margin-bottom: 5px;background-size: cover; \"><\/div>\n\t\t\t\t\t\t\t\t\t  <\/div>\n\t\t\t\t\t\t\t\t\t  \n\t\t\t\t\t\t\t\t   <span class=\"yuzo__text--title\" style=\"font-size:13px;\">Chacina de Acari: certid\u00e3o de \u00f3bito das v\u00edtimas de...<\/span>\n\t\t\t\t\t\t\t  \n\t\t\t\t\t\t\t  \n\t\t\t\t\t\t\t  <\/a>\n\n\t\t\t\t\t\t  <\/div>\n\t\t\t\t\t\t  <div class=\"relatedthumb \" style=\"width:125px;float:left;overflow:hidden;\">  \n\t\t\t\t\t\t\t  \n\t\t\t\t\t\t\t  <a  href=\"https:\/\/redept.com.br\/blogosfera\/vereadora-valentina-rocha-assume-presidencia-do-pt-em-foz-do-iguacu-pr\/\"  >\n\t\t\t\t\t\t\t\t\t  <div class=\"yuzo-img-wrap \" style=\"width: 125px;height:90px;\">\n\t\t\t\t\t\t\t\t\t\t\n\t\t\t\t\t\t\t\t\t\t<div class=\"yuzo-img\" style=\"background:url('https:\/\/redept.org\/blogosfera\/wp-content\/plugins\/yuzo-related-post\/assets\/images\/default.png') 50% 50% no-repeat;width: 125px;height:90px;margin-bottom: 5px;background-size: cover; \"><\/div>\n\t\t\t\t\t\t\t\t\t  <\/div>\n\t\t\t\t\t\t\t\t\t  \n\t\t\t\t\t\t\t\t   <span class=\"yuzo__text--title\" style=\"font-size:13px;\">Vereadora Valentina Rocha assume presid\u00eancia do PT...<\/span>\n\t\t\t\t\t\t\t  \n\t\t\t\t\t\t\t  \n\t\t\t\t\t\t\t  <\/a>\n\n\t\t\t\t\t\t  <\/div>\n\t\t\t\t\t\t  <div class=\"relatedthumb \" style=\"width:125px;float:left;overflow:hidden;\">  \n\t\t\t\t\t\t\t  \n\t\t\t\t\t\t\t  <a  href=\"https:\/\/redept.com.br\/blogosfera\/privatizacao-da-compesa-uma-ameaca-aos-trabalhadores-de-pernambuco\/\"  >\n\t\t\t\t\t\t\t\t\t  <div class=\"yuzo-img-wrap \" style=\"width: 125px;height:90px;\">\n\t\t\t\t\t\t\t\t\t\t\n\t\t\t\t\t\t\t\t\t\t<div class=\"yuzo-img\" style=\"background:url('https:\/\/redept.com.br\/blogosfera\/wp-content\/uploads\/2025\/03\/image_processing20220912-4411-p2kt62-150x150.jpeg') 50% 50% no-repeat;width: 125px;height:90px;margin-bottom: 5px;background-size: cover; \"><\/div>\n\t\t\t\t\t\t\t\t\t  <\/div>\n\t\t\t\t\t\t\t\t\t  \n\t\t\t\t\t\t\t\t   <span class=\"yuzo__text--title\" style=\"font-size:13px;\">Privatiza\u00e7\u00e3o da Compesa: uma amea\u00e7a aos trabalhado...<\/span>\n\t\t\t\t\t\t\t  \n\t\t\t\t\t\t\t  \n\t\t\t\t\t\t\t  <\/a>\n\n\t\t\t\t\t\t  <\/div>\n\t\t\t\t\t\t  <div class=\"relatedthumb \" style=\"width:125px;float:left;overflow:hidden;\">  \n\t\t\t\t\t\t\t  \n\t\t\t\t\t\t\t  <a  href=\"https:\/\/redept.com.br\/blogosfera\/por-unanimidade-stf-decide-que-revista-intima-vexatoria-em-presidios-e-inadmissivel\/\"  >\n\t\t\t\t\t\t\t\t\t  <div class=\"yuzo-img-wrap \" style=\"width: 125px;height:90px;\">\n\t\t\t\t\t\t\t\t\t\t\n\t\t\t\t\t\t\t\t\t\t<div class=\"yuzo-img\" style=\"background:url('https:\/\/redept.com.br\/blogosfera\/wp-content\/uploads\/2025\/04\/predio_stf_-_valter_campanto_-_agencia_brasil_1-150x150.webp') 50% 50% no-repeat;width: 125px;height:90px;margin-bottom: 5px;background-size: cover; \"><\/div>\n\t\t\t\t\t\t\t\t\t  <\/div>\n\t\t\t\t\t\t\t\t\t  \n\t\t\t\t\t\t\t\t   <span class=\"yuzo__text--title\" style=\"font-size:13px;\">Por unanimidade, STF decide que revista \u00edntima vex...<\/span>\n\t\t\t\t\t\t\t  \n\t\t\t\t\t\t\t  \n\t\t\t\t\t\t\t  <\/a>\n\n\t\t\t\t\t\t  <\/div>\n<\/div> <script>\n\t\t\t\t\t\t  jQuery(document).ready(function( $ ){\n\t\t\t\t\t\t\t\/\/jQuery('.yuzo_related_post').equalizer({ overflow : 'relatedthumb' });\n\t\t\t\t\t\t\tjQuery('.yuzo_related_post .yuzo_wraps').equalizer({ columns : '> div' });\n\t\t\t\t\t\t   })\n\t\t\t\t\t\t  <\/script> <!-- End Yuzo :) -->","protected":false},"excerpt":{"rendered":"<p>No esfor\u00e7o concentrado por conta do \u201cm\u00eas da mulher\u201d, a C\u00e2mara dos Deputados aprovou nesta semana o projeto de lei que tipifica no C\u00f3digo Penal o crime de homic\u00eddio vic\u00e1rio. Esse tipo de delito se consuma quando o agressor assassina filhos, enteados ou pais para causar sofrimento \u00e0 mulher. A mat\u00e9ria, que segue ao Senado, [&hellip;]<\/p>\n","protected":false},"author":2,"featured_media":0,"comment_status":"open","ping_status":"closed","sticky":false,"template":"","format":"standard","meta":{"fifu_image_url":"","fifu_image_alt":"","footnotes":""},"categories":[1685,298,3460,39386,132],"tags":[],"class_list":["post-79151","post","type-post","status-publish","format-standard","hentry","category-aprovacao","category-camara-dos-deputados","category-codigo-penal","category-homicidio-vicario","category-politica"],"_links":{"self":[{"href":"https:\/\/redept.com.br\/blogosfera\/wp-json\/wp\/v2\/posts\/79151","targetHints":{"allow":["GET"]}}],"collection":[{"href":"https:\/\/redept.com.br\/blogosfera\/wp-json\/wp\/v2\/posts"}],"about":[{"href":"https:\/\/redept.com.br\/blogosfera\/wp-json\/wp\/v2\/types\/post"}],"author":[{"embeddable":true,"href":"https:\/\/redept.com.br\/blogosfera\/wp-json\/wp\/v2\/users\/2"}],"replies":[{"embeddable":true,"href":"https:\/\/redept.com.br\/blogosfera\/wp-json\/wp\/v2\/comments?post=79151"}],"version-history":[{"count":0,"href":"https:\/\/redept.com.br\/blogosfera\/wp-json\/wp\/v2\/posts\/79151\/revisions"}],"wp:attachment":[{"href":"https:\/\/redept.com.br\/blogosfera\/wp-json\/wp\/v2\/media?parent=79151"}],"wp:term":[{"taxonomy":"category","embeddable":true,"href":"https:\/\/redept.com.br\/blogosfera\/wp-json\/wp\/v2\/categories?post=79151"},{"taxonomy":"post_tag","embeddable":true,"href":"https:\/\/redept.com.br\/blogosfera\/wp-json\/wp\/v2\/tags?post=79151"}],"curies":[{"name":"wp","href":"https:\/\/api.w.org\/{rel}","templated":true}]}}