{"id":79173,"date":"2026-03-20T17:54:41","date_gmt":"2026-03-20T20:54:41","guid":{"rendered":"https:\/\/redept.com.br\/blogosfera\/o-grao-dourado-que-alimenta-a-esperanca-e-celebrado-na-festa-da-colheita-do-arroz-agroecologico\/"},"modified":"2026-03-20T17:54:41","modified_gmt":"2026-03-20T20:54:41","slug":"o-grao-dourado-que-alimenta-a-esperanca-e-celebrado-na-festa-da-colheita-do-arroz-agroecologico","status":"publish","type":"post","link":"https:\/\/redept.com.br\/blogosfera\/o-grao-dourado-que-alimenta-a-esperanca-e-celebrado-na-festa-da-colheita-do-arroz-agroecologico\/","title":{"rendered":"O gr\u00e3o dourado que alimenta a esperan\u00e7a \u00e9 celebrado na Festa da Colheita do Arroz Agroecol\u00f3gico"},"content":{"rendered":"<p>Sob o sol desta sexta-feira (20), o Assentamento Capela, em Nova Santa Rita, voltou a se tornar um dos principais pontos de encontro da agricultura camponesa no pa\u00eds. A 23\u00aa Festa da Colheita do Arroz Agroecol\u00f3gico reuniu centenas de fam\u00edlias assentadas, lideran\u00e7as pol\u00edticas, representantes de \u00f3rg\u00e3os p\u00fablicos e convidados internacionais em um momento que combinou [\u2026]<\/p>\n<p><a href=\"https:\/\/www.brasildefato.com.br\/2026\/03\/20\/o-grao-dourado-que-alimenta-a-esperanca-e-celebrado-na-festa-da-colheita-do-arroz-agroecologico\/\" rel=\"nofollow\">Fonte<\/a><\/p>\n<!-- Begin Yuzo --><div class='yuzo_related_post style-1'  data-version='5.12.89'><!-- without result --><div class='yuzo_clearfixed yuzo__title yuzo__title'><h3>Related Post<\/h3><\/div>\n\t\t\t\t\t\t  <div class=\"relatedthumb \" style=\"width:125px;float:left;overflow:hidden;\">  \n\t\t\t\t\t\t\t  \n\t\t\t\t\t\t\t  <a  href=\"https:\/\/redept.com.br\/blogosfera\/petistas-criticam-aprovacao-de-admissibilidade-pec-que-prejudica-financiamento-de-exportacoes-pelo-bndes\/\"  >\n\t\t\t\t\t\t\t\t\t  <div class=\"yuzo-img-wrap \" style=\"width: 125px;height:90px;\">\n\t\t\t\t\t\t\t\t\t\t\n\t\t\t\t\t\t\t\t\t\t<div class=\"yuzo-img\" style=\"background:url('https:\/\/redept.com.br\/blogosfera\/wp-content\/uploads\/2024\/12\/WhatsApp-Image-2024-12-05-at-18.36.11-350x250-1-150x150.jpeg') 50% 50% no-repeat;width: 125px;height:90px;margin-bottom: 5px;background-size: cover; \"><\/div>\n\t\t\t\t\t\t\t\t\t  <\/div>\n\t\t\t\t\t\t\t\t\t  \n\t\t\t\t\t\t\t\t   <span class=\"yuzo__text--title\" style=\"font-size:13px;\">Petistas criticam aprova\u00e7\u00e3o de admissibilidade PEC...<\/span>\n\t\t\t\t\t\t\t  \n\t\t\t\t\t\t\t  \n\t\t\t\t\t\t\t  <\/a>\n\n\t\t\t\t\t\t  <\/div>\n\t\t\t\t\t\t  <div class=\"relatedthumb \" style=\"width:125px;float:left;overflow:hidden;\">  \n\t\t\t\t\t\t\t  \n\t\t\t\t\t\t\t  <a  href=\"https:\/\/redept.com.br\/blogosfera\/banco-central-emite-ordem-de-bloqueio-das-contas-de-carla-zambelli\/\"  >\n\t\t\t\t\t\t\t\t\t  <div class=\"yuzo-img-wrap \" style=\"width: 125px;height:90px;\">\n\t\t\t\t\t\t\t\t\t\t\n\t\t\t\t\t\t\t\t\t\t<div class=\"yuzo-img\" style=\"background:url('https:\/\/redept.org\/blogosfera\/wp-content\/plugins\/yuzo-related-post\/assets\/images\/default.png') 50% 50% no-repeat;width: 125px;height:90px;margin-bottom: 5px;background-size: cover; \"><\/div>\n\t\t\t\t\t\t\t\t\t  <\/div>\n\t\t\t\t\t\t\t\t\t  \n\t\t\t\t\t\t\t\t   <span class=\"yuzo__text--title\" style=\"font-size:13px;\">Banco Central emite ordem de bloqueio das contas d...<\/span>\n\t\t\t\t\t\t\t  \n\t\t\t\t\t\t\t  \n\t\t\t\t\t\t\t  <\/a>\n\n\t\t\t\t\t\t  <\/div>\n\t\t\t\t\t\t  <div class=\"relatedthumb \" style=\"width:125px;float:left;overflow:hidden;\">  \n\t\t\t\t\t\t\t  \n\t\t\t\t\t\t\t  <a  href=\"https:\/\/redept.com.br\/blogosfera\/um-mestre-do-cinema-negro-brasileiro-diz-curador-da-maior-mostra-cinematografica-sobre-antonio-pitanga\/\"  >\n\t\t\t\t\t\t\t\t\t  <div class=\"yuzo-img-wrap \" style=\"width: 125px;height:90px;\">\n\t\t\t\t\t\t\t\t\t\t\n\t\t\t\t\t\t\t\t\t\t<div class=\"yuzo-img\" style=\"background:url('https:\/\/redept.org\/blogosfera\/wp-content\/plugins\/yuzo-related-post\/assets\/images\/default.png') 50% 50% no-repeat;width: 125px;height:90px;margin-bottom: 5px;background-size: cover; \"><\/div>\n\t\t\t\t\t\t\t\t\t  <\/div>\n\t\t\t\t\t\t\t\t\t  \n\t\t\t\t\t\t\t\t   <span class=\"yuzo__text--title\" style=\"font-size:13px;\">\u2018Um mestre do cinema negro brasileiro\u2019, diz curado...<\/span>\n\t\t\t\t\t\t\t  \n\t\t\t\t\t\t\t  \n\t\t\t\t\t\t\t  <\/a>\n\n\t\t\t\t\t\t  <\/div>\n\t\t\t\t\t\t  <div class=\"relatedthumb \" style=\"width:125px;float:left;overflow:hidden;\">  \n\t\t\t\t\t\t\t  \n\t\t\t\t\t\t\t  <a  href=\"https:\/\/redept.com.br\/blogosfera\/amazonia-no-coracao-da-igreja-o-legado-de-um-papa-de-alma-verde\/\"  >\n\t\t\t\t\t\t\t\t\t  <div class=\"yuzo-img-wrap \" style=\"width: 125px;height:90px;\">\n\t\t\t\t\t\t\t\t\t\t\n\t\t\t\t\t\t\t\t\t\t<div class=\"yuzo-img\" style=\"background:url('https:\/\/redept.org\/blogosfera\/wp-content\/plugins\/yuzo-related-post\/assets\/images\/default.png') 50% 50% no-repeat;width: 125px;height:90px;margin-bottom: 5px;background-size: cover; \"><\/div>\n\t\t\t\t\t\t\t\t\t  <\/div>\n\t\t\t\t\t\t\t\t\t  \n\t\t\t\t\t\t\t\t   <span class=\"yuzo__text--title\" style=\"font-size:13px;\">Amaz\u00f4nia no cora\u00e7\u00e3o da Igreja: o legado de um papa...<\/span>\n\t\t\t\t\t\t\t  \n\t\t\t\t\t\t\t  \n\t\t\t\t\t\t\t  <\/a>\n\n\t\t\t\t\t\t  <\/div>\n<\/div> <script>\n\t\t\t\t\t\t  jQuery(document).ready(function( $ ){\n\t\t\t\t\t\t\t\/\/jQuery('.yuzo_related_post').equalizer({ overflow : 'relatedthumb' });\n\t\t\t\t\t\t\tjQuery('.yuzo_related_post .yuzo_wraps').equalizer({ columns : '> div' });\n\t\t\t\t\t\t   })\n\t\t\t\t\t\t  <\/script> <!-- End Yuzo :) -->","protected":false},"excerpt":{"rendered":"<p>Sob o sol desta sexta-feira (20), o Assentamento Capela, em Nova Santa Rita, voltou a se tornar um dos principais pontos de encontro da agricultura camponesa no pa\u00eds. A 23\u00aa Festa da Colheita do Arroz Agroecol\u00f3gico reuniu centenas de fam\u00edlias assentadas, lideran\u00e7as pol\u00edticas, representantes de \u00f3rg\u00e3os p\u00fablicos e convidados internacionais em um momento que combinou [&hellip;]<\/p>\n","protected":false},"author":2,"featured_media":0,"comment_status":"open","ping_status":"closed","sticky":false,"template":"","format":"standard","meta":{"fifu_image_url":"","fifu_image_alt":"","footnotes":""},"categories":[4730,2461,306,4474,197,198,5976,453,1241,2400,1185,38746,39411,88,39412,9448,4331,39413,34961,2490,311,17162,302,39085,22649,1131,39414,39415,37869,166,195,19,1300,1265,39416],"tags":[],"class_list":["post-79173","post","type-post","status-publish","format-standard","hentry","category-agricultura-camponesa","category-agricultura-familiar","category-agroecologia","category-arroz","category-arroz-agroecologico","category-assentamento","category-bioinsumos","category-combate-a-fome","category-conab","category-cooperacao-internacional","category-cuba","category-desenvolvimento-rural","category-ecoforte","category-enchentes","category-feminismo-no-campo","category-fernanda-melchionna","category-festa","category-festa-da-colheita","category-frei-sergio","category-joao-pedro-stedile","category-luta-pela-terra","category-manuela-davila","category-mst","category-organico","category-paa","category-pnae","category-politica-agricola","category-producao-organica","category-protagonismo-feminino","category-reconstrucao","category-reforma-agraria","category-rio-grande-do-sul","category-seguranca-alimentar","category-soberania-alimentar","category-tecnologia-agricola"],"_links":{"self":[{"href":"https:\/\/redept.com.br\/blogosfera\/wp-json\/wp\/v2\/posts\/79173","targetHints":{"allow":["GET"]}}],"collection":[{"href":"https:\/\/redept.com.br\/blogosfera\/wp-json\/wp\/v2\/posts"}],"about":[{"href":"https:\/\/redept.com.br\/blogosfera\/wp-json\/wp\/v2\/types\/post"}],"author":[{"embeddable":true,"href":"https:\/\/redept.com.br\/blogosfera\/wp-json\/wp\/v2\/users\/2"}],"replies":[{"embeddable":true,"href":"https:\/\/redept.com.br\/blogosfera\/wp-json\/wp\/v2\/comments?post=79173"}],"version-history":[{"count":0,"href":"https:\/\/redept.com.br\/blogosfera\/wp-json\/wp\/v2\/posts\/79173\/revisions"}],"wp:attachment":[{"href":"https:\/\/redept.com.br\/blogosfera\/wp-json\/wp\/v2\/media?parent=79173"}],"wp:term":[{"taxonomy":"category","embeddable":true,"href":"https:\/\/redept.com.br\/blogosfera\/wp-json\/wp\/v2\/categories?post=79173"},{"taxonomy":"post_tag","embeddable":true,"href":"https:\/\/redept.com.br\/blogosfera\/wp-json\/wp\/v2\/tags?post=79173"}],"curies":[{"name":"wp","href":"https:\/\/api.w.org\/{rel}","templated":true}]}}