{"id":79539,"date":"2026-03-24T12:51:54","date_gmt":"2026-03-24T15:51:54","guid":{"rendered":"https:\/\/redept.com.br\/blogosfera\/em-2026-89-dos-reajustes-salariais-tiveram-ganhos-acima-da-inflacao\/"},"modified":"2026-03-24T12:51:54","modified_gmt":"2026-03-24T15:51:54","slug":"em-2026-89-dos-reajustes-salariais-tiveram-ganhos-acima-da-inflacao","status":"publish","type":"post","link":"https:\/\/redept.com.br\/blogosfera\/em-2026-89-dos-reajustes-salariais-tiveram-ganhos-acima-da-inflacao\/","title":{"rendered":"Em 2026, 89% dos reajustes salariais tiveram ganhos acima da infla\u00e7\u00e3o"},"content":{"rendered":"<p><img fetchpriority=\"high\" width=\"823\" height=\"462\"src=\"https:\/\/redept.com.br\/blogosfera\/wp-content\/uploads\/2026\/03\/servicos_Elza-Fiuza_Agencia-Brasil.jpg\" alt=\"\" decoding=\"async\" srcset=\"https:\/\/redept.com.br\/blogosfera\/wp-content\/uploads\/2026\/03\/servicos_Elza-Fiuza_Agencia-Brasil.jpg 823w, https:\/\/vermelho.org.br\/wp-content\/uploads\/2026\/03\/servicos_Elza-Fiuza_Agencia-Brasil-300x168.jpg 300w, https:\/\/vermelho.org.br\/wp-content\/uploads\/2026\/03\/servicos_Elza-Fiuza_Agencia-Brasil-768x431.jpg 768w\" sizes=\"(max-width: 823px) 100vw, 823px\"><\/p>\n<p>Novos dados do Dieese (Departamento Intersindical de Estat\u00edstica e Estudos Socioecon\u00f4micos) apontam para avan\u00e7os importantes nas negocia\u00e7\u00f5es salariais em benef\u00edcio dos trabalhadores neste in\u00edcio de 2026. Nesses tr\u00eas primeiros meses, 89,1% dos reajustes salariais tiveram ganhos reais, ou seja, acima da infla\u00e7\u00e3o. Outros 8,1% foram iguais \u00e0 varia\u00e7\u00e3o do INPC (\u00cdndice Nacional de Pre\u00e7os ao Consumidor) do IBGE e 2,8% ficaram abaixo.<\/p>\n<p>Segundo o boletim \u201cDe Olho nas Negocia\u00e7\u00f5es\u201d, produzido pela entidade, \u201co resultado \u00e9 significativamente melhor do que o observado na somat\u00f3ria das \u00faltimas 12 datas-bases (de mar\u00e7o de 2025 a fevereiro de 2026)\u201d. Considerando esse conjunto, o percentual de reajuste acima da infla\u00e7\u00e3o foi de 77%; igual, ficou em 14,6% e abaixo, em 8,4%. Analisando apenas o m\u00eas de fevereiro, 88,6% dos reajustes salariais registrados at\u00e9 9 de mar\u00e7o alcan\u00e7aram ganhos reais.<\/p>\n<p>De acordo com o Dieese, houve aumento no percentual de negocia\u00e7\u00f5es com reajustes abaixo da infla\u00e7\u00e3o: de 2,2%, em janeiro, para 7,8%, em fevereiro e queda no valor da varia\u00e7\u00e3o real m\u00e9dia, de 1,92% para 1,44%. \u201cMesmo assim, os dados de fevereiro est\u00e3o entre os melhores registrados nas \u00faltimas 12 datas-bases\u201d, aponta.<\/p>\n<p><strong>Leia tamb\u00e9m:<\/strong> <a href=\"https:\/\/vermelho.org.br\/2026\/03\/16\/pib-cresce-08-em-janeiro-maior-avanco-mensal-em-um-ano\/\">PIB cresce 0,8% em janeiro, maior avan\u00e7o mensal em um ano<\/a><\/p>\n<p>Outro dado trazidos pelo levantamento \u00e9 que a varia\u00e7\u00e3o real m\u00e9dia dos reajustes de fevereiro \u00e9 igual a 1,44%, o segundo maior valor em 12 meses, atr\u00e1s somente de janeiro de 2026.<\/p>\n<p>Quanto ao parcelamento dos reajustes, a entidade identificou que apenas um dos 114 reajustes de fevereiro de 2026 (0,9%) foi pago de forma parcelada. Os demais foram pagos em uma \u00fanica parcela na data-base.<\/p>\n<p>No que diz respeito ao escalonamento, foi verificado que em fevereiro, 7% dos reajustes foram pagos de forma escalonada, ou seja, em percentuais diferentes conforme faixa salarial do(a) trabalhador(a) ou tamanho da empresa.<\/p>\n<p><strong>Desempenho por setor e regi\u00e3o<\/strong><\/p>\n<p>O Dieese tamb\u00e9m destacou os segmentos econ\u00f4micos que tiveram melhor desempenho nos reajustes no primeiro bimestre de 2026. O mais destacado foi o de servi\u00e7os, cujos ganhos reais ocorreram em 91,7% das negocia\u00e7\u00f5es, resultado muito pr\u00f3ximo do registrado pela ind\u00fastria (91,6% dos casos).<\/p>\n<p>O menor percentual de reajustes acima da varia\u00e7\u00e3o do INPC foi observado no com\u00e9rcio (66,7%), enquanto a maior porcentagem de resultados abaixo da infla\u00e7\u00e3o ficou com o setor rural (21,1%).<\/p>\n<p>Em rela\u00e7\u00e3o \u00e0 varia\u00e7\u00e3o real m\u00e9dia, os ganhos de janeiro foram de 2,11% nos servi\u00e7os, 1,73% na ind\u00fastria, 1,15% no com\u00e9rcio e 1,09% no setor rural.<\/p>\n<p>\u201cTanto a distribui\u00e7\u00e3o dos reajustes, na compara\u00e7\u00e3o com a varia\u00e7\u00e3o do INPC, quanto a varia\u00e7\u00e3o real m\u00e9dia, em janeiro, s\u00e3o superiores \u00e0s observadas no acumulado das \u00faltimas 12 datas-bases (mar\/25-fev\/26), exceto no com\u00e9rcio, que registrou mais ganhos reais nesse per\u00edodo, mas varia\u00e7\u00e3o real m\u00e9dia inferior\u201d, explica a publica\u00e7\u00e3o.<\/p>\n<p>No caso do recorte regional, o levantamento mostra que o Norte e o Nordeste tiveram os melhores resultados: 92% das negocia\u00e7\u00f5es em cada uma das regi\u00f5es obtiveram reajustes superiores ao INPC.<\/p>\n<p>Em rela\u00e7\u00e3o \u00e0 varia\u00e7\u00e3o real m\u00e9dia, os ganhos variam de 1,41%, no Norte, a 2,13%, no Sudeste. \u201cTamb\u00e9m nesse caso, os resultados de 2026 s\u00e3o superiores aos observados no acumulado dos \u00faltimas 12 datas-bases (mar\u00e7o de 2025-fevereiro de 2026)\u201d, aponta.<\/p>\n<p><strong>Pisos salariais<\/strong><\/p>\n<p>Por \u00faltimo, o Dieese calculou o valor m\u00e9dio dos pisos salariais no primeiro bimestre de 2026, que ficou em R$ 1.817, enquanto o mediano foi de R$ 1.704. Nas \u00faltimas 12 datas-bases, o valor m\u00e9dio dos pisos ficou em R$ 1.898, e o mediano, em R$ 1.786.<\/p>\n<p>\u201cEntre os setores econ\u00f4micos, os maiores pisos m\u00e9dios foram encontrados nos servi\u00e7os: R$ 1.860, no primeiro bimestre do ano, R$ 1.947 nas \u00faltimas 12 datas-bases. Os maiores pisos medianos foram de R$ 1.826, no setor rural, considerando o primeiro bimestre de 2026; e de R$ 1.834, na ind\u00fastria, levando em conta as 12 \u00faltimas datas-bases\u201d, afirma o Dieese.<\/p>\n<p>Entre as regi\u00f5es geogr\u00e1ficas, analisando apenas os pisos de 2026, os maiores valores m\u00e9dio e mediano s\u00e3o do Sul: R$ 1.936 e R$ 1.900, respectivamente. J\u00e1 os maiores, nas \u00faltimas 12 datas-bases, s\u00e3o do Sudeste (maior piso m\u00e9dio: R$1.951) e Sul (maior piso mediano: R$ 1.872).<\/p>\n<p>O post <a href=\"https:\/\/vermelho.org.br\/2026\/03\/24\/em-2026-89-dos-reajustes-salariais-tiveram-ganhos-acima-da-inflacao\/\">Em 2026, 89% dos reajustes salariais tiveram ganhos acima da infla\u00e7\u00e3o<\/a> apareceu primeiro em <a href=\"https:\/\/vermelho.org.br\/\">Vermelho<\/a>.<\/p>\n<!-- Begin Yuzo --><div class='yuzo_related_post style-1'  data-version='5.12.89'><!-- without result --><div class='yuzo_clearfixed yuzo__title yuzo__title'><h3>Related Post<\/h3><\/div>\n\t\t\t\t\t\t  <div class=\"relatedthumb \" style=\"width:125px;float:left;overflow:hidden;\">  \n\t\t\t\t\t\t\t  \n\t\t\t\t\t\t\t  <a  href=\"https:\/\/redept.com.br\/blogosfera\/onu-condena-lei-de-israel-que-preve-pena-de-morte-para-palestinos\/\"  >\n\t\t\t\t\t\t\t\t\t  <div class=\"yuzo-img-wrap \" style=\"width: 125px;height:90px;\">\n\t\t\t\t\t\t\t\t\t\t\n\t\t\t\t\t\t\t\t\t\t<div class=\"yuzo-img\" style=\"background:url('https:\/\/redept.com.br\/blogosfera\/wp-content\/uploads\/2026\/04\/aony-150x150.jpg') 50% 50% no-repeat;width: 125px;height:90px;margin-bottom: 5px;background-size: cover; \"><\/div>\n\t\t\t\t\t\t\t\t\t  <\/div>\n\t\t\t\t\t\t\t\t\t  \n\t\t\t\t\t\t\t\t   <span class=\"yuzo__text--title\" style=\"font-size:13px;\">ONU condena lei de Israel que prev\u00ea pena de morte ...<\/span>\n\t\t\t\t\t\t\t  \n\t\t\t\t\t\t\t  \n\t\t\t\t\t\t\t  <\/a>\n\n\t\t\t\t\t\t  <\/div>\n\t\t\t\t\t\t  <div class=\"relatedthumb \" style=\"width:125px;float:left;overflow:hidden;\">  \n\t\t\t\t\t\t\t  \n\t\t\t\t\t\t\t  <a  href=\"https:\/\/redept.com.br\/blogosfera\/descentralizar-para-existir-como-o-apoio-ao-jornalismo-local-reconstroi-o-brasil-real\/\"  >\n\t\t\t\t\t\t\t\t\t  <div class=\"yuzo-img-wrap \" style=\"width: 125px;height:90px;\">\n\t\t\t\t\t\t\t\t\t\t\n\t\t\t\t\t\t\t\t\t\t<div class=\"yuzo-img\" style=\"background:url('https:\/\/redept.org\/blogosfera\/wp-content\/plugins\/yuzo-related-post\/assets\/images\/default.png') 50% 50% no-repeat;width: 125px;height:90px;margin-bottom: 5px;background-size: cover; \"><\/div>\n\t\t\t\t\t\t\t\t\t  <\/div>\n\t\t\t\t\t\t\t\t\t  \n\t\t\t\t\t\t\t\t   <span class=\"yuzo__text--title\" style=\"font-size:13px;\">Descentralizar para existir: como o apoio ao jorna...<\/span>\n\t\t\t\t\t\t\t  \n\t\t\t\t\t\t\t  \n\t\t\t\t\t\t\t  <\/a>\n\n\t\t\t\t\t\t  <\/div>\n\t\t\t\t\t\t  <div class=\"relatedthumb \" style=\"width:125px;float:left;overflow:hidden;\">  \n\t\t\t\t\t\t\t  \n\t\t\t\t\t\t\t  <a  href=\"https:\/\/redept.com.br\/blogosfera\/senado-vota-pec-que-inclui-guardas-municipais-entre-orgaos-de-seguranca\/\"  >\n\t\t\t\t\t\t\t\t\t  <div class=\"yuzo-img-wrap \" style=\"width: 125px;height:90px;\">\n\t\t\t\t\t\t\t\t\t\t\n\t\t\t\t\t\t\t\t\t\t<div class=\"yuzo-img\" style=\"background:url('https:\/\/redept.com.br\/blogosfera\/wp-content\/uploads\/2025\/05\/guarda-municipal_pmv-150x150.jpg') 50% 50% no-repeat;width: 125px;height:90px;margin-bottom: 5px;background-size: cover; \"><\/div>\n\t\t\t\t\t\t\t\t\t  <\/div>\n\t\t\t\t\t\t\t\t\t  \n\t\t\t\t\t\t\t\t   <span class=\"yuzo__text--title\" style=\"font-size:13px;\">Senado vota PEC que inclui guardas municipais entr...<\/span>\n\t\t\t\t\t\t\t  \n\t\t\t\t\t\t\t  \n\t\t\t\t\t\t\t  <\/a>\n\n\t\t\t\t\t\t  <\/div>\n\t\t\t\t\t\t  <div class=\"relatedthumb \" style=\"width:125px;float:left;overflow:hidden;\">  \n\t\t\t\t\t\t\t  \n\t\t\t\t\t\t\t  <a  href=\"https:\/\/redept.com.br\/blogosfera\/para-pensar-de-novo-um-projeto-de-pais\/\"  >\n\t\t\t\t\t\t\t\t\t  <div class=\"yuzo-img-wrap \" style=\"width: 125px;height:90px;\">\n\t\t\t\t\t\t\t\t\t\t\n\t\t\t\t\t\t\t\t\t\t<div class=\"yuzo-img\" style=\"background:url('https:\/\/redept.com.br\/blogosfera\/wp-content\/uploads\/2026\/03\/Brasil-150x150.jpg') 50% 50% no-repeat;width: 125px;height:90px;margin-bottom: 5px;background-size: cover; \"><\/div>\n\t\t\t\t\t\t\t\t\t  <\/div>\n\t\t\t\t\t\t\t\t\t  \n\t\t\t\t\t\t\t\t   <span class=\"yuzo__text--title\" style=\"font-size:13px;\">Para pensar, de novo, um projeto de pa\u00eds<\/span>\n\t\t\t\t\t\t\t  \n\t\t\t\t\t\t\t  \n\t\t\t\t\t\t\t  <\/a>\n\n\t\t\t\t\t\t  <\/div>\n<\/div> <script>\n\t\t\t\t\t\t  jQuery(document).ready(function( $ ){\n\t\t\t\t\t\t\t\/\/jQuery('.yuzo_related_post').equalizer({ overflow : 'relatedthumb' });\n\t\t\t\t\t\t\tjQuery('.yuzo_related_post .yuzo_wraps').equalizer({ columns : '> div' });\n\t\t\t\t\t\t   })\n\t\t\t\t\t\t  <\/script> <!-- End Yuzo :) -->","protected":false},"excerpt":{"rendered":"<p>Novos dados do Dieese (Departamento Intersindical de Estat\u00edstica e Estudos Socioecon\u00f4micos) apontam para avan\u00e7os importantes nas negocia\u00e7\u00f5es salariais em benef\u00edcio dos trabalhadores neste in\u00edcio de 2026. Nesses tr\u00eas primeiros meses, 89,1% dos reajustes salariais tiveram ganhos reais, ou seja, acima da infla\u00e7\u00e3o. Outros 8,1% foram iguais \u00e0 varia\u00e7\u00e3o do INPC (\u00cdndice Nacional de Pre\u00e7os ao [&hellip;]<\/p>\n","protected":false},"author":2,"featured_media":0,"comment_status":"open","ping_status":"closed","sticky":false,"template":"","format":"standard","meta":{"fifu_image_url":"","fifu_image_alt":"","footnotes":""},"categories":[1014,1029,221,2238,377],"tags":[],"class_list":["post-79539","post","type-post","status-publish","format-standard","hentry","category-classe-trabalhadora","category-dieese","category-economia","category-reajuste-acima-da-inflacao","category-trabalho"],"_links":{"self":[{"href":"https:\/\/redept.com.br\/blogosfera\/wp-json\/wp\/v2\/posts\/79539","targetHints":{"allow":["GET"]}}],"collection":[{"href":"https:\/\/redept.com.br\/blogosfera\/wp-json\/wp\/v2\/posts"}],"about":[{"href":"https:\/\/redept.com.br\/blogosfera\/wp-json\/wp\/v2\/types\/post"}],"author":[{"embeddable":true,"href":"https:\/\/redept.com.br\/blogosfera\/wp-json\/wp\/v2\/users\/2"}],"replies":[{"embeddable":true,"href":"https:\/\/redept.com.br\/blogosfera\/wp-json\/wp\/v2\/comments?post=79539"}],"version-history":[{"count":0,"href":"https:\/\/redept.com.br\/blogosfera\/wp-json\/wp\/v2\/posts\/79539\/revisions"}],"wp:attachment":[{"href":"https:\/\/redept.com.br\/blogosfera\/wp-json\/wp\/v2\/media?parent=79539"}],"wp:term":[{"taxonomy":"category","embeddable":true,"href":"https:\/\/redept.com.br\/blogosfera\/wp-json\/wp\/v2\/categories?post=79539"},{"taxonomy":"post_tag","embeddable":true,"href":"https:\/\/redept.com.br\/blogosfera\/wp-json\/wp\/v2\/tags?post=79539"}],"curies":[{"name":"wp","href":"https:\/\/api.w.org\/{rel}","templated":true}]}}