{"id":79554,"date":"2026-03-24T14:40:38","date_gmt":"2026-03-24T17:40:38","guid":{"rendered":"https:\/\/redept.com.br\/blogosfera\/governo-lula-reforca-a-fiscalizacao-dos-precos-dos-combustiveis\/"},"modified":"2026-03-24T14:40:38","modified_gmt":"2026-03-24T17:40:38","slug":"governo-lula-reforca-a-fiscalizacao-dos-precos-dos-combustiveis","status":"publish","type":"post","link":"https:\/\/redept.com.br\/blogosfera\/governo-lula-reforca-a-fiscalizacao-dos-precos-dos-combustiveis\/","title":{"rendered":"Governo Lula refor\u00e7a a fiscaliza\u00e7\u00e3o dos pre\u00e7os dos combust\u00edveis"},"content":{"rendered":"<p><img loading=\"lazy\" width=\"1024\" height=\"576\"src=\"https:\/\/redept.com.br\/blogosfera\/wp-content\/uploads\/2026\/03\/01-3.jpg\" alt=\"\" decoding=\"async\" loading=\"lazy\" srcset=\"https:\/\/vermelho.org.br\/wp-content\/uploads\/2026\/03\/01-3-1024x576.jpg 1024w, https:\/\/vermelho.org.br\/wp-content\/uploads\/2026\/03\/01-3-300x169.jpg 300w, https:\/\/vermelho.org.br\/wp-content\/uploads\/2026\/03\/01-3-768x432.jpg 768w, https:\/\/redept.com.br\/blogosfera\/wp-content\/uploads\/2026\/03\/01-3.jpg 1366w\" sizes=\"auto, (max-width: 1024px) 100vw, 1024px\"><\/p>\n<p>O governo Lula tem sido atuante nas a\u00e7\u00f5es de fiscaliza\u00e7\u00e3o contra aumentos abusivos nos pre\u00e7os dos combust\u00edveis no Brasil. Como forma de ampliar ainda mais a aten\u00e7\u00e3o nessa \u00e1rea, a Secretaria Nacional do Consumidor (Senacon), vinculada ao Minist\u00e9rio da Justi\u00e7a e Seguran\u00e7a P\u00fablica (MJSP), ampliou a coordena\u00e7\u00e3o de vigil\u00e2ncia ao reunir 200 Procons estaduais e municipais, nesta segunda-feira (23), e estabelecer um plant\u00e3o de apoio \u00e0s a\u00e7\u00f5es de verifica\u00e7\u00e3o dos pre\u00e7os.<\/p>\n<p>As iniciativas do governo Lula visam combater eventuais abusos cometidos por distribuidoras e postos de combust\u00edveis, acusados de aumentar os pre\u00e7os do diesel e da gasolina sob a justificativa de reajuste do valor internacional do petr\u00f3leo por conta da guerra imperialista iniciada pelos Estados Unidos e Israel contra o Ir\u00e3. No entanto, o argumento da guerra n\u00e3o se sustenta, uma vez que a Petrobras n\u00e3o reajustou os pre\u00e7os dos combust\u00edveis e o governo federal <a href=\"https:\/\/vermelho.org.br\/2026\/03\/12\/governo-lula-reage-rapido-a-crise-do-petroleo-e-derruba-preco-do-diesel\/\">zerou os impostos PIS\/Cofins sobre o diesel<\/a> para proteger a popula\u00e7\u00e3o brasileira contra as oscila\u00e7\u00f5es de pre\u00e7os do combust\u00edvel no mercado internacional.<\/p>\n<p><strong>Leia mais: <\/strong><a href=\"https:\/\/vermelho.org.br\/2026\/03\/22\/governo-amplia-cerco-sobre-aumentos-abusivos-de-combustiveis\/\">Governo amplia cerco sobre aumentos abusivos de combust\u00edveis<\/a><\/p>\n<p>\u201cN\u00f3s temos um regime de liberdade de pre\u00e7os. S\u00f3 que a liberdade de pre\u00e7os n\u00e3o \u00e9 a liberdade para cometer abusos. O abuso \u00e9 essa eleva\u00e7\u00e3o de margem de lucro que n\u00e3o seja lastreada, que n\u00e3o seja representativa de custo. N\u00e3o \u00e9 o custo que aumentou, foi o objetivo de lucrar mais nesse momento. Ent\u00e3o esse a mais \u00e9 que est\u00e1 sendo apenado, est\u00e1 sendo enfrentado e sancionado\u201d, afirmou Ricardo Morishita, secret\u00e1rio nacional do Consumidor, durante o encontro.<\/p>\n<p><strong>Plant\u00e3o Senacon<\/strong><\/p>\n<p>A partir de quarta-feira (25), a Senacon ter\u00e1 plant\u00f5es para orienta\u00e7\u00f5es aos 1.304 Procons que comp\u00f5em o Sistema Nacional de Defesa do Consumidor (SNDC), de acordo com o Planalto.<\/p>\n<p>A medida visa apoiar os \u00f3rg\u00e3os de fiscaliza\u00e7\u00e3o de defesa do consumidor, assim como subsidiar um grupo t\u00e9cnico para auxiliar os Procons na tarefa de sancionar quem empregar os aumentos abusivos.<\/p>\n<p>De acordo com balan\u00e7o da Senacon, divulgado na sexta-feira (20), 1880 postos de combust\u00edvel j\u00e1 haviam sido fiscalizados e 115 notifica\u00e7\u00f5es foram emitidas \u00e0s distribuidoras.<\/p>\n<p><strong>Leia mais: <\/strong><a href=\"https:\/\/vermelho.org.br\/2026\/03\/19\/governo-lula-amplia-fiscalizacoes-e-anuncia-acoes-pro-caminhoneiros\/\">Governo Lula amplia fiscaliza\u00e7\u00f5es e anuncia a\u00e7\u00f5es pr\u00f3-caminhoneiros<\/a><\/p>\n<p>Conforme o C\u00f3digo de Defesa do Consumidor, as multas podem chegar a quase R$ 14 milh\u00f5es e ter o valor aumentado em caso de reincid\u00eancia.<\/p>\n<p>As opera\u00e7\u00f5es para acompanhar os pre\u00e7os contam tamb\u00e9m com a participa\u00e7\u00e3o da Secretaria Nacional de Seguran\u00e7a P\u00fablica (Senasp), da Ag\u00eancia Nacional do Petr\u00f3leo, G\u00e1s Natural e Biocombust\u00edveis (ANP) e da Pol\u00edcia Federal (PF).<\/p>\n<p>O post <a href=\"https:\/\/vermelho.org.br\/2026\/03\/24\/governo-lula-reforca-a-fiscalizacao-dos-precos-dos-combustiveis\/\">Governo Lula refor\u00e7a a fiscaliza\u00e7\u00e3o dos pre\u00e7os dos combust\u00edveis<\/a> apareceu primeiro em <a href=\"https:\/\/vermelho.org.br\/\">Vermelho<\/a>.<\/p>\n<!-- Begin Yuzo --><div class='yuzo_related_post style-1'  data-version='5.12.89'><!-- without result --><div class='yuzo_clearfixed yuzo__title yuzo__title'><h3>Related Post<\/h3><\/div>\n\t\t\t\t\t\t  <div class=\"relatedthumb \" style=\"width:125px;float:left;overflow:hidden;\">  \n\t\t\t\t\t\t\t  \n\t\t\t\t\t\t\t  <a  href=\"https:\/\/sul21.com.br\/noticias\/politica\/2025\/11\/camara-aprova-texto-base-do-projeto-de-lei-antifaccao\/\"  >\n\t\t\t\t\t\t\t\t\t  <div class=\"yuzo-img-wrap \" style=\"width: 125px;height:90px;\">\n\t\t\t\t\t\t\t\t\t\t\n\t\t\t\t\t\t\t\t\t\t<div class=\"yuzo-img\" style=\"background:url('https:\/\/redept.org\/blogosfera\/wp-content\/plugins\/yuzo-related-post\/assets\/images\/default.png') 50% 50% no-repeat;width: 125px;height:90px;margin-bottom: 5px;background-size: cover; \"><\/div>\n\t\t\t\t\t\t\t\t\t  <\/div>\n\t\t\t\t\t\t\t\t\t  \n\t\t\t\t\t\t\t\t   <span class=\"yuzo__text--title\" style=\"font-size:13px;\">C\u00e2mara aprova texto-base do projeto de lei antifac...<\/span>\n\t\t\t\t\t\t\t  \n\t\t\t\t\t\t\t  \n\t\t\t\t\t\t\t  <\/a>\n\n\t\t\t\t\t\t  <\/div>\n\t\t\t\t\t\t  <div class=\"relatedthumb \" style=\"width:125px;float:left;overflow:hidden;\">  \n\t\t\t\t\t\t\t  \n\t\t\t\t\t\t\t  <a  href=\"https:\/\/redept.com.br\/blogosfera\/ira-intensifica-ataques-a-israel-e-ameaca-atingir-infraestruturas-criticas-do-oriente-medio\/\"  >\n\t\t\t\t\t\t\t\t\t  <div class=\"yuzo-img-wrap \" style=\"width: 125px;height:90px;\">\n\t\t\t\t\t\t\t\t\t\t\n\t\t\t\t\t\t\t\t\t\t<div class=\"yuzo-img\" style=\"background:url('https:\/\/redept.com.br\/blogosfera\/wp-content\/uploads\/2026\/03\/1404121414575710635874164-150x150.jpg') 50% 50% no-repeat;width: 125px;height:90px;margin-bottom: 5px;background-size: cover; \"><\/div>\n\t\t\t\t\t\t\t\t\t  <\/div>\n\t\t\t\t\t\t\t\t\t  \n\t\t\t\t\t\t\t\t   <span class=\"yuzo__text--title\" style=\"font-size:13px;\">Ir\u00e3 intensifica ataques a Israel e amea\u00e7a atingir ...<\/span>\n\t\t\t\t\t\t\t  \n\t\t\t\t\t\t\t  \n\t\t\t\t\t\t\t  <\/a>\n\n\t\t\t\t\t\t  <\/div>\n\t\t\t\t\t\t  <div class=\"relatedthumb \" style=\"width:125px;float:left;overflow:hidden;\">  \n\t\t\t\t\t\t\t  \n\t\t\t\t\t\t\t  <a  href=\"https:\/\/redept.com.br\/blogosfera\/criancas-ate-5-anos-podem-se-vacinar-contra-pneumonia-e-meningite\/\"  >\n\t\t\t\t\t\t\t\t\t  <div class=\"yuzo-img-wrap \" style=\"width: 125px;height:90px;\">\n\t\t\t\t\t\t\t\t\t\t\n\t\t\t\t\t\t\t\t\t\t<div class=\"yuzo-img\" style=\"background:url('https:\/\/redept.org\/blogosfera\/wp-content\/plugins\/yuzo-related-post\/assets\/images\/default.png') 50% 50% no-repeat;width: 125px;height:90px;margin-bottom: 5px;background-size: cover; \"><\/div>\n\t\t\t\t\t\t\t\t\t  <\/div>\n\t\t\t\t\t\t\t\t\t  \n\t\t\t\t\t\t\t\t   <span class=\"yuzo__text--title\" style=\"font-size:13px;\">Crian\u00e7as at\u00e9 5 anos podem se vacinar contra pneumo...<\/span>\n\t\t\t\t\t\t\t  \n\t\t\t\t\t\t\t  \n\t\t\t\t\t\t\t  <\/a>\n\n\t\t\t\t\t\t  <\/div>\n\t\t\t\t\t\t  <div class=\"relatedthumb \" style=\"width:125px;float:left;overflow:hidden;\">  \n\t\t\t\t\t\t\t  \n\t\t\t\t\t\t\t  <a  href=\"https:\/\/redept.com.br\/blogosfera\/no-recife-homens-trans-promovem-espaco-seguro-e-lutam-por-inclusao-por-meio-do-esporte\/\"  >\n\t\t\t\t\t\t\t\t\t  <div class=\"yuzo-img-wrap \" style=\"width: 125px;height:90px;\">\n\t\t\t\t\t\t\t\t\t\t\n\t\t\t\t\t\t\t\t\t\t<div class=\"yuzo-img\" style=\"background:url('https:\/\/redept.org\/blogosfera\/wp-content\/plugins\/yuzo-related-post\/assets\/images\/default.png') 50% 50% no-repeat;width: 125px;height:90px;margin-bottom: 5px;background-size: cover; \"><\/div>\n\t\t\t\t\t\t\t\t\t  <\/div>\n\t\t\t\t\t\t\t\t\t  \n\t\t\t\t\t\t\t\t   <span class=\"yuzo__text--title\" style=\"font-size:13px;\">No Recife, homens trans promovem espa\u00e7o seguro e l...<\/span>\n\t\t\t\t\t\t\t  \n\t\t\t\t\t\t\t  \n\t\t\t\t\t\t\t  <\/a>\n\n\t\t\t\t\t\t  <\/div>\n<\/div> <script>\n\t\t\t\t\t\t  jQuery(document).ready(function( $ ){\n\t\t\t\t\t\t\t\/\/jQuery('.yuzo_related_post').equalizer({ overflow : 'relatedthumb' });\n\t\t\t\t\t\t\tjQuery('.yuzo_related_post .yuzo_wraps').equalizer({ columns : '> div' });\n\t\t\t\t\t\t   })\n\t\t\t\t\t\t  <\/script> <!-- End Yuzo :) -->","protected":false},"excerpt":{"rendered":"<p>O governo Lula tem sido atuante nas a\u00e7\u00f5es de fiscaliza\u00e7\u00e3o contra aumentos abusivos nos pre\u00e7os dos combust\u00edveis no Brasil. Como forma de ampliar ainda mais a aten\u00e7\u00e3o nessa \u00e1rea, a Secretaria Nacional do Consumidor (Senacon), vinculada ao Minist\u00e9rio da Justi\u00e7a e Seguran\u00e7a P\u00fablica (MJSP), ampliou a coordena\u00e7\u00e3o de vigil\u00e2ncia ao reunir 200 Procons estaduais e [&hellip;]<\/p>\n","protected":false},"author":2,"featured_media":0,"comment_status":"open","ping_status":"closed","sticky":false,"template":"","format":"standard","meta":{"fifu_image_url":"","fifu_image_alt":"","footnotes":""},"categories":[40062,40063,3451,3453,3455,221,161,17,996,3120,15377],"tags":[],"class_list":["post-79554","post","type-post","status-publish","format-standard","hentry","category-aumento-abusivo","category-aumento-do-precos","category-aumento-dos-combustiveis","category-combustiveis","category-diesel","category-economia","category-governo-federal","category-governo-lula","category-guerra-no-oriente-medio","category-procon","category-senacon"],"_links":{"self":[{"href":"https:\/\/redept.com.br\/blogosfera\/wp-json\/wp\/v2\/posts\/79554","targetHints":{"allow":["GET"]}}],"collection":[{"href":"https:\/\/redept.com.br\/blogosfera\/wp-json\/wp\/v2\/posts"}],"about":[{"href":"https:\/\/redept.com.br\/blogosfera\/wp-json\/wp\/v2\/types\/post"}],"author":[{"embeddable":true,"href":"https:\/\/redept.com.br\/blogosfera\/wp-json\/wp\/v2\/users\/2"}],"replies":[{"embeddable":true,"href":"https:\/\/redept.com.br\/blogosfera\/wp-json\/wp\/v2\/comments?post=79554"}],"version-history":[{"count":0,"href":"https:\/\/redept.com.br\/blogosfera\/wp-json\/wp\/v2\/posts\/79554\/revisions"}],"wp:attachment":[{"href":"https:\/\/redept.com.br\/blogosfera\/wp-json\/wp\/v2\/media?parent=79554"}],"wp:term":[{"taxonomy":"category","embeddable":true,"href":"https:\/\/redept.com.br\/blogosfera\/wp-json\/wp\/v2\/categories?post=79554"},{"taxonomy":"post_tag","embeddable":true,"href":"https:\/\/redept.com.br\/blogosfera\/wp-json\/wp\/v2\/tags?post=79554"}],"curies":[{"name":"wp","href":"https:\/\/api.w.org\/{rel}","templated":true}]}}