{"id":79595,"date":"2026-03-24T17:41:16","date_gmt":"2026-03-24T20:41:16","guid":{"rendered":"https:\/\/redept.com.br\/blogosfera\/governo-propoe-subsidio-de-r-120-ao-diesel-apos-impasse-do-icms\/"},"modified":"2026-03-24T17:41:16","modified_gmt":"2026-03-24T20:41:16","slug":"governo-propoe-subsidio-de-r-120-ao-diesel-apos-impasse-do-icms","status":"publish","type":"post","link":"https:\/\/redept.com.br\/blogosfera\/governo-propoe-subsidio-de-r-120-ao-diesel-apos-impasse-do-icms\/","title":{"rendered":"Governo prop\u00f5e subs\u00eddio de R$ 1,20 ao diesel ap\u00f3s impasse do ICMS"},"content":{"rendered":"<p><strong>A equipe econ\u00f4mica apresentou uma nova proposta aos estados para conter a alta do diesel ap\u00f3s resist\u00eancia dos governadores em zerar o Imposto sobre a Circula\u00e7\u00e3o de Mercadorias e Servi\u00e7os (ICMS) sobre a importa\u00e7\u00e3o do combust\u00edvel, anunciou nesta ter\u00e7a-feira (24) o ministro da Fazenda, Dario Durigan.<\/strong> Leia em\u00a0<strong><a href=\"https:\/\/tvtnews.com.br\/\">TVT News<\/a><\/strong>.<\/p>\n<p>A alternativa, apresentada prev\u00ea uma subven\u00e7\u00e3o de R$ 1,20 por litro de diesel importado, dividida entre Uni\u00e3o e estados.<\/p>\n<p>Pelo modelo sugerido:<\/p>\n<p>R$ 0,60 seriam pagos pelo governo federal<\/p>\n<p>R$ 0,60 ficariam a cargo dos estados<\/p>\n<blockquote>\n<p>\u201cEssa linha d\u00e1 uma resposta mais r\u00e1pida \u00e0s consequ\u00eancias da guerra, o efeito \u00e9 mais c\u00e9lere, e n\u00e3o exige uma ren\u00fancia fiscal de ICMS, podemos ter essa contraproposta, por meio de subven\u00e7\u00f5es, com efeitos mais r\u00e1pidos\u201d, disse Durigan a jornalistas.<\/p>\n<\/blockquote>\n<h2>Medida tempor\u00e1ria<\/h2>\n<p><strong>A proposta tem car\u00e1ter emergencial e deve valer at\u00e9 31 de maio. Segundo o Minist\u00e9rio da Fazenda, o impacto fiscal total estimado \u00e9 R$ 3 bilh\u00f5es, R$ 1,5 bilh\u00e3o por m\u00eas.<\/strong><\/p>\n<p>Na semana passada, a pasta tinha informado que o gasto seria de R$ 3 bilh\u00f5es mensais, totalizando R$ 6 bilh\u00f5es. No entanto, a Fazenda corrigiu a informa\u00e7\u00e3o nesta ter\u00e7a.<\/p>\n<p><a href=\"https:\/\/chat.whatsapp.com\/HC8TJaWXK8t4wNAG0oRwZI?mode=gi_t\" target=\"_blank\" rel=\"noreferrer noopener nofollow\">&gt;&gt; Siga o grupo da\u00a0<strong>TVT News\u00a0<\/strong>no WhatsApp<\/a><\/p>\n<p><strong>O governo espera uma resposta dos estados at\u00e9 sexta-feira (27), durante reuni\u00e3o do Confaz (Conselho Nacional de Pol\u00edtica Fazend\u00e1ria), em S\u00e3o Paulo. Segundo Durigan, os ganhos de receitas dos estados produtores de petr\u00f3leo com a alta do combust\u00edvel ajudar\u00e1 a compensar o impacto da subven\u00e7\u00e3o.<\/strong><\/p>\n<blockquote>\n<p>\u201cTudo que j\u00e1 foi anunciado pelo governo federal est\u00e1 valendo, segue igual. O que estamos fazendo \u00e9 outra frente agora, para que n\u00e3o seja necess\u00e1ria apenas a ren\u00fancia fiscal pelos estados. Ali\u00e1s, existem estados que v\u00e3o ganhar mais na arrecada\u00e7\u00e3o com esse aumento nos pre\u00e7os do petr\u00f3leo, o que acaba compensando\u201d, disse o ministro.<\/p>\n<\/blockquote>\n<h2>Mudan\u00e7a de estrat\u00e9gia<\/h2>\n<p>A nova proposta surge ap\u00f3s governadores rejeitarem a ideia inicial de zerar o ICMS sobre o diesel importado. Segundo o ministro da Fazenda, Dario Durigan, o subs\u00eddio permitiria uma resposta mais r\u00e1pida aos efeitos da alta do petr\u00f3leo.<\/p>\n<p>A medida busca reduzir o impacto no pre\u00e7o final sem exigir ren\u00fancia direta de arrecada\u00e7\u00e3o por parte dos estados.<\/p>\n<h2>A\u00e7\u00f5es paralelas<\/h2>\n<p>A nova ajuda se soma a outra medida j\u00e1 anunciada pelo governo no \u00faltimo dia 12: o\u00a0<a href=\"https:\/\/tvtnews.com.br\/governo-zera-pis-cofins-do-diesel-para-conter-alta-do-petroleo\/\">subs\u00eddio de R$ 0,32 por litro a produtores e importadores<\/a>.<\/p>\n<p>Esse valor deve ser repassado ao\u00a0consumidor final no pre\u00e7o do combust\u00edvel.<\/p>\n<h2>Cen\u00e1rio externo<\/h2>\n<p><strong>O governo avalia que a alta recente do diesel est\u00e1 ligada ao aumento do pre\u00e7o do petr\u00f3leo no mercado internacional, influenciado por tens\u00f5es no Oriente M\u00e9dio.<\/strong><\/p>\n<p>Outras medidas seguem em an\u00e1lise, incluindo poss\u00edvel redu\u00e7\u00e3o de tributos sobre o biodiesel, a depender da evolu\u00e7\u00e3o do cen\u00e1rio internacional.<\/p>\n<p><em>Wellton M\u00e1ximo \u2013 Rep\u00f3rter da <a href=\"https:\/\/agenciabrasil.ebc.com.br\/economia\/noticia\/2026-03\/governo-propoe-subsidio-de-r-120-ao-diesel-apos-impasse-do-icms\" target=\"_blank\" rel=\"noopener noreferrer nofollow\">Ag\u00eancia Brasil<\/a><\/em><\/p>\n<p>The post <a rel=\"nofollow\" href=\"https:\/\/tvtnews.com.br\/governo-propoe-subsidio-de-r-120-ao-diesel-apos-impasse-do-icms\/\">Governo prop\u00f5e subs\u00eddio de R$ 1,20 ao diesel ap\u00f3s impasse do ICMS<\/a> appeared first on <a rel=\"nofollow\" href=\"https:\/\/tvtnews.com.br\/\">TVT News<\/a>.<\/p>\n<!-- Begin Yuzo --><div class='yuzo_related_post style-1'  data-version='5.12.89'><!-- without result --><div class='yuzo_clearfixed yuzo__title yuzo__title'><h3>Related Post<\/h3><\/div>\n\t\t\t\t\t\t  <div class=\"relatedthumb \" style=\"width:125px;float:left;overflow:hidden;\">  \n\t\t\t\t\t\t\t  \n\t\t\t\t\t\t\t  <a  href=\"https:\/\/redept.com.br\/blogosfera\/bolsonaro-no-banco-dos-reus-stf-ao-vivo\/\"  >\n\t\t\t\t\t\t\t\t\t  <div class=\"yuzo-img-wrap \" style=\"width: 125px;height:90px;\">\n\t\t\t\t\t\t\t\t\t\t\n\t\t\t\t\t\t\t\t\t\t<div class=\"yuzo-img\" style=\"background:url('https:\/\/redept.com.br\/blogosfera\/wp-content\/uploads\/2025\/06\/Bolsonaro-Gustavo-Moreno-STF-150x150.jpg') 50% 50% no-repeat;width: 125px;height:90px;margin-bottom: 5px;background-size: cover; \"><\/div>\n\t\t\t\t\t\t\t\t\t  <\/div>\n\t\t\t\t\t\t\t\t\t  \n\t\t\t\t\t\t\t\t   <span class=\"yuzo__text--title\" style=\"font-size:13px;\">Bolsonaro no banco dos r\u00e9us, STF ao vivo<\/span>\n\t\t\t\t\t\t\t  \n\t\t\t\t\t\t\t  \n\t\t\t\t\t\t\t  <\/a>\n\n\t\t\t\t\t\t  <\/div>\n\t\t\t\t\t\t  <div class=\"relatedthumb \" style=\"width:125px;float:left;overflow:hidden;\">  \n\t\t\t\t\t\t\t  \n\t\t\t\t\t\t\t  <a  href=\"https:\/\/redept.com.br\/blogosfera\/correios-a-quem-serve-o-discurso-da-privatizacao\/\"  >\n\t\t\t\t\t\t\t\t\t  <div class=\"yuzo-img-wrap \" style=\"width: 125px;height:90px;\">\n\t\t\t\t\t\t\t\t\t\t\n\t\t\t\t\t\t\t\t\t\t<div class=\"yuzo-img\" style=\"background:url('https:\/\/redept.com.br\/blogosfera\/wp-content\/uploads\/2025\/10\/ja_2796_0-150x150.webp') 50% 50% no-repeat;width: 125px;height:90px;margin-bottom: 5px;background-size: cover; \"><\/div>\n\t\t\t\t\t\t\t\t\t  <\/div>\n\t\t\t\t\t\t\t\t\t  \n\t\t\t\t\t\t\t\t   <span class=\"yuzo__text--title\" style=\"font-size:13px;\">Correios: a quem serve o discurso da privatiza\u00e7\u00e3o?...<\/span>\n\t\t\t\t\t\t\t  \n\t\t\t\t\t\t\t  \n\t\t\t\t\t\t\t  <\/a>\n\n\t\t\t\t\t\t  <\/div>\n\t\t\t\t\t\t  <div class=\"relatedthumb \" style=\"width:125px;float:left;overflow:hidden;\">  \n\t\t\t\t\t\t\t  \n\t\t\t\t\t\t\t  <a  href=\"https:\/\/redept.com.br\/blogosfera\/fim-da-bancada-dos-foragidos-eduardo-bolsonaro-e-ramagem-tem-mandatos-cassados-e-lindbergh-farias-comemora\/\"  >\n\t\t\t\t\t\t\t\t\t  <div class=\"yuzo-img-wrap \" style=\"width: 125px;height:90px;\">\n\t\t\t\t\t\t\t\t\t\t\n\t\t\t\t\t\t\t\t\t\t<div class=\"yuzo-img\" style=\"background:url('https:\/\/redept.org\/blogosfera\/wp-content\/plugins\/yuzo-related-post\/assets\/images\/default.png') 50% 50% no-repeat;width: 125px;height:90px;margin-bottom: 5px;background-size: cover; \"><\/div>\n\t\t\t\t\t\t\t\t\t  <\/div>\n\t\t\t\t\t\t\t\t\t  \n\t\t\t\t\t\t\t\t   <span class=\"yuzo__text--title\" style=\"font-size:13px;\">Fim da \u201cBancada dos Foragidos\u201d: Eduardo Bolsonaro ...<\/span>\n\t\t\t\t\t\t\t  \n\t\t\t\t\t\t\t  \n\t\t\t\t\t\t\t  <\/a>\n\n\t\t\t\t\t\t  <\/div>\n\t\t\t\t\t\t  <div class=\"relatedthumb \" style=\"width:125px;float:left;overflow:hidden;\">  \n\t\t\t\t\t\t\t  \n\t\t\t\t\t\t\t  <a  href=\"https:\/\/redept.com.br\/blogosfera\/ampliacao-de-projeto-da-mineradora-samarco-coloca-moradores-da-bacia-do-rio-doce-mg-em-risco\/\"  >\n\t\t\t\t\t\t\t\t\t  <div class=\"yuzo-img-wrap \" style=\"width: 125px;height:90px;\">\n\t\t\t\t\t\t\t\t\t\t\n\t\t\t\t\t\t\t\t\t\t<div class=\"yuzo-img\" style=\"background:url('https:\/\/redept.org\/blogosfera\/wp-content\/plugins\/yuzo-related-post\/assets\/images\/default.png') 50% 50% no-repeat;width: 125px;height:90px;margin-bottom: 5px;background-size: cover; \"><\/div>\n\t\t\t\t\t\t\t\t\t  <\/div>\n\t\t\t\t\t\t\t\t\t  \n\t\t\t\t\t\t\t\t   <span class=\"yuzo__text--title\" style=\"font-size:13px;\">Amplia\u00e7\u00e3o de projeto da mineradora Samarco coloca ...<\/span>\n\t\t\t\t\t\t\t  \n\t\t\t\t\t\t\t  \n\t\t\t\t\t\t\t  <\/a>\n\n\t\t\t\t\t\t  <\/div>\n<\/div> <script>\n\t\t\t\t\t\t  jQuery(document).ready(function( $ ){\n\t\t\t\t\t\t\t\/\/jQuery('.yuzo_related_post').equalizer({ overflow : 'relatedthumb' });\n\t\t\t\t\t\t\tjQuery('.yuzo_related_post .yuzo_wraps').equalizer({ columns : '> div' });\n\t\t\t\t\t\t   })\n\t\t\t\t\t\t  <\/script> <!-- End Yuzo :) -->","protected":false},"excerpt":{"rendered":"<p>A equipe econ\u00f4mica apresentou uma nova proposta aos estados para conter a alta do diesel ap\u00f3s resist\u00eancia dos governadores em zerar o Imposto sobre a Circula\u00e7\u00e3o de Mercadorias e Servi\u00e7os (ICMS) sobre a importa\u00e7\u00e3o do combust\u00edvel, anunciou nesta ter\u00e7a-feira (24) o ministro da Fazenda, Dario Durigan. Leia em\u00a0TVT News. A alternativa, apresentada prev\u00ea uma subven\u00e7\u00e3o [&hellip;]<\/p>\n","protected":false},"author":2,"featured_media":0,"comment_status":"open","ping_status":"closed","sticky":false,"template":"","format":"standard","meta":{"fifu_image_url":"","fifu_image_alt":"","footnotes":""},"categories":[489,221,2827,2921],"tags":[],"class_list":["post-79595","post","type-post","status-publish","format-standard","hentry","category-destaque-pequeno","category-economia","category-petroleo","category-transportes"],"_links":{"self":[{"href":"https:\/\/redept.com.br\/blogosfera\/wp-json\/wp\/v2\/posts\/79595","targetHints":{"allow":["GET"]}}],"collection":[{"href":"https:\/\/redept.com.br\/blogosfera\/wp-json\/wp\/v2\/posts"}],"about":[{"href":"https:\/\/redept.com.br\/blogosfera\/wp-json\/wp\/v2\/types\/post"}],"author":[{"embeddable":true,"href":"https:\/\/redept.com.br\/blogosfera\/wp-json\/wp\/v2\/users\/2"}],"replies":[{"embeddable":true,"href":"https:\/\/redept.com.br\/blogosfera\/wp-json\/wp\/v2\/comments?post=79595"}],"version-history":[{"count":0,"href":"https:\/\/redept.com.br\/blogosfera\/wp-json\/wp\/v2\/posts\/79595\/revisions"}],"wp:attachment":[{"href":"https:\/\/redept.com.br\/blogosfera\/wp-json\/wp\/v2\/media?parent=79595"}],"wp:term":[{"taxonomy":"category","embeddable":true,"href":"https:\/\/redept.com.br\/blogosfera\/wp-json\/wp\/v2\/categories?post=79595"},{"taxonomy":"post_tag","embeddable":true,"href":"https:\/\/redept.com.br\/blogosfera\/wp-json\/wp\/v2\/tags?post=79595"}],"curies":[{"name":"wp","href":"https:\/\/api.w.org\/{rel}","templated":true}]}}