{"id":79672,"date":"2026-03-25T07:53:28","date_gmt":"2026-03-25T10:53:28","guid":{"rendered":"https:\/\/redept.com.br\/blogosfera\/bombardeio-de-eua-e-equador-atingiu-fazenda-nao-base-do-trafico\/"},"modified":"2026-03-25T07:53:28","modified_gmt":"2026-03-25T10:53:28","slug":"bombardeio-de-eua-e-equador-atingiu-fazenda-nao-base-do-trafico","status":"publish","type":"post","link":"https:\/\/redept.com.br\/blogosfera\/bombardeio-de-eua-e-equador-atingiu-fazenda-nao-base-do-trafico\/","title":{"rendered":"Bombardeio de EUA e Equador atingiu fazenda, n\u00e3o base do tr\u00e1fico"},"content":{"rendered":"<p><img loading=\"lazy\" width=\"1024\" height=\"682\"src=\"https:\/\/redept.com.br\/blogosfera\/wp-content\/uploads\/2026\/03\/WhatsApp-Image-2026-03-25-at-074607.jpeg\" alt=\"\" decoding=\"async\" loading=\"lazy\" srcset=\"https:\/\/vermelho.org.br\/wp-content\/uploads\/2026\/03\/WhatsApp-Image-2026-03-25-at-07.46.07-1024x682.jpeg 1024w, https:\/\/vermelho.org.br\/wp-content\/uploads\/2026\/03\/WhatsApp-Image-2026-03-25-at-07.46.07-300x200.jpeg 300w, https:\/\/vermelho.org.br\/wp-content\/uploads\/2026\/03\/WhatsApp-Image-2026-03-25-at-07.46.07-768x512.jpeg 768w, https:\/\/vermelho.org.br\/wp-content\/uploads\/2026\/03\/WhatsApp-Image-2026-03-25-at-07.46.07-1536x1023.jpeg 1536w, https:\/\/vermelho.org.br\/wp-content\/uploads\/2026\/03\/WhatsApp-Image-2026-03-25-at-07.46.07-272x182.jpeg 272w, https:\/\/redept.com.br\/blogosfera\/wp-content\/uploads\/2026\/03\/WhatsApp-Image-2026-03-25-at-074607.jpeg 1600w\" sizes=\"auto, (max-width: 1024px) 100vw, 1024px\"><\/p>\n<p>Uma opera\u00e7\u00e3o militar apresentada pelos Estados Unidos e pelo governo do Equador como a\u00e7\u00e3o contra o narcotr\u00e1fico resultou na destrui\u00e7\u00e3o de uma fazenda de gado e produ\u00e7\u00e3o de leite em San Mart\u00edn, na regi\u00e3o amaz\u00f4nica do norte do pa\u00eds, pr\u00f3xima \u00e0 fronteira com a Col\u00f4mbia.<\/p>\n<p>Reportagem publicada pelo <em>New York Times<\/em> nesta ter\u00e7a-feira (24) entrevistou moradores, trabalhadores e advogados de direitos humanos e aponta que a propriedade n\u00e3o tinha liga\u00e7\u00e3o comprovada com grupos armados.<\/p>\n<p>\u201cO ataque militar parece ter destru\u00eddo uma fazenda de gado e produ\u00e7\u00e3o de leite, e n\u00e3o um complexo do narcotr\u00e1fico\u201d, diz o jornal.<\/p>\n<p>Na \u00e9poca, o governo equatoriano afirmou que se baseou em \u201cintelig\u00eancia e apoio\u201d dos Estados Unidos para atingir a fazenda, que, segundo as autoridades, funcionava como um campo de treinamento para \u201ccerca de 50 traficantes\u201d.<\/p>\n<p><strong>Leia tamb\u00e9m: <a href=\"https:\/\/vermelho.org.br\/2026\/03\/11\/noboa-admite-tropas-dos-eua-no-equador-e-bombardeio-na-fronteira-com-colombia\/\">Noboa admite tropas dos EUA no Equador e bombardeio na fronteira com Col\u00f4mbia<\/a><\/strong><\/p>\n<p><strong>Leia tamb\u00e9m: <a href=\"https:\/\/vermelho.org.br\/2026\/03\/18\/crise-entre-equador-e-colombia-escala-com-investigacao-sobre-bombardeio\/\">Crise entre Equador e Col\u00f4mbia escala com investiga\u00e7\u00e3o sobre bombardeio<\/a><\/strong><\/p>\n<p>A opera\u00e7\u00e3o ocorreu dias antes de Donald Trump reunir, na Fl\u00f3rida, governos latino-americanos de extrema direita alinhados a Washington na c\u00fapula \u201cEscudo das Am\u00e9ricas\u201d, onde anunciou a forma\u00e7\u00e3o de uma coaliz\u00e3o militar para atuar no continente sob o discurso de combate ao narcotr\u00e1fico.<\/p>\n<p>Com a presen\u00e7a de Daniel Noboa, a iniciativa explicita a subordina\u00e7\u00e3o de governos da regi\u00e3o \u00e0 estrat\u00e9gia dos Estados Unidos, que instrumentaliza a pauta da seguran\u00e7a para legitimar interven\u00e7\u00f5es e reafirmar seu controle sobre a Am\u00e9rica Latina \u2014 din\u00e2mica da qual o bombardeio em San Mart\u00edn \u00e9 parte concreta.<\/p>\n<p>A participa\u00e7\u00e3o de Washington na opera\u00e7\u00e3o foi confirmada publicamente pelo Departamento de Defesa e pelo governo Noboa.\u00a0<\/p>\n<p>Em publica\u00e7\u00e3o nas redes sociais em 6 de mar\u00e7o, o porta-voz do Departamento de Defesa dos Estados Unidos, Sean Parnell, afirmou que a a\u00e7\u00e3o foi realizada \u201ca pedido do Equador\u201d e teve como objetivo \u201cdesmantelar redes narco-terroristas\u201d, classificando o alvo como um \u201ccomplexo de abastecimento narco-terrorista\u201d.<\/p>\n<blockquote data-media-max-width=\"560\">\n<p lang=\"en\" dir=\"ltr\">Under the leadership of President Trump and Secretary Hegseth, the Department is uniting partners across the Western Hemisphere to detect, disrupt, and destroy designated terrorist organizations that fuel violence and corruption.<\/p>\n<p>We commend President Noboa, the Government of\u2026 <a href=\"https:\/\/t.co\/vlhSB4BGKO\">pic.twitter.com\/vlhSB4BGKO<\/a><\/p>\n<p>\u2014 Sean Parnell (@SeanParnellASW) <a href=\"https:\/\/twitter.com\/SeanParnellASW\/status\/2030030098443948129?ref_src=twsrc%5Etfw\">March 6, 2026<\/a><\/p><\/blockquote>\n<p>Na publica\u00e7\u00e3o, o porta-voz elogia o governo de Daniel Noboa pela parceria e afirma que a opera\u00e7\u00e3o integra uma estrat\u00e9gia mais ampla para \u201cdetectar, interromper e destruir\u201d organiza\u00e7\u00f5es criminosas na regi\u00e3o.<\/p>\n<p>A reconstru\u00e7\u00e3o dos fatos feita pelo jornal, com base em visitas ao local e entrevistas diretas, apresenta uma sequ\u00eancia de a\u00e7\u00f5es que contradiz a vers\u00e3o oficial.<\/p>\n<p>Segundo trabalhadores da propriedade, todos colombianos, militares equatorianos chegaram de helic\u00f3ptero no dia 3 de mar\u00e7o, invadiram a fazenda armados, separaram os presentes e os acusaram de esconder drogas e armas. Quatro deles foram amarrados, agredidos com coronhadas e interrogados sob viol\u00eancia.<\/p>\n<p>Tr\u00eas trabalhadores relataram que, ap\u00f3s a deten\u00e7\u00e3o, foram submetidos a tortura. Disseram ter sido estrangulados com as pr\u00f3prias roupas e sofreram choques el\u00e9tricos antes de serem liberados.\u00a0<\/p>\n<p>Um deles afirmou que recebeu amea\u00e7as dos militares e relatou que \u201celes basicamente disseram que, se eu voltar ao Equador, v\u00e3o me matar\u201d.<\/p>\n<figure><img fetchpriority=\"high\" decoding=\"async\" width=\"1024\" height=\"681\"src=\"https:\/\/redept.com.br\/blogosfera\/wp-content\/uploads\/2026\/03\/WhatsApp-Image-2026-03-25-at-074610-1.jpeg\" alt=\"\" srcset=\"https:\/\/vermelho.org.br\/wp-content\/uploads\/2026\/03\/WhatsApp-Image-2026-03-25-at-07.46.10-1-1024x681.jpeg 1024w, https:\/\/vermelho.org.br\/wp-content\/uploads\/2026\/03\/WhatsApp-Image-2026-03-25-at-07.46.10-1-300x200.jpeg 300w, https:\/\/vermelho.org.br\/wp-content\/uploads\/2026\/03\/WhatsApp-Image-2026-03-25-at-07.46.10-1-768x511.jpeg 768w, https:\/\/vermelho.org.br\/wp-content\/uploads\/2026\/03\/WhatsApp-Image-2026-03-25-at-07.46.10-1-1536x1021.jpeg 1536w, https:\/\/vermelho.org.br\/wp-content\/uploads\/2026\/03\/WhatsApp-Image-2026-03-25-at-07.46.10-1-272x182.jpeg 272w, https:\/\/redept.com.br\/blogosfera\/wp-content\/uploads\/2026\/03\/WhatsApp-Image-2026-03-25-at-074610-1.jpeg 1600w\" sizes=\"(max-width: 1024px) 100vw, 1024px\"><figcaption>Marcas nos bra\u00e7os de trabalhador que relatou ter sido detido, agredido e submetido a tortura por militares equatorianos durante a opera\u00e7\u00e3o. Foto: Reprodu\u00e7\u00e3o<br \/><\/figcaption><\/figure>\n<p>Ainda de acordo com os depoimentos, os soldados incendiaram estruturas da propriedade \u2014 incluindo alojamentos, galp\u00f5es e a \u00e1rea de produ\u00e7\u00e3o de queijo \u2014 ap\u00f3s despejar gasolina nas constru\u00e7\u00f5es. Dias depois, em 6 de mar\u00e7o, helic\u00f3pteros retornaram ao local e lan\u00e7aram explosivos sobre os escombros ainda em chamas.<\/p>\n<p>Moradores afirmam que foi nesse momento que militares registraram as imagens posteriormente divulgadas por autoridades equatorianas e pelos Estados Unidos como prova do suposto ataque a um campo de treinamento do narcotr\u00e1fico.<\/p>\n<p>A reportagem tamb\u00e9m aponta que a opera\u00e7\u00e3o atingiu outras \u00e1reas al\u00e9m da fazenda.<\/p>\n<p>Durante os dias anteriores ao bombardeio, militares queimaram casas abandonadas nas proximidades e chegaram a bombardear ao menos uma delas, em uma a\u00e7\u00e3o mais ampla na regi\u00e3o.<\/p>\n<p>No local, jornalistas do New York Times encontraram vest\u00edgios compat\u00edveis com os relatos, incluindo estruturas queimadas, crateras e restos de edifica\u00e7\u00f5es destru\u00eddas. A investiga\u00e7\u00e3o n\u00e3o identificou evid\u00eancias p\u00fablicas que sustentem a vers\u00e3o de que a \u00e1rea funcionava como base de grupos armados.<\/p>\n<p>O propriet\u00e1rio da fazenda, identificado apenas como Miguel, negou qualquer v\u00ednculo com atividades il\u00edcitas e contestou diretamente a narrativa oficial.\u00a0<\/p>\n<p>\u201c\u00c9 mentira que 50 pessoas treinaram aqui. Onde iriam treinar? Aqui ao ar livre? N\u00e3o faz sentido\u201d, questionou.<\/p>\n<p>Ele descreveu a propriedade como uma fazenda produtiva, com cria\u00e7\u00e3o de gado leiteiro, estrutura para fabrica\u00e7\u00e3o de queijo e cria\u00e7\u00e3o de aves. Parte dos animais sobreviveu, mas galinhas foram mortas e instala\u00e7\u00f5es essenciais foram destru\u00eddas.<\/p>\n<figure>\n<figure><img decoding=\"async\" width=\"1024\" height=\"1024\" data-id=\"740019\"src=\"https:\/\/redept.com.br\/blogosfera\/wp-content\/uploads\/2026\/03\/WhatsApp-Image-2026-03-25-at-074549.jpeg\" alt=\"\" srcset=\"https:\/\/vermelho.org.br\/wp-content\/uploads\/2026\/03\/WhatsApp-Image-2026-03-25-at-07.45.49-1024x1024.jpeg 1024w, https:\/\/vermelho.org.br\/wp-content\/uploads\/2026\/03\/WhatsApp-Image-2026-03-25-at-07.45.49-300x300.jpeg 300w, https:\/\/vermelho.org.br\/wp-content\/uploads\/2026\/03\/WhatsApp-Image-2026-03-25-at-07.45.49-150x150.jpeg 150w, https:\/\/vermelho.org.br\/wp-content\/uploads\/2026\/03\/WhatsApp-Image-2026-03-25-at-07.45.49-768x768.jpeg 768w, https:\/\/vermelho.org.br\/wp-content\/uploads\/2026\/03\/WhatsApp-Image-2026-03-25-at-07.45.49-1536x1536.jpeg 1536w, https:\/\/redept.com.br\/blogosfera\/wp-content\/uploads\/2026\/03\/WhatsApp-Image-2026-03-25-at-074549.jpeg 1600w\" sizes=\"(max-width: 1024px) 100vw, 1024px\"><figcaption><\/figcaption><\/figure>\n<figure><img loading=\"lazy\" loading=\"lazy\" decoding=\"async\" width=\"1024\" height=\"1024\" data-id=\"740018\"src=\"https:\/\/redept.com.br\/blogosfera\/wp-content\/uploads\/2026\/03\/WhatsApp-Image-2026-03-25-at-074545-1.jpeg\" alt=\"\" srcset=\"https:\/\/vermelho.org.br\/wp-content\/uploads\/2026\/03\/WhatsApp-Image-2026-03-25-at-07.45.45-1-1024x1024.jpeg 1024w, https:\/\/vermelho.org.br\/wp-content\/uploads\/2026\/03\/WhatsApp-Image-2026-03-25-at-07.45.45-1-300x300.jpeg 300w, https:\/\/vermelho.org.br\/wp-content\/uploads\/2026\/03\/WhatsApp-Image-2026-03-25-at-07.45.45-1-150x150.jpeg 150w, https:\/\/vermelho.org.br\/wp-content\/uploads\/2026\/03\/WhatsApp-Image-2026-03-25-at-07.45.45-1-768x768.jpeg 768w, https:\/\/vermelho.org.br\/wp-content\/uploads\/2026\/03\/WhatsApp-Image-2026-03-25-at-07.45.45-1-1536x1536.jpeg 1536w, https:\/\/redept.com.br\/blogosfera\/wp-content\/uploads\/2026\/03\/WhatsApp-Image-2026-03-25-at-074545-1.jpeg 1600w\" sizes=\"auto, (max-width: 1024px) 100vw, 1024px\"><\/figure>\n<\/figure>\n<p>A aus\u00eancia de provas materiais tamb\u00e9m \u00e9 apontada na reportagem. Apesar de o governo equatoriano afirmar que encontrou armas e ind\u00edcios de atividade ilegal, n\u00e3o foram divulgadas imagens ou registros \u2014 pr\u00e1tica comum em opera\u00e7\u00f5es desse tipo, segundo o pr\u00f3prio hist\u00f3rico das autoridades.<\/p>\n<p>Advogados e organiza\u00e7\u00f5es de direitos humanos classificaram a a\u00e7\u00e3o como ataque contra popula\u00e7\u00e3o civil. Uma den\u00fancia formal foi apresentada a autoridades equatorianas e \u00e0 Organiza\u00e7\u00e3o das Na\u00e7\u00f5es Unidas.<\/p>\n<p>\u201cN\u00e3o h\u00e1 um \u00fanico funcion\u00e1rio p\u00fablico que tenha vindo verificar o que aconteceu\u201d, afirmou a advogada Mar\u00eda Espinosa ao jornal.<\/p>\n<p>Mesmo autoridades com liga\u00e7\u00e3o ao aparato de seguran\u00e7a reconheceram aspectos que coincidem com os relatos locais colhidos pelo <em>NYT<\/em>.<\/p>\n<p>O ex-diretor de intelig\u00eancia do Ex\u00e9rcito equatoriano, Mario Pazmi\u00f1o, confirmou que houve interrogat\u00f3rios no local e que helic\u00f3pteros foram utilizados para lan\u00e7ar foguetes contra a propriedade.<\/p>\n<p>Ele tamb\u00e9m indicou que a destrui\u00e7\u00e3o foi total: \u201co que o Ex\u00e9rcito fez foi atacar aquela casa, ou fazenda, e destru\u00ed-la em sua totalidade\u201d.<\/p>\n<p>Moradores questionam a motiva\u00e7\u00e3o da opera\u00e7\u00e3o e levantam a hip\u00f3tese de que a a\u00e7\u00e3o tenha sido utilizada para refor\u00e7ar a narrativa de combate ao narcotr\u00e1fico em meio \u00e0 escalada da militariza\u00e7\u00e3o no pa\u00eds.<\/p>\n<p>\u201cTudo o que queremos \u00e9 que a verdade venha \u00e0 tona\u201d, disse Vicente Garrido, lideran\u00e7a comunit\u00e1ria. \u201cDizem que era um campo de treinamento, mas est\u00e1 ficando claro que eram apenas casas.\u201d<\/p>\n<p><strong>Leia tamb\u00e9m: <a href=\"https:\/\/vermelho.org.br\/2026\/03\/09\/cupula-de-trump-escancara-subordinacao-da-extrema-direita-latino-americana\/\">C\u00fapula de Trump escancara subordina\u00e7\u00e3o da extrema direita latino-americana<\/a><\/strong><\/p>\n<p><strong>Leia tamb\u00e9m: <a href=\"https:\/\/vermelho.org.br\/2026\/03\/09\/ana-prestes-ve-coalizao-de-trump-como-ofensiva-contra-china-na-america-latina\/\">Ana Prestes v\u00ea coaliz\u00e3o de Trump como ofensiva contra China<\/a><\/strong><\/p>\n<p>O post <a href=\"https:\/\/vermelho.org.br\/2026\/03\/25\/bombardeio-de-eua-e-equador-atingiu-fazenda-nao-base-do-trafico\/\">Bombardeio de EUA e Equador atingiu fazenda, n\u00e3o base do tr\u00e1fico<\/a> apareceu primeiro em <a href=\"https:\/\/vermelho.org.br\/\">Vermelho<\/a>.<\/p>\n<!-- Begin Yuzo --><div class='yuzo_related_post style-1'  data-version='5.12.89'><!-- without result --><div class='yuzo_clearfixed yuzo__title yuzo__title'><h3>Related Post<\/h3><\/div>\n\t\t\t\t\t\t  <div class=\"relatedthumb \" style=\"width:125px;float:left;overflow:hidden;\">  \n\t\t\t\t\t\t\t  \n\t\t\t\t\t\t\t  <a  href=\"https:\/\/redept.com.br\/blogosfera\/socrates-inspira-discurso-de-mamdani-sobre-futebol-e-democracia\/\"  >\n\t\t\t\t\t\t\t\t\t  <div class=\"yuzo-img-wrap \" style=\"width: 125px;height:90px;\">\n\t\t\t\t\t\t\t\t\t\t\n\t\t\t\t\t\t\t\t\t\t<div class=\"yuzo-img\" style=\"background:url('https:\/\/redept.com.br\/blogosfera\/wp-content\/uploads\/2026\/06\/f7d603dd-eaf9-4bd7-b2a9-d44ecb0e9de0-150x150.jpeg') 50% 50% no-repeat;width: 125px;height:90px;margin-bottom: 5px;background-size: cover; \"><\/div>\n\t\t\t\t\t\t\t\t\t  <\/div>\n\t\t\t\t\t\t\t\t\t  \n\t\t\t\t\t\t\t\t   <span class=\"yuzo__text--title\" style=\"font-size:13px;\">S\u00f3crates inspira discurso de Mamdani sobre futebol...<\/span>\n\t\t\t\t\t\t\t  \n\t\t\t\t\t\t\t  \n\t\t\t\t\t\t\t  <\/a>\n\n\t\t\t\t\t\t  <\/div>\n\t\t\t\t\t\t  <div class=\"relatedthumb \" style=\"width:125px;float:left;overflow:hidden;\">  \n\t\t\t\t\t\t\t  \n\t\t\t\t\t\t\t  <a  href=\"https:\/\/redept.com.br\/blogosfera\/denise-pessoa-propoe-politica-nacional-de-protecao-integral-a-mulheres-e-criancas-em-situacao-de-violencia-domestica\/\"  >\n\t\t\t\t\t\t\t\t\t  <div class=\"yuzo-img-wrap \" style=\"width: 125px;height:90px;\">\n\t\t\t\t\t\t\t\t\t\t\n\t\t\t\t\t\t\t\t\t\t<div class=\"yuzo-img\" style=\"background:url('https:\/\/redept.org\/blogosfera\/wp-content\/plugins\/yuzo-related-post\/assets\/images\/default.png') 50% 50% no-repeat;width: 125px;height:90px;margin-bottom: 5px;background-size: cover; \"><\/div>\n\t\t\t\t\t\t\t\t\t  <\/div>\n\t\t\t\t\t\t\t\t\t  \n\t\t\t\t\t\t\t\t   <span class=\"yuzo__text--title\" style=\"font-size:13px;\">Denise Pess\u00f4a prop\u00f5e Pol\u00edtica Nacional de Prote\u00e7\u00e3o...<\/span>\n\t\t\t\t\t\t\t  \n\t\t\t\t\t\t\t  \n\t\t\t\t\t\t\t  <\/a>\n\n\t\t\t\t\t\t  <\/div>\n\t\t\t\t\t\t  <div class=\"relatedthumb \" style=\"width:125px;float:left;overflow:hidden;\">  \n\t\t\t\t\t\t\t  \n\t\t\t\t\t\t\t  <a  href=\"https:\/\/redept.com.br\/blogosfera\/mercado-preve-mais-crescimento-e-inflacao-menor-no-brasil-em-2025\/\"  >\n\t\t\t\t\t\t\t\t\t  <div class=\"yuzo-img-wrap \" style=\"width: 125px;height:90px;\">\n\t\t\t\t\t\t\t\t\t\t\n\t\t\t\t\t\t\t\t\t\t<div class=\"yuzo-img\" style=\"background:url('https:\/\/redept.com.br\/blogosfera\/wp-content\/uploads\/2025\/04\/dinheiro-pib-crescimento-economico-768x512-1-150x150.jpg') 50% 50% no-repeat;width: 125px;height:90px;margin-bottom: 5px;background-size: cover; \"><\/div>\n\t\t\t\t\t\t\t\t\t  <\/div>\n\t\t\t\t\t\t\t\t\t  \n\t\t\t\t\t\t\t\t   <span class=\"yuzo__text--title\" style=\"font-size:13px;\">Mercado prev\u00ea mais crescimento e infla\u00e7\u00e3o menor no...<\/span>\n\t\t\t\t\t\t\t  \n\t\t\t\t\t\t\t  \n\t\t\t\t\t\t\t  <\/a>\n\n\t\t\t\t\t\t  <\/div>\n\t\t\t\t\t\t  <div class=\"relatedthumb \" style=\"width:125px;float:left;overflow:hidden;\">  \n\t\t\t\t\t\t\t  \n\t\t\t\t\t\t\t  <a  href=\"https:\/\/redept.com.br\/blogosfera\/governo-prepara-programa-de-construcao-de-banheiros-e-reforca-investimentos-no-mcmv\/\"  >\n\t\t\t\t\t\t\t\t\t  <div class=\"yuzo-img-wrap \" style=\"width: 125px;height:90px;\">\n\t\t\t\t\t\t\t\t\t\t\n\t\t\t\t\t\t\t\t\t\t<div class=\"yuzo-img\" style=\"background:url('https:\/\/redept.com.br\/blogosfera\/wp-content\/uploads\/2024\/12\/MCMV-150x150.png') 50% 50% no-repeat;width: 125px;height:90px;margin-bottom: 5px;background-size: cover; \"><\/div>\n\t\t\t\t\t\t\t\t\t  <\/div>\n\t\t\t\t\t\t\t\t\t  \n\t\t\t\t\t\t\t\t   <span class=\"yuzo__text--title\" style=\"font-size:13px;\">Governo prepara programa de constru\u00e7\u00e3o de banheiro...<\/span>\n\t\t\t\t\t\t\t  \n\t\t\t\t\t\t\t  \n\t\t\t\t\t\t\t  <\/a>\n\n\t\t\t\t\t\t  <\/div>\n<\/div> <script>\n\t\t\t\t\t\t  jQuery(document).ready(function( $ ){\n\t\t\t\t\t\t\t\/\/jQuery('.yuzo_related_post').equalizer({ overflow : 'relatedthumb' });\n\t\t\t\t\t\t\tjQuery('.yuzo_related_post .yuzo_wraps').equalizer({ columns : '> div' });\n\t\t\t\t\t\t   })\n\t\t\t\t\t\t  <\/script> <!-- End Yuzo :) -->","protected":false},"excerpt":{"rendered":"<p>Uma opera\u00e7\u00e3o militar apresentada pelos Estados Unidos e pelo governo do Equador como a\u00e7\u00e3o contra o narcotr\u00e1fico resultou na destrui\u00e7\u00e3o de uma fazenda de gado e produ\u00e7\u00e3o de leite em San Mart\u00edn, na regi\u00e3o amaz\u00f4nica do norte do pa\u00eds, pr\u00f3xima \u00e0 fronteira com a Col\u00f4mbia. Reportagem publicada pelo New York Times nesta ter\u00e7a-feira (24) entrevistou [&hellip;]<\/p>\n","protected":false},"author":2,"featured_media":0,"comment_status":"open","ping_status":"closed","sticky":false,"template":"","format":"standard","meta":{"fifu_image_url":"","fifu_image_alt":"","footnotes":""},"categories":[347,3604,307,1023,655,394,50,3542,1025],"tags":[],"class_list":["post-79672","post","type-post","status-publish","format-standard","hentry","category-america-latina","category-daniel-noboa","category-direitos-humanos","category-donald-trump","category-equador","category-estados-unidos","category-internacional","category-narcotrafico","category-new-york-times"],"_links":{"self":[{"href":"https:\/\/redept.com.br\/blogosfera\/wp-json\/wp\/v2\/posts\/79672","targetHints":{"allow":["GET"]}}],"collection":[{"href":"https:\/\/redept.com.br\/blogosfera\/wp-json\/wp\/v2\/posts"}],"about":[{"href":"https:\/\/redept.com.br\/blogosfera\/wp-json\/wp\/v2\/types\/post"}],"author":[{"embeddable":true,"href":"https:\/\/redept.com.br\/blogosfera\/wp-json\/wp\/v2\/users\/2"}],"replies":[{"embeddable":true,"href":"https:\/\/redept.com.br\/blogosfera\/wp-json\/wp\/v2\/comments?post=79672"}],"version-history":[{"count":0,"href":"https:\/\/redept.com.br\/blogosfera\/wp-json\/wp\/v2\/posts\/79672\/revisions"}],"wp:attachment":[{"href":"https:\/\/redept.com.br\/blogosfera\/wp-json\/wp\/v2\/media?parent=79672"}],"wp:term":[{"taxonomy":"category","embeddable":true,"href":"https:\/\/redept.com.br\/blogosfera\/wp-json\/wp\/v2\/categories?post=79672"},{"taxonomy":"post_tag","embeddable":true,"href":"https:\/\/redept.com.br\/blogosfera\/wp-json\/wp\/v2\/tags?post=79672"}],"curies":[{"name":"wp","href":"https:\/\/api.w.org\/{rel}","templated":true}]}}