{"id":79818,"date":"2026-03-25T20:14:58","date_gmt":"2026-03-25T23:14:58","guid":{"rendered":"https:\/\/redept.com.br\/blogosfera\/lula-intensifica-agendas-pro-industria-com-destaque-para-caca-supersonico\/"},"modified":"2026-03-25T20:14:58","modified_gmt":"2026-03-25T23:14:58","slug":"lula-intensifica-agendas-pro-industria-com-destaque-para-caca-supersonico","status":"publish","type":"post","link":"https:\/\/redept.com.br\/blogosfera\/lula-intensifica-agendas-pro-industria-com-destaque-para-caca-supersonico\/","title":{"rendered":"Lula intensifica agendas pr\u00f3-ind\u00fastria com destaque para ca\u00e7a supers\u00f4nico"},"content":{"rendered":"<p><img loading=\"lazy\" width=\"1024\" height=\"532\"src=\"https:\/\/redept.com.br\/blogosfera\/wp-content\/uploads\/2026\/03\/55168196249_44e5699316_k.jpg\" alt=\"\" decoding=\"async\" loading=\"lazy\" srcset=\"https:\/\/vermelho.org.br\/wp-content\/uploads\/2026\/03\/55168196249_44e5699316_k-1024x532.jpg 1024w, https:\/\/vermelho.org.br\/wp-content\/uploads\/2026\/03\/55168196249_44e5699316_k-300x156.jpg 300w, https:\/\/vermelho.org.br\/wp-content\/uploads\/2026\/03\/55168196249_44e5699316_k-768x399.jpg 768w, https:\/\/vermelho.org.br\/wp-content\/uploads\/2026\/03\/55168196249_44e5699316_k-1536x798.jpg 1536w, https:\/\/redept.com.br\/blogosfera\/wp-content\/uploads\/2026\/03\/55168196249_44e5699316_k.jpg 2048w\" sizes=\"auto, (max-width: 1024px) 100vw, 1024px\"><\/p>\n<p>A ind\u00fastria brasileira teve crescimento de apenas 0,6% em 2025, um desempenho abaixo do esperado <a href=\"https:\/\/vermelho.org.br\/2026\/02\/04\/industria-cresce-apenas-06-em-2025-sob-o-garrote-dos-juros-altos\/\">provocado pelos inexplic\u00e1veis juros praticados no pa\u00eds<\/a>. Em rela\u00e7\u00e3o a 2024, a desacelera\u00e7\u00e3o foi evidente, j\u00e1 que o setor havia registrado 3,1% naquele ano. Para que em 2026 o cen\u00e1rio seja diferente e o setor produtivo volte a avan\u00e7ar com for\u00e7a, o presidente Lula tem colocado a ind\u00fastria no centro de sua agenda, enquanto espera por cortes substanciais na Selic ao longo dos meses.<\/p>\n<p>Nesta quarta-feira (25), Lula percorreu o interior de S\u00e3o Paulo em agendas pr\u00f3-ind\u00fastria, com \u00eanfase nas \u00e1reas de Defesa, aeron\u00e1utica e ferrovi\u00e1ria. O presidente prestigiou a apresenta\u00e7\u00e3o do ca\u00e7a supers\u00f4nico F-39E Gripen, esteve na f\u00e1brica da CRRC Brasil e visitou o Centro de Manuten\u00e7\u00e3o de Aeronaves da Latam.<\/p>\n<p><strong>Ca\u00e7a supers\u00f4nico<\/strong><\/p>\n<p>Na cidade de Gavi\u00e3o Peixoto (SP), Lula esteve no Aer\u00f3dromo da Embraer para a apresenta\u00e7\u00e3o do ca\u00e7a F-39E Gripen, a primeira aeronave supers\u00f4nica produzida no pa\u00eds. O modelo da empresa sueca Saab faz parte do programa Ca\u00e7a FX-2, iniciado em 2014 e que vai at\u00e9 2033. Ser\u00e3o R$ 28,5 bilh\u00f5es de investimentos feitos no per\u00edodo, compreendendo a produ\u00e7\u00e3o dos ca\u00e7as e a transfer\u00eancia de tecnologia ao Brasil.<\/p>\n<p>O presidente batizou o primeiro ca\u00e7a supers\u00f4nico produzido pelo pa\u00eds, um momento classificado pelo governo como hist\u00f3rico. De acordo com o Planalto, o Brasil \u00e9 o primeiro pa\u00eds da Am\u00e9rica Latina a dominar este tipo de tecnologia para a produ\u00e7\u00e3o de aeronaves de alta complexidade.<\/p>\n<p>\u201cHoje, o c\u00e9u do Brasil \u00e9 palco de um momento hist\u00f3rico. Voei escoltado pelo primeiro Gripen produzido no Brasil. Um momento muito simb\u00f3lico, que mostra um pa\u00eds que acredita em si mesmo, investe em tecnologia e reafirma sua soberania\u201d, disse Lula, nas redes sociais.<\/p>\n<p><strong>Leia mais:<\/strong> <a href=\"https:\/\/vermelho.org.br\/2026\/01\/20\/lula-reativa-industria-naval-com-encomendas-de-r-28-bilhoes-no-rs\/\">Lula reativa ind\u00fastria naval com encomendas de R$ 2,8 bilh\u00f5es no Rio Grande do Sul<\/a><\/p>\n<p>O programa Ca\u00e7a FX-2 visa reequipar a frota da For\u00e7a A\u00e9rea Brasileira (FAB) com apoio da Embraer. Ao todo, ser\u00e3o 36 aeronaves, sendo que 11 j\u00e1 foram produzidas na Su\u00e9cia e entregues ao Brasil. Portanto, com o novo ca\u00e7a batizado nesta quarta, o pa\u00eds j\u00e1 conta com 12 unidades do Gripen. O contrato prev\u00ea que ser\u00e3o 15 ca\u00e7as produzidos na planta Embraer-Defesa em Gavi\u00e3o Peixoto.<\/p>\n<figure>\n<figure><img loading=\"lazy\" loading=\"lazy\" decoding=\"async\" width=\"1024\" height=\"570\" data-id=\"740103\"src=\"https:\/\/redept.com.br\/blogosfera\/wp-content\/uploads\/2026\/03\/55167046472_eccc16b4e5_k.jpg\" alt=\"\" srcset=\"https:\/\/vermelho.org.br\/wp-content\/uploads\/2026\/03\/55167046472_eccc16b4e5_k-1024x570.jpg 1024w, https:\/\/vermelho.org.br\/wp-content\/uploads\/2026\/03\/55167046472_eccc16b4e5_k-300x166.jpg 300w, https:\/\/vermelho.org.br\/wp-content\/uploads\/2026\/03\/55167046472_eccc16b4e5_k-768x427.jpg 768w, https:\/\/vermelho.org.br\/wp-content\/uploads\/2026\/03\/55167046472_eccc16b4e5_k-1536x855.jpg 1536w, https:\/\/vermelho.org.br\/wp-content\/uploads\/2026\/03\/55167046472_eccc16b4e5_k-219x121.jpg 219w, https:\/\/redept.com.br\/blogosfera\/wp-content\/uploads\/2026\/03\/55167046472_eccc16b4e5_k.jpg 2047w\" sizes=\"auto, (max-width: 1024px) 100vw, 1024px\"><figcaption>Foto: Ricardo Stuckert \/ PR<\/figcaption><\/figure>\n<figure><img loading=\"lazy\" loading=\"lazy\" decoding=\"async\" width=\"1024\" height=\"579\" data-id=\"740104\"src=\"https:\/\/redept.com.br\/blogosfera\/wp-content\/uploads\/2026\/03\/55168395165_11438d5b28_k.jpg\" alt=\"\" srcset=\"https:\/\/vermelho.org.br\/wp-content\/uploads\/2026\/03\/55168395165_11438d5b28_k-1024x579.jpg 1024w, https:\/\/vermelho.org.br\/wp-content\/uploads\/2026\/03\/55168395165_11438d5b28_k-300x170.jpg 300w, https:\/\/vermelho.org.br\/wp-content\/uploads\/2026\/03\/55168395165_11438d5b28_k-768x434.jpg 768w, https:\/\/vermelho.org.br\/wp-content\/uploads\/2026\/03\/55168395165_11438d5b28_k-1536x869.jpg 1536w, https:\/\/redept.com.br\/blogosfera\/wp-content\/uploads\/2026\/03\/55168395165_11438d5b28_k.jpg 2048w\" sizes=\"auto, (max-width: 1024px) 100vw, 1024px\"><figcaption>Foto: Ricardo Stuckert \/ PR<\/figcaption><\/figure>\n<\/figure>\n<p><strong>Ferrovias<\/strong><\/p>\n<p>Depois de batizar o primeiro Gripen \u2018brasileiro\u2019, Lula foi a Araraquara (SP) para visitar a\u00a0unidade industrial da CRRC Brasil, que est\u00e1 em implanta\u00e7\u00e3o. A f\u00e1brica visa impulsionar a mobilidade nacional com novos investimentos em ferrovias.<\/p>\n<p>Na ocasi\u00e3o, o Banco Nacional de Desenvolvimento Econ\u00f4mico e Social (Bndes) assinou contratos no valor total de R$ 5,6 bilh\u00f5es voltados para o estado de S\u00e3o Paulo.<\/p>\n<p>A CRRC Brasil \u00e9 fruto de uma parceria com a companhia chinesa CRRC, considerada a maior fornecedora mundial de equipamentos de transporte ferrovi\u00e1rio.<\/p>\n<p><strong>Leia mais: <\/strong><a href=\"https:\/\/vermelho.org.br\/2026\/02\/26\/governo-blinda-maquinas-nacionais-para-frear-desindustrializacao\/\">Governo Lula blinda m\u00e1quinas nacionais para frear desindustrializa\u00e7\u00e3o<\/a><\/p>\n<p>A unidade fabril de Araraquara fornecer\u00e1 componentes para a implanta\u00e7\u00e3o do Trem Intercidades Eixo Norte que ligar\u00e1 S\u00e3o Paulo a Campinas, or\u00e7ado em R$ 3,2 bilh\u00f5es; e para a expans\u00e3o da Linha 2 do Metr\u00f4 de S\u00e3o Paulo, em R$ 2,4 bilh\u00f5es.<\/p>\n<p>\u201cSe n\u00e3o fosse o Bndes, n\u00e3o tinha a Nova Ind\u00fastria Brasil e n\u00e3o tinha muitos projetos de desenvolvimento que precisassem de financiamento. N\u00f3s estamos emprestando dinheiro aqui, inclusive do Fundo de Garantia. E por que n\u00f3s estamos emprestando dinheiro? Porque \u00e9 necess\u00e1rio emprestar para construir um ativo produtivo que vai dar rentabilidade para o Brasil, isso n\u00e3o \u00e9 gasto\u201d, disse Lula.<\/p>\n<figure><img loading=\"lazy\" loading=\"lazy\" decoding=\"async\" width=\"800\" height=\"481\"src=\"https:\/\/redept.com.br\/blogosfera\/wp-content\/uploads\/2026\/03\/55168521955_0a2173615d_c.jpg\" alt=\"\" srcset=\"https:\/\/redept.com.br\/blogosfera\/wp-content\/uploads\/2026\/03\/55168521955_0a2173615d_c.jpg 800w, https:\/\/vermelho.org.br\/wp-content\/uploads\/2026\/03\/55168521955_0a2173615d_c-300x180.jpg 300w, https:\/\/vermelho.org.br\/wp-content\/uploads\/2026\/03\/55168521955_0a2173615d_c-768x462.jpg 768w\" sizes=\"auto, (max-width: 800px) 100vw, 800px\"><figcaption>Foto: Ricardo Stuckert \/ PR<br \/><\/figcaption><\/figure>\n<figure><img loading=\"lazy\" loading=\"lazy\" decoding=\"async\" width=\"799\" height=\"355\"src=\"https:\/\/redept.com.br\/blogosfera\/wp-content\/uploads\/2026\/03\/55168277676_c365ba96c0_c.jpg\" alt=\"\" srcset=\"https:\/\/redept.com.br\/blogosfera\/wp-content\/uploads\/2026\/03\/55168277676_c365ba96c0_c.jpg 799w, https:\/\/vermelho.org.br\/wp-content\/uploads\/2026\/03\/55168277676_c365ba96c0_c-300x133.jpg 300w, https:\/\/vermelho.org.br\/wp-content\/uploads\/2026\/03\/55168277676_c365ba96c0_c-768x341.jpg 768w\" sizes=\"auto, (max-width: 799px) 100vw, 799px\"><figcaption>Foto: Ricardo Stuckert \/ PR<\/figcaption><\/figure>\n<p><strong>Latam<\/strong><\/p>\n<p>Para completar as agendas do dia pr\u00f3-ind\u00fastria, o presidente visitou o Latam MRO, o Centro de Manuten\u00e7\u00e3o de Aeronaves (Maintenance, Repair and Overhaul)\u00a0da empresa aerovi\u00e1ria, localizada em S\u00e3o Carlos (SP). O centro completou 25 anos nesta quarta e est\u00e1 em expans\u00e3o com investimento de R$ 78 milh\u00f5es, com financiamento aprovado pelo Finep-Bndes.<\/p>\n<p>A unidade tem import\u00e2ncia estrat\u00e9gica para a empresa e para o pa\u00eds, pois \u00e9 respons\u00e1vel por 60% das manuten\u00e7\u00f5es programadas de toda a frota da Latam, al\u00e9m de gerar 2 mil empregos. Entre 2023 e 2026, estima-se que a companhia tenha investido no Brasil US$ 4 bilh\u00f5es.<\/p>\n<p>Em setembro passado, a empresa firmou a compra de 24 aeronaves da Embraer, um passo hist\u00f3rico para a ind\u00fastria nacional. Na visita de Lula, a Latam apresentou em primeira m\u00e3o a pintura das novas aeronaves do modelo E195-E2.<\/p>\n<p>Al\u00e9m dos avi\u00f5es j\u00e1 contratados por US$ 2,1 bilh\u00f5es, existe a possibilidade de amplia\u00e7\u00e3o do contrato para se chegar a 74 novas aeronaves.<\/p>\n<figure><img loading=\"lazy\" loading=\"lazy\" decoding=\"async\" width=\"1024\" height=\"569\"src=\"https:\/\/redept.com.br\/blogosfera\/wp-content\/uploads\/2026\/03\/55168848649_9a4bbac305_k.jpg\" alt=\"\" srcset=\"https:\/\/vermelho.org.br\/wp-content\/uploads\/2026\/03\/55168848649_9a4bbac305_k-1024x569.jpg 1024w, https:\/\/vermelho.org.br\/wp-content\/uploads\/2026\/03\/55168848649_9a4bbac305_k-300x166.jpg 300w, https:\/\/vermelho.org.br\/wp-content\/uploads\/2026\/03\/55168848649_9a4bbac305_k-768x426.jpg 768w, https:\/\/vermelho.org.br\/wp-content\/uploads\/2026\/03\/55168848649_9a4bbac305_k-1536x853.jpg 1536w, https:\/\/vermelho.org.br\/wp-content\/uploads\/2026\/03\/55168848649_9a4bbac305_k-219x121.jpg 219w, https:\/\/redept.com.br\/blogosfera\/wp-content\/uploads\/2026\/03\/55168848649_9a4bbac305_k.jpg 2048w\" sizes=\"auto, (max-width: 1024px) 100vw, 1024px\"><figcaption>Foto: Ricardo Stuckert \/ PR<\/figcaption><\/figure>\n<p>O post <a href=\"https:\/\/vermelho.org.br\/2026\/03\/25\/lula-intensifica-agendas-pro-industria-com-destaque-para-caca-supersonico\/\">Lula intensifica agendas pr\u00f3-ind\u00fastria com destaque para ca\u00e7a supers\u00f4nico<\/a> apareceu primeiro em <a href=\"https:\/\/vermelho.org.br\/\">Vermelho<\/a>.<\/p>\n<!-- Begin Yuzo --><div class='yuzo_related_post style-1'  data-version='5.12.89'><!-- without result --><div class='yuzo_clearfixed yuzo__title yuzo__title'><h3>Related Post<\/h3><\/div>\n\t\t\t\t\t\t  <div class=\"relatedthumb \" style=\"width:125px;float:left;overflow:hidden;\">  \n\t\t\t\t\t\t\t  \n\t\t\t\t\t\t\t  <a  href=\"https:\/\/redept.com.br\/blogosfera\/stf-ex-comandante-da-fab-presta-depoimento-sobre-trama-golpista\/\"  >\n\t\t\t\t\t\t\t\t\t  <div class=\"yuzo-img-wrap \" style=\"width: 125px;height:90px;\">\n\t\t\t\t\t\t\t\t\t\t\n\t\t\t\t\t\t\t\t\t\t<div class=\"yuzo-img\" style=\"background:url('https:\/\/redept.org\/blogosfera\/wp-content\/plugins\/yuzo-related-post\/assets\/images\/default.png') 50% 50% no-repeat;width: 125px;height:90px;margin-bottom: 5px;background-size: cover; \"><\/div>\n\t\t\t\t\t\t\t\t\t  <\/div>\n\t\t\t\t\t\t\t\t\t  \n\t\t\t\t\t\t\t\t   <span class=\"yuzo__text--title\" style=\"font-size:13px;\">STF: Ex-comandante da FAB presta depoimento sobre ...<\/span>\n\t\t\t\t\t\t\t  \n\t\t\t\t\t\t\t  \n\t\t\t\t\t\t\t  <\/a>\n\n\t\t\t\t\t\t  <\/div>\n\t\t\t\t\t\t  <div class=\"relatedthumb \" style=\"width:125px;float:left;overflow:hidden;\">  \n\t\t\t\t\t\t\t  \n\t\t\t\t\t\t\t  <a  href=\"https:\/\/redept.com.br\/blogosfera\/rentismo-teu-nome-e-solidao\/\"  >\n\t\t\t\t\t\t\t\t\t  <div class=\"yuzo-img-wrap \" style=\"width: 125px;height:90px;\">\n\t\t\t\t\t\t\t\t\t\t\n\t\t\t\t\t\t\t\t\t\t<div class=\"yuzo-img\" style=\"background:url('https:\/\/redept.com.br\/blogosfera\/wp-content\/uploads\/2026\/03\/260304-SolidaoB-150x150.jpg') 50% 50% no-repeat;width: 125px;height:90px;margin-bottom: 5px;background-size: cover; \"><\/div>\n\t\t\t\t\t\t\t\t\t  <\/div>\n\t\t\t\t\t\t\t\t\t  \n\t\t\t\t\t\t\t\t   <span class=\"yuzo__text--title\" style=\"font-size:13px;\">Rentismo, teu nome \u00e9 solid\u00e3o<\/span>\n\t\t\t\t\t\t\t  \n\t\t\t\t\t\t\t  \n\t\t\t\t\t\t\t  <\/a>\n\n\t\t\t\t\t\t  <\/div>\n\t\t\t\t\t\t  <div class=\"relatedthumb \" style=\"width:125px;float:left;overflow:hidden;\">  \n\t\t\t\t\t\t\t  \n\t\t\t\t\t\t\t  <a  href=\"https:\/\/redept.com.br\/blogosfera\/mega-sena-novamente-sem-ganhador-premio-sobe-para-r-55-milhoes\/\"  >\n\t\t\t\t\t\t\t\t\t  <div class=\"yuzo-img-wrap \" style=\"width: 125px;height:90px;\">\n\t\t\t\t\t\t\t\t\t\t\n\t\t\t\t\t\t\t\t\t\t<div class=\"yuzo-img\" style=\"background:url('https:\/\/redept.com.br\/blogosfera\/wp-content\/uploads\/2025\/05\/Resultado-do-concurso-2861-da-Mega-Sena-150x150.png') 50% 50% no-repeat;width: 125px;height:90px;margin-bottom: 5px;background-size: cover; \"><\/div>\n\t\t\t\t\t\t\t\t\t  <\/div>\n\t\t\t\t\t\t\t\t\t  \n\t\t\t\t\t\t\t\t   <span class=\"yuzo__text--title\" style=\"font-size:13px;\">Mega-Sena: novamente sem ganhador, pr\u00eamio sobe par...<\/span>\n\t\t\t\t\t\t\t  \n\t\t\t\t\t\t\t  \n\t\t\t\t\t\t\t  <\/a>\n\n\t\t\t\t\t\t  <\/div>\n\t\t\t\t\t\t  <div class=\"relatedthumb \" style=\"width:125px;float:left;overflow:hidden;\">  \n\t\t\t\t\t\t\t  \n\t\t\t\t\t\t\t  <a  href=\"https:\/\/redept.com.br\/blogosfera\/mst-lanca-carta-aberta-e-diz-que-vai-pressionar-lula-por-assentamento-de-100-mil-familias\/\"  >\n\t\t\t\t\t\t\t\t\t  <div class=\"yuzo-img-wrap \" style=\"width: 125px;height:90px;\">\n\t\t\t\t\t\t\t\t\t\t\n\t\t\t\t\t\t\t\t\t\t<div class=\"yuzo-img\" style=\"background:url('https:\/\/redept.org\/blogosfera\/wp-content\/plugins\/yuzo-related-post\/assets\/images\/default.png') 50% 50% no-repeat;width: 125px;height:90px;margin-bottom: 5px;background-size: cover; \"><\/div>\n\t\t\t\t\t\t\t\t\t  <\/div>\n\t\t\t\t\t\t\t\t\t  \n\t\t\t\t\t\t\t\t   <span class=\"yuzo__text--title\" style=\"font-size:13px;\">MST lan\u00e7a carta aberta e diz que vai pressionar Lu...<\/span>\n\t\t\t\t\t\t\t  \n\t\t\t\t\t\t\t  \n\t\t\t\t\t\t\t  <\/a>\n\n\t\t\t\t\t\t  <\/div>\n<\/div> <script>\n\t\t\t\t\t\t  jQuery(document).ready(function( $ ){\n\t\t\t\t\t\t\t\/\/jQuery('.yuzo_related_post').equalizer({ overflow : 'relatedthumb' });\n\t\t\t\t\t\t\tjQuery('.yuzo_related_post .yuzo_wraps').equalizer({ columns : '> div' });\n\t\t\t\t\t\t   })\n\t\t\t\t\t\t  <\/script> <!-- End Yuzo :) -->","protected":false},"excerpt":{"rendered":"<p>A ind\u00fastria brasileira teve crescimento de apenas 0,6% em 2025, um desempenho abaixo do esperado provocado pelos inexplic\u00e1veis juros praticados no pa\u00eds. Em rela\u00e7\u00e3o a 2024, a desacelera\u00e7\u00e3o foi evidente, j\u00e1 que o setor havia registrado 3,1% naquele ano. Para que em 2026 o cen\u00e1rio seja diferente e o setor produtivo volte a avan\u00e7ar com [&hellip;]<\/p>\n","protected":false},"author":2,"featured_media":0,"comment_status":"open","ping_status":"closed","sticky":false,"template":"","format":"standard","meta":{"fifu_image_url":"","fifu_image_alt":"","footnotes":""},"categories":[40559,40560,40561,2096,4550,3382,40562,600,5122,4961,175,132,9728],"tags":[],"class_list":["post-79818","post","type-post","status-publish","format-standard","hentry","category-caca-f-39e-gripen","category-caca-supersonico","category-crrc-brasil","category-defesa","category-embraer","category-ferrovias","category-gripen","category-industria","category-industria-aeronautica","category-industria-brasileira","category-latam","category-politica","category-setor-produtivo"],"_links":{"self":[{"href":"https:\/\/redept.com.br\/blogosfera\/wp-json\/wp\/v2\/posts\/79818","targetHints":{"allow":["GET"]}}],"collection":[{"href":"https:\/\/redept.com.br\/blogosfera\/wp-json\/wp\/v2\/posts"}],"about":[{"href":"https:\/\/redept.com.br\/blogosfera\/wp-json\/wp\/v2\/types\/post"}],"author":[{"embeddable":true,"href":"https:\/\/redept.com.br\/blogosfera\/wp-json\/wp\/v2\/users\/2"}],"replies":[{"embeddable":true,"href":"https:\/\/redept.com.br\/blogosfera\/wp-json\/wp\/v2\/comments?post=79818"}],"version-history":[{"count":0,"href":"https:\/\/redept.com.br\/blogosfera\/wp-json\/wp\/v2\/posts\/79818\/revisions"}],"wp:attachment":[{"href":"https:\/\/redept.com.br\/blogosfera\/wp-json\/wp\/v2\/media?parent=79818"}],"wp:term":[{"taxonomy":"category","embeddable":true,"href":"https:\/\/redept.com.br\/blogosfera\/wp-json\/wp\/v2\/categories?post=79818"},{"taxonomy":"post_tag","embeddable":true,"href":"https:\/\/redept.com.br\/blogosfera\/wp-json\/wp\/v2\/tags?post=79818"}],"curies":[{"name":"wp","href":"https:\/\/api.w.org\/{rel}","templated":true}]}}