{"id":79838,"date":"2026-03-26T00:00:11","date_gmt":"2026-03-26T03:00:11","guid":{"rendered":"https:\/\/redept.com.br\/blogosfera\/milei-reatualiza-penuria-da-ditadura\/"},"modified":"2026-03-26T00:00:11","modified_gmt":"2026-03-26T03:00:11","slug":"milei-reatualiza-penuria-da-ditadura","status":"publish","type":"post","link":"https:\/\/redept.com.br\/blogosfera\/milei-reatualiza-penuria-da-ditadura\/","title":{"rendered":"Milei reatualiza pen\u00faria da ditadura"},"content":{"rendered":"<figure><img loading=\"lazy\" loading=\"lazy\" decoding=\"async\" width=\"1279\" height=\"849\"src=\"https:\/\/redept.com.br\/blogosfera\/wp-content\/uploads\/2026\/03\/midia-ninja.jpg\" alt=\"\" srcset=\"https:\/\/redept.com.br\/blogosfera\/wp-content\/uploads\/2026\/03\/midia-ninja.jpg 1279w, https:\/\/estaticos.opara.me\/outraspalavras\/uploads\/2026\/03\/24144535\/midia-ninja-300x199.jpg 300w, https:\/\/estaticos.opara.me\/outraspalavras\/uploads\/2026\/03\/24144535\/midia-ninja-768x510.jpg 768w, https:\/\/estaticos.opara.me\/outraspalavras\/uploads\/2026\/03\/24144535\/midia-ninja-272x182.jpg 272w\" sizes=\"auto, (max-width: 1279px) 100vw, 1279px\"><figcaption>Foto: M\u00eddia Ninja<\/figcaption><\/figure>\n<h3><strong>Radiografia da paralisia produtiva<\/strong><\/h3>\n<div>\n<div>\n<div>\n<div>\n<div>\n<div>\n<div>\n<h4>Boletim Outras Palavras<\/h4>\n<p>Receba por email, diariamente, todas as publica\u00e7\u00f5es do site<\/p>\n<\/p><\/div>\n<div>\n<div>\n<div>\n<div>\n<div><\/div>\n<\/p><\/div>\n<\/p><\/div>\n<div>\n                <button type=\"submit\">Assinar<\/button><br \/>\n                <button disabled type=\"button\"> <\/p>\n<div><\/div>\n<p> <span>Loading&#8230;<\/span> <\/button>\n              <\/div>\n<\/p><\/div>\n<\/p><\/div>\n<div>\n            <button type=\"submit\">Assinar<\/button><br \/>\n            <button disabled type=\"button\"> <\/p>\n<div><\/div>\n<p> <span>Loading&#8230;<\/span> <\/button>\n          <\/div>\n<\/p><\/div>\n<div>\n<div>\n<h4>Agradecemos!<\/h4>\n<p>Voc\u00ea j\u00e1 est\u00e1 inscrito e come\u00e7ar\u00e1 a receber os boletins em breve. Boa leitura!<\/p>\n<\/p><\/div>\n<\/p><\/div>\n<\/p><\/div>\n<\/p><\/div>\n<\/div>\n<\/div>\n<\/div>\n<p>Mais de 22 mil empresas, fundamentalmente m\u00e9dias e pequenas, embora tamb\u00e9m muitas grandes, fecharam suas portas nos \u00faltimos dois anos. Com uma perda de 300 mil postos de trabalho: 200 mil no setor privado e o resto no setor p\u00fablico.<\/p>\n<p>Uma leitura mais detalhada das estat\u00edsticas oficiais revela mais de 550 mil pessoas deslocadas de empregos formais. Dentre elas, quase 386 mil categorizadas como <em>microempreendedores sociais<\/em>, ou seja, trabalhadores independentes. O governo imp\u00f4s novas normas excludentes que empurraram milhares e milhares de microempreendedores a renunciar a essa categoria, passando assim a engrossar o setor informal, cada vez mais amplo e desregulado.<\/p>\n<h3><strong>Pre\u00e7os europeus, sal\u00e1rios de fome<\/strong><\/h3>\n<p>Desde a assun\u00e7\u00e3o do novo governo, foram dois anos muito complexos tanto para o setor assalariado quanto para os independentes, e o futuro n\u00e3o se vislumbra melhor. Em fevereiro, o governo conseguiu que o parlamento aprovasse a nova Lei do Trabalho, reforma trabalhista de corte neoliberal com semelhan\u00e7as \u00e0 legisla\u00e7\u00e3o que prevaleceu durante a \u00faltima ditadura entre 1976 e 1983. A Confedera\u00e7\u00e3o Geral do Trabalho (CGT) anunciou que questionar\u00e1 judicialmente essa Lei. Fundamentalmente, porque ela produzir\u00e1 o enfraquecimento intencional da organiza\u00e7\u00e3o sindical e de direitos essenciais, como as negocia\u00e7\u00f5es parit\u00e1rias por setores e o direito de greve. Essa nova lei, que Milei apresenta como de \u201cmoderniza\u00e7\u00e3o trabalhista\u201d, implica em perda de conquistas hist\u00f3ricas, como os contratos de trabalho e o reconhecimento das horas extras, al\u00e9m do aumento das jornadas de trabalho, f\u00e9rias fracionadas a crit\u00e9rio do patr\u00e3o e a flexibiliza\u00e7\u00e3o das demiss\u00f5es.<\/p>\n<div>\n<div><img loading=\"lazy\" loading=\"lazy\" decoding=\"async\"src=\"https:\/\/redept.com.br\/blogosfera\/wp-content\/uploads\/2026\/03\/14--41.png\" alt=\"\" srcset=\"https:\/\/redept.com.br\/blogosfera\/wp-content\/uploads\/2026\/03\/14--41.png 680w, https:\/\/estaticos.opara.me\/outraspalavras\/uploads\/2025\/12\/04164350\/14-1-300x110.png 300w\" sizes=\"auto, (max-width: 680px) 100vw, 680px\" width=\"680\" height=\"250\"><\/div>\n<\/div>\n<p>Em termos macroecon\u00f4micos, trata-se de uma transfer\u00eancia multimilion\u00e1ria de recursos dos trabalhadores e aposentados para o setor empresarial. A partir da aplica\u00e7\u00e3o da Lei, por exemplo, os empres\u00e1rios (grandes, m\u00e9dios e pequenos) contribuir\u00e3o mensalmente para um Fundo de Assist\u00eancia Laboral (FAL) para subsidiar as demiss\u00f5es trabalhistas, que certamente se multiplicar\u00e3o vertiginosamente. Ironicamente, esse fundo que se constitui com 3,5% da massa salarial bruta, o setor patronal poder\u00e1 descont\u00e1-lo de sua contribui\u00e7\u00e3o obrigat\u00f3ria para as aposentadorias e previd\u00eancia social. Essa transfer\u00eancia gigantesca da renda nacional dos trabalhadores e aposentados para os empres\u00e1rios representa nada menos que um castigo imerecido aos aposentados, que j\u00e1 est\u00e3o sofrendo com o congelamento de suas magras pens\u00f5es e a perda irrevers\u00edvel de seu poder aquisitivo.<\/p>\n<p>Para dar um rosto humano a esses n\u00fameros, basta mencionar que a pens\u00e3o m\u00ednima atual (incluindo um b\u00f4nus suplementar especial) equivale a 305 d\u00f3lares mensais, enquanto o sal\u00e1rio m\u00ednimo inicial est\u00e1 em torno de 239 d\u00f3lares. Por sua vez, o sal\u00e1rio de um empregado de com\u00e9rcio com dez anos de experi\u00eancia mal chega a 774 d\u00f3lares mensais. Em resumo, rendimentos deprimidos ao m\u00e1ximo em um pa\u00eds cujos pre\u00e7os s\u00e3o por si exorbitantes. Onde um quilo de p\u00e3o custa entre 2,50 e 3 d\u00f3lares e um litro de leite em torno de 2 d\u00f3lares, enquanto um quilo de arroz ronda os 3 d\u00f3lares, o de farinha mais de 1 d\u00f3lar e qualquer corte de queijo comum supera os 10 d\u00f3lares. As roupas, assim como os servi\u00e7os p\u00fablicos como \u00e1gua corrente, g\u00e1s e eletricidade, custam tanto quanto na Espanha, Fran\u00e7a ou It\u00e1lia. O custo mensal da sa\u00fade privada tamb\u00e9m atinge n\u00edveis europeus: uma \u201cprepaga\u201d (seguro privado de sa\u00fade) de cobertura b\u00e1sica e sem luxos para um grupo familiar de quatro pessoas pode oscilar em 400 d\u00f3lares, alcan\u00e7ando mais de 1.000 d\u00f3lares mensais as que oferecem melhores servi\u00e7os b\u00e1sicos. Em outras palavras: para evitar cair em situa\u00e7\u00e3o de pobreza, como a que padecem mais de 40% da popula\u00e7\u00e3o (segundo estat\u00edsticas n\u00e3o oficiais; mas de acordo com o governo, menos de 30%), uma fam\u00edlia precisa de um m\u00ednimo de quatro sal\u00e1rios b\u00e1sicos.<\/p>\n<p>Um item \u00e0 parte nos \u00faltimos dois anos \u00e9 ocupado pelo desfinanciamento da educa\u00e7\u00e3o, da ci\u00eancia e da cultura em todos os n\u00edveis. Este ano, o Fundo Nacional para a Educa\u00e7\u00e3o T\u00e9cnico Profissional (FONETP) sofrer\u00e1 um corte hist\u00f3rico, aproximadamente de 93% em rela\u00e7\u00e3o aos fundos utilizados em 2023. <\/p>\n<p>A abrupta queda do poder aquisitivo dos trabalhadores, assim como de sua participa\u00e7\u00e3o na renda nacional, foi um dos principais objetivos da ditadura dos anos 70. Em 1974, essa participa\u00e7\u00e3o representou 45% do or\u00e7amento nacional, mas, em 1982, quase no final da ditadura, apenas 22%. Com o kirchnerismo no governo, chegou a 51% e atualmente oscila em torno de 36%.<\/p>\n<p>Semelhan\u00e7as entre ambos os modelos que se expressam, tamb\u00e9m, na prioriza\u00e7\u00e3o absoluta do capital financeiro, na puni\u00e7\u00e3o \u00e0 produ\u00e7\u00e3o nacional ao privilegiar a importa\u00e7\u00e3o livre e indiscriminada de produtos, e na explos\u00e3o do ciclo de endividamento.<\/p>\n<p>Al\u00e9m disso, a pol\u00edtica mile\u00edsta, que procura disciplinar com rigor os sindicatos, arrancar-lhes poder de suas estruturas e desregular os direitos trabalhistas, coincide com a dos ditadores da d\u00e9cada de 70. Significativamente, dois projetos semelhantes aben\u00e7oados desde Washington\u00a0 -atualmente expressos na subordina\u00e7\u00e3o de Milei \u00e0 pol\u00edtica de Trump \u2013 e patrocinados pelos organismos financeiros internacionais, em especial pelo Fundo Monet\u00e1rio Internacional.<\/p>\n<p>Ambos os projetos \u2014 ontem e hoje \u2014 fundamentam suas pol\u00edticas de repress\u00e3o, embora com diferen\u00e7as de m\u00e9todos e n\u00edveis de brutalidade, em concep\u00e7\u00f5es conservadoras e discursos \u201canticomunistas\u201d, no desmantelamento do Estado social e no imp\u00e9rio do capital acima de tudo. Assim como em um maior controle da migra\u00e7\u00e3o e de uma parte importante dos grandes meios de comunica\u00e7\u00e3o (ontem e hoje) e de ativas redes sociais promotoras de fakes e boatos (hoje).<\/p>\n<h3><strong>Desgaste econ\u00f4mico sem correspond\u00eancia pol\u00edtica<\/strong><\/h3>\n<p>Segundo uma pesquisa de fevereiro da consultoria Proje\u00e7\u00e3o, 70% dos entrevistados disseram que a economia continua t\u00e3o mal ou pior em rela\u00e7\u00e3o a dezembro de 2025, pouco antes da chegada do novo governo, devido ao \u201cajuste\u201d econ\u00f4mico e financeiro introduzido por Milei. Outro dado crucial surgido da pesquisa \u00e9 que 57% admitiram ter recorrido ao endividamento para cobrir despesas dom\u00e9sticas por meio de empr\u00e9stimos entre familiares, cart\u00f5es de cr\u00e9dito, carteiras virtuais, cr\u00e9ditos banc\u00e1rios ou financeiros.<\/p>\n<div>\n<div><img loading=\"lazy\" loading=\"lazy\" decoding=\"async\"src=\"https:\/\/redept.com.br\/blogosfera\/wp-content\/uploads\/2026\/03\/14--41.png\" alt=\"\" srcset=\"https:\/\/redept.com.br\/blogosfera\/wp-content\/uploads\/2026\/03\/14--41.png 680w, https:\/\/estaticos.opara.me\/outraspalavras\/uploads\/2025\/12\/04164350\/14-1-300x110.png 300w\" sizes=\"auto, (max-width: 680px) 100vw, 680px\" width=\"680\" height=\"250\"><\/div>\n<\/div>\n<p>Apesar do desconforto econ\u00f4mico, o cen\u00e1rio eleitoral continua mostrando-se auspicioso para o governo. Se hoje houvesse elei\u00e7\u00f5es nacionais, La Libertad Avanza obteria 43,6% dos votos, enquanto o peronismo\/kirchnerismo (enfrascado em inexplic\u00e1veis brigas internas e com a ex-presidente Cristina de Kirchner proscrita e na pris\u00e3o) alcan\u00e7aria 35,9%. Muito atr\u00e1s, outras for\u00e7as com apenas 3%. Apesar do desgaste social causado pelo projeto Milei, essas proje\u00e7\u00f5es permitem pensar que, por enquanto, o eleitorado n\u00e3o v\u00ea uma alternativa de governo e que, al\u00e9m disso, continua cobrando caro dos dois governos anteriores, tanto o neoliberal de Mauricio Macri quanto o peronista de Alberto Fern\u00e1ndez, por n\u00e3o cumprirem suas promessas de melhoria social. <\/p>\n<h3><strong>Resist\u00eancias cotidianas<\/strong><\/h3>\n<p>No dia 24, ao recordar o anivers\u00e1rio do Golpe de Estado c\u00edvico-militar, importantes setores sociais argentinos realizam centenas de atividades p\u00fablicas em todo o pa\u00eds: pra\u00e7as, escolas, universidades, locais de mem\u00f3ria, em frente \u00e0s pris\u00f5es (como a de Coronda em Santa Fe). Somente na Prov\u00edncia de Santa Fe s\u00e3o realizadas, em mar\u00e7o, mais de uma centena de atividades em 22 cidades e vilarejos. Repetindo, assim, uma din\u00e2mica anual de particular transcend\u00eancia desde o retorno \u00e0 democracia j\u00e1 incorporada na agenda cidad\u00e3: as mobiliza\u00e7\u00f5es multitudin\u00e1rias com concentra\u00e7\u00f5es principais, mas com atos dispersos em todo o territ\u00f3rio nacional. Este ano, assim como em 2024 e 2025, esses protestos incorporam aos seus eixos tradicionais de defesa e promo\u00e7\u00e3o da Mem\u00f3ria, Verdade e Justi\u00e7a, a den\u00fancia das pol\u00edticas negacionistas e de agress\u00e3o frontal do Governo Milei contra os direitos humanos.<\/p>\n<p>A disputa entre amplos setores sociais e o governo tem sido uma constante nos \u00faltimos 27 meses. Disso falam n\u00e3o apenas as quatro greves nacionais convocadas nesse per\u00edodo, mas tamb\u00e9m as centenas de conflitos grandes, m\u00e9dios ou pequenos contra as pol\u00edticas antissociais do governo. As cada vez mais participativas manifesta\u00e7\u00f5es e protestos de mulheres, feministas e da diversidade; assim como milhares de pequenos gestos e iniciativas locais de resist\u00eancia que fazem da Argentina um pa\u00eds em constante ebuli\u00e7\u00e3o. Que se confronta a um modelo cada vez mais sofisticado e expandido de repress\u00e3o, o outro lado da estrat\u00e9gia da direita no poder. Segundo um relat\u00f3rio da Comiss\u00e3o Provincial pela Mem\u00f3ria, \u00f3rg\u00e3o que faz parte do Sistema Nacional de Preven\u00e7\u00e3o da Tortura, durante o segundo ano do governo Milei a repress\u00e3o contra protesto social duplicou em rela\u00e7\u00e3o ao ano anterior. Tamb\u00e9m aumentou o n\u00famero de detidos e feridos.<\/p>\n<p>Por exemplo, foi emblem\u00e1tica a manifesta\u00e7\u00e3o pelo Dia Internacional da Mulher que, na Argentina, foi convocada na segunda-feira, 9 de mar\u00e7o, com dezenas de milhares de pessoas nas ruas. O protesto foi t\u00e3o amplo que os pr\u00f3prios meios de informa\u00e7\u00e3o conservadores tiveram que reconhecer que as manifestantes \u201cencheram a Pra\u00e7a de Maio\u201d em frente \u00e0 Casa de Governo, em Buenos Aires. O di\u00e1rio progressista argentino <em>P\u00e1gina 12,<\/em> na capa de sua edi\u00e7\u00e3o de 10 de mar\u00e7o, titulava: \u201cA mar\u00e9 est\u00e1 voltando. Unir as lutas contra o FMI e Milei\u201d foi a consigna que empunhou uma multid\u00e3o, \u201cconvencida de que os feminismos s\u00e3o, hoje, uma das principais for\u00e7as da resist\u00eancia\u201d. As participantes \u201cchamaram a combater um governo que nega o fen\u00f4meno do feminic\u00eddio e desmonta todas as ferramentas para preveni-lo\u201d.<\/p>\n<div>\n<div>\n<p><span><em>Outras Palavras \u00e9 feito por muitas m\u00e3os. Se voc\u00ea valoriza nossa produ\u00e7\u00e3o, seja nosso apoiador e fortale\u00e7a o jornalismo cr\u00edtico: <strong>apoia.se\/outraspalavras<\/strong><\/em><\/span><\/p>\n<\/div>\n<\/div>\n<p>The post Milei reatualiza pen\u00faria da ditadura appeared first on Outras Palavras.<\/p>\n<!-- Begin Yuzo --><div class='yuzo_related_post style-1'  data-version='5.12.89'><!-- without result --><div class='yuzo_clearfixed yuzo__title yuzo__title'><h3>Related Post<\/h3><\/div>\n\t\t\t\t\t\t  <div class=\"relatedthumb \" style=\"width:125px;float:left;overflow:hidden;\">  \n\t\t\t\t\t\t\t  \n\t\t\t\t\t\t\t  <a  href=\"https:\/\/redept.com.br\/blogosfera\/alexandre-de-moraes-abre-mao-de-ferias-no-stf-enquanto-aguarda-denuncia-da-pgr-sobre-golpe\/\"  >\n\t\t\t\t\t\t\t\t\t  <div class=\"yuzo-img-wrap \" style=\"width: 125px;height:90px;\">\n\t\t\t\t\t\t\t\t\t\t\n\t\t\t\t\t\t\t\t\t\t<div class=\"yuzo-img\" style=\"background:url('https:\/\/redept.org\/blogosfera\/wp-content\/plugins\/yuzo-related-post\/assets\/images\/default.png') 50% 50% no-repeat;width: 125px;height:90px;margin-bottom: 5px;background-size: cover; \"><\/div>\n\t\t\t\t\t\t\t\t\t  <\/div>\n\t\t\t\t\t\t\t\t\t  \n\t\t\t\t\t\t\t\t   <span class=\"yuzo__text--title\" style=\"font-size:13px;\">Alexandre de Moraes abre m\u00e3o de f\u00e9rias no STF enqu...<\/span>\n\t\t\t\t\t\t\t  \n\t\t\t\t\t\t\t  \n\t\t\t\t\t\t\t  <\/a>\n\n\t\t\t\t\t\t  <\/div>\n\t\t\t\t\t\t  <div class=\"relatedthumb \" style=\"width:125px;float:left;overflow:hidden;\">  \n\t\t\t\t\t\t\t  \n\t\t\t\t\t\t\t  <a  href=\"https:\/\/redept.com.br\/blogosfera\/cristina-ache-sera-homenageada-em-mostra-dedicada-a-atriz-no-rio-pela-caixa-cultural\/\"  >\n\t\t\t\t\t\t\t\t\t  <div class=\"yuzo-img-wrap \" style=\"width: 125px;height:90px;\">\n\t\t\t\t\t\t\t\t\t\t\n\t\t\t\t\t\t\t\t\t\t<div class=\"yuzo-img\" style=\"background:url('https:\/\/redept.org\/blogosfera\/wp-content\/plugins\/yuzo-related-post\/assets\/images\/default.png') 50% 50% no-repeat;width: 125px;height:90px;margin-bottom: 5px;background-size: cover; \"><\/div>\n\t\t\t\t\t\t\t\t\t  <\/div>\n\t\t\t\t\t\t\t\t\t  \n\t\t\t\t\t\t\t\t   <span class=\"yuzo__text--title\" style=\"font-size:13px;\">Cristina Ach\u00e9 ser\u00e1 homenageada em mostra dedicada ...<\/span>\n\t\t\t\t\t\t\t  \n\t\t\t\t\t\t\t  \n\t\t\t\t\t\t\t  <\/a>\n\n\t\t\t\t\t\t  <\/div>\n\t\t\t\t\t\t  <div class=\"relatedthumb \" style=\"width:125px;float:left;overflow:hidden;\">  \n\t\t\t\t\t\t\t  \n\t\t\t\t\t\t\t  <a  href=\"https:\/\/redept.com.br\/blogosfera\/hugg-em-risco-fusao-ameaca-hospital-historico-do-sus\/\"  >\n\t\t\t\t\t\t\t\t\t  <div class=\"yuzo-img-wrap \" style=\"width: 125px;height:90px;\">\n\t\t\t\t\t\t\t\t\t\t\n\t\t\t\t\t\t\t\t\t\t<div class=\"yuzo-img\" style=\"background:url('https:\/\/redept.org\/blogosfera\/wp-content\/plugins\/yuzo-related-post\/assets\/images\/default.png') 50% 50% no-repeat;width: 125px;height:90px;margin-bottom: 5px;background-size: cover; \"><\/div>\n\t\t\t\t\t\t\t\t\t  <\/div>\n\t\t\t\t\t\t\t\t\t  \n\t\t\t\t\t\t\t\t   <span class=\"yuzo__text--title\" style=\"font-size:13px;\">HUGG em risco: fus\u00e3o amea\u00e7a hospital hist\u00f3rico do ...<\/span>\n\t\t\t\t\t\t\t  \n\t\t\t\t\t\t\t  \n\t\t\t\t\t\t\t  <\/a>\n\n\t\t\t\t\t\t  <\/div>\n\t\t\t\t\t\t  <div class=\"relatedthumb \" style=\"width:125px;float:left;overflow:hidden;\">  \n\t\t\t\t\t\t\t  \n\t\t\t\t\t\t\t  <a  href=\"https:\/\/redept.com.br\/blogosfera\/novo-virus-no-whatsapp-acessa-dados-bancarios-veja-como-se-proteger\/\"  >\n\t\t\t\t\t\t\t\t\t  <div class=\"yuzo-img-wrap \" style=\"width: 125px;height:90px;\">\n\t\t\t\t\t\t\t\t\t\t\n\t\t\t\t\t\t\t\t\t\t<div class=\"yuzo-img\" style=\"background:url('https:\/\/redept.org\/blogosfera\/wp-content\/plugins\/yuzo-related-post\/assets\/images\/default.png') 50% 50% no-repeat;width: 125px;height:90px;margin-bottom: 5px;background-size: cover; \"><\/div>\n\t\t\t\t\t\t\t\t\t  <\/div>\n\t\t\t\t\t\t\t\t\t  \n\t\t\t\t\t\t\t\t   <span class=\"yuzo__text--title\" style=\"font-size:13px;\">Novo v\u00edrus no WhatsApp acessa dados banc\u00e1rios; vej...<\/span>\n\t\t\t\t\t\t\t  \n\t\t\t\t\t\t\t  \n\t\t\t\t\t\t\t  <\/a>\n\n\t\t\t\t\t\t  <\/div>\n<\/div> <script>\n\t\t\t\t\t\t  jQuery(document).ready(function( $ ){\n\t\t\t\t\t\t\t\/\/jQuery('.yuzo_related_post').equalizer({ overflow : 'relatedthumb' });\n\t\t\t\t\t\t\tjQuery('.yuzo_related_post .yuzo_wraps').equalizer({ columns : '> div' });\n\t\t\t\t\t\t   })\n\t\t\t\t\t\t  <\/script> <!-- End Yuzo :) -->","protected":false},"excerpt":{"rendered":"<p>H\u00e1 50 anos, Argentina sofria um golpe de Estado. Hoje, presidente repete o <i>modus operandi<\/i>: 40% da popula\u00e7\u00e3o est\u00e1 na pobreza. Elites s\u00e3o afagadas. Sindicatos desmantelados e repress\u00e3o cresce. J\u00e1 foram quatro greves gerais e outras formas resist\u00eancia se espalham pelo pa\u00eds<\/p>\n<p>The post <a href=\"https:\/\/outraspalavras.net\/descolonizacoes\/milei-reatualiza-penuria-da-ditadura\/\">Milei reatualiza pen\u00faria da ditadura<\/a> appeared first on <a href=\"https:\/\/outraspalavras.net\/\">Outras Palavras<\/a>.<\/p>\n","protected":false},"author":2,"featured_media":79839,"comment_status":"open","ping_status":"closed","sticky":false,"template":"","format":"standard","meta":{"fifu_image_url":"","fifu_image_alt":"","footnotes":""},"categories":[25265,272,18789,5599,5702,423,20093,607,39777,274],"tags":[],"class_list":["post-79838","post","type-post","status-publish","format-standard","has-post-thumbnail","hentry","category-anarcocapitalismo","category-argentina","category-crise-argentina","category-descolonizacoes","category-ditadura-argentina","category-extrema-direita","category-extrema-direita-argentina","category-fmi","category-governo-milei","category-javier-milei"],"_links":{"self":[{"href":"https:\/\/redept.com.br\/blogosfera\/wp-json\/wp\/v2\/posts\/79838","targetHints":{"allow":["GET"]}}],"collection":[{"href":"https:\/\/redept.com.br\/blogosfera\/wp-json\/wp\/v2\/posts"}],"about":[{"href":"https:\/\/redept.com.br\/blogosfera\/wp-json\/wp\/v2\/types\/post"}],"author":[{"embeddable":true,"href":"https:\/\/redept.com.br\/blogosfera\/wp-json\/wp\/v2\/users\/2"}],"replies":[{"embeddable":true,"href":"https:\/\/redept.com.br\/blogosfera\/wp-json\/wp\/v2\/comments?post=79838"}],"version-history":[{"count":0,"href":"https:\/\/redept.com.br\/blogosfera\/wp-json\/wp\/v2\/posts\/79838\/revisions"}],"wp:featuredmedia":[{"embeddable":true,"href":"https:\/\/redept.com.br\/blogosfera\/wp-json\/wp\/v2\/media\/79839"}],"wp:attachment":[{"href":"https:\/\/redept.com.br\/blogosfera\/wp-json\/wp\/v2\/media?parent=79838"}],"wp:term":[{"taxonomy":"category","embeddable":true,"href":"https:\/\/redept.com.br\/blogosfera\/wp-json\/wp\/v2\/categories?post=79838"},{"taxonomy":"post_tag","embeddable":true,"href":"https:\/\/redept.com.br\/blogosfera\/wp-json\/wp\/v2\/tags?post=79838"}],"curies":[{"name":"wp","href":"https:\/\/api.w.org\/{rel}","templated":true}]}}