{"id":79875,"date":"2026-03-25T19:00:31","date_gmt":"2026-03-25T22:00:31","guid":{"rendered":"https:\/\/redept.com.br\/blogosfera\/premie-da-dinamarca-renuncia-horas-depois-de-vitoria-apertada-nas-eleicoes\/"},"modified":"2026-03-25T19:00:31","modified_gmt":"2026-03-25T22:00:31","slug":"premie-da-dinamarca-renuncia-horas-depois-de-vitoria-apertada-nas-eleicoes","status":"publish","type":"post","link":"https:\/\/redept.com.br\/blogosfera\/premie-da-dinamarca-renuncia-horas-depois-de-vitoria-apertada-nas-eleicoes\/","title":{"rendered":"Pr\u00eamie da Dinamarca renuncia horas depois de vit\u00f3ria apertada nas elei\u00e7\u00f5es"},"content":{"rendered":"<p>Mette Frederiksen anunciou nesta quarta-feira (25\/03) sua ren\u00fancia ao cargo de primeira ministra da Dinamarca.<\/p>\n<p>A decis\u00e3o foi tomada horas depois de uma reuni\u00e3o no pal\u00e1cio real dinamarqu\u00eas com o monarca Frederik 10\u00ba, em que se discutiu os resultados das elei\u00e7\u00f5es gerais no pa\u00eds, realizadas nesta ter\u00e7a-feira (24\/03).<\/p>\n<p>Segundo o \u00f3rg\u00e3o eleitoral da Dinamarca, o partido Socialdemocratas, liderado por Frederiksen, obteve a maior bancada, al conquistar 21% dos votos, essa cifra permitiu eleger apenas 38 representantes no Parlamento do pa\u00eds, 12 a menos que nas elei\u00e7\u00f5es anteriores, em 2022.<\/p>\n<p>Em termos de coaliz\u00e3o, os Socialdemocratas, junto com os demais partidos que apoiam o governo, obtiveram 84 cadeiras em um Parlamento que requer 90 votos para se alcan\u00e7ar uma maioria simples.<\/p>\n<p>Diante desse cen\u00e1rio, Frederiksen optou pela ren\u00fancia, deixando o cargo que ocupava desde junho de 2019.<\/p>\n<p>Em declara\u00e7\u00e3o dada pouco antes da ren\u00fancia, a l\u00edder social-democrata disse que \u201cesperava um resultado melhor\u201d, mas acrescentou que \u201cnada hoje me deixa triste, porque o nosso partido mostrou ser, mais uma vez, o favorito dos dinamarqueses\u201d.<\/p>\n<h3>Pr\u00f3ximos passos<\/h3>\n<p>Justamente por ter sido a mais votada no pleito, a legenda da agora ex-premi\u00ea ainda tem o direito de tentar formar maioria, caso indique outro l\u00edder da sigla que consiga negociar com os demais setores e formar uma maioria que sustente a nova administra\u00e7\u00e3o.<\/p>\n<figure aria-describedby=\"caption-attachment-250398\"><img fetchpriority=\"high\" decoding=\"async\"src=\"https:\/\/redept.com.br\/blogosfera\/wp-content\/uploads\/2026\/03\/mette.jpg\" alt=\"\" width=\"1024\" height=\"716\" srcset=\"https:\/\/redept.com.br\/blogosfera\/wp-content\/uploads\/2026\/03\/mette.jpg 1024w, https:\/\/operamundi.uol.com.br\/wp-content\/uploads\/2026\/03\/mette-300x210.jpg 300w, https:\/\/operamundi.uol.com.br\/wp-content\/uploads\/2026\/03\/mette-768x537.jpg 768w, https:\/\/operamundi.uol.com.br\/wp-content\/uploads\/2026\/03\/mette-150x105.jpg 150w, https:\/\/operamundi.uol.com.br\/wp-content\/uploads\/2026\/03\/mette-750x524.jpg 750w\" sizes=\"(max-width: 1024px) 100vw, 1024px\"><figcaption>Mette Frederiksen renunciou ao cargo de premi\u00ea da Dinamarca <br \/>Governo da Dinamarca<\/figcaption><\/figure>\n<p>Vale lembrar que a Frederiksen havia antecipado em alguns meses as elei\u00e7\u00f5es na Dinamarca, que costumam acontecer em junho \u2013 embora, em 2022, tenham ocorrido em novembro.<\/p>\n<p>Aquela decis\u00e3o ocorreu em meio \u00e0s tens\u00f5es geradas pelas amea\u00e7as dos Estados Unidos e seu presidente, Donald Trump, de invadir e tomar o controle do territ\u00f3rio da Groenl\u00e2ndia, que geograficamente faz parte das Am\u00e9ricas, mas politicamente pertencente ao pa\u00eds n\u00f3rdico europeu.<\/p>\n<p>Com informa\u00e7\u00f5es de <em>The Guardian<\/em>.<\/p>\n<p>O post Pr\u00eamie da Dinamarca renuncia horas depois de vit\u00f3ria apertada nas elei\u00e7\u00f5es apareceu primeiro em Opera Mundi.<\/p>\n<!-- Begin Yuzo --><div class='yuzo_related_post style-1'  data-version='5.12.89'><!-- without result --><div class='yuzo_clearfixed yuzo__title yuzo__title'><h3>Related Post<\/h3><\/div>\n\t\t\t\t\t\t  <div class=\"relatedthumb \" style=\"width:125px;float:left;overflow:hidden;\">  \n\t\t\t\t\t\t\t  \n\t\t\t\t\t\t\t  <a  href=\"https:\/\/redept.com.br\/blogosfera\/escola-de-cinema-no-campo-fomenta-producao-audiovisual-feita-por-camponeses-do-mst-no-para\/\"  >\n\t\t\t\t\t\t\t\t\t  <div class=\"yuzo-img-wrap \" style=\"width: 125px;height:90px;\">\n\t\t\t\t\t\t\t\t\t\t\n\t\t\t\t\t\t\t\t\t\t<div class=\"yuzo-img\" style=\"background:url('https:\/\/redept.org\/blogosfera\/wp-content\/plugins\/yuzo-related-post\/assets\/images\/default.png') 50% 50% no-repeat;width: 125px;height:90px;margin-bottom: 5px;background-size: cover; \"><\/div>\n\t\t\t\t\t\t\t\t\t  <\/div>\n\t\t\t\t\t\t\t\t\t  \n\t\t\t\t\t\t\t\t   <span class=\"yuzo__text--title\" style=\"font-size:13px;\">Escola de Cinema no Campo fomenta produ\u00e7\u00e3o audiovi...<\/span>\n\t\t\t\t\t\t\t  \n\t\t\t\t\t\t\t  \n\t\t\t\t\t\t\t  <\/a>\n\n\t\t\t\t\t\t  <\/div>\n\t\t\t\t\t\t  <div class=\"relatedthumb \" style=\"width:125px;float:left;overflow:hidden;\">  \n\t\t\t\t\t\t\t  \n\t\t\t\t\t\t\t  <a  href=\"https:\/\/redept.com.br\/blogosfera\/ira-forma-conselho-interino-para-governar-pais-guarda-revolucionaria-tem-novo-comandante\/\"  >\n\t\t\t\t\t\t\t\t\t  <div class=\"yuzo-img-wrap \" style=\"width: 125px;height:90px;\">\n\t\t\t\t\t\t\t\t\t\t\n\t\t\t\t\t\t\t\t\t\t<div class=\"yuzo-img\" style=\"background:url('https:\/\/redept.org\/blogosfera\/wp-content\/plugins\/yuzo-related-post\/assets\/images\/default.png') 50% 50% no-repeat;width: 125px;height:90px;margin-bottom: 5px;background-size: cover; \"><\/div>\n\t\t\t\t\t\t\t\t\t  <\/div>\n\t\t\t\t\t\t\t\t\t  \n\t\t\t\t\t\t\t\t   <span class=\"yuzo__text--title\" style=\"font-size:13px;\">Ir\u00e3 forma conselho interino para governar pa\u00eds; gu...<\/span>\n\t\t\t\t\t\t\t  \n\t\t\t\t\t\t\t  \n\t\t\t\t\t\t\t  <\/a>\n\n\t\t\t\t\t\t  <\/div>\n\t\t\t\t\t\t  <div class=\"relatedthumb \" style=\"width:125px;float:left;overflow:hidden;\">  \n\t\t\t\t\t\t\t  \n\t\t\t\t\t\t\t  <a  href=\"https:\/\/redept.com.br\/blogosfera\/fraudes-no-programa-universidade-gratuita-demonstram-o-problema-da-mercadorizacao-da-educacao-em-santa-catarina\/\"  >\n\t\t\t\t\t\t\t\t\t  <div class=\"yuzo-img-wrap \" style=\"width: 125px;height:90px;\">\n\t\t\t\t\t\t\t\t\t\t\n\t\t\t\t\t\t\t\t\t\t<div class=\"yuzo-img\" style=\"background:url('https:\/\/redept.com.br\/blogosfera\/wp-content\/uploads\/2025\/08\/e75f3211-562d-4964-a757-82f47f483f55-150x150.jpg') 50% 50% no-repeat;width: 125px;height:90px;margin-bottom: 5px;background-size: cover; \"><\/div>\n\t\t\t\t\t\t\t\t\t  <\/div>\n\t\t\t\t\t\t\t\t\t  \n\t\t\t\t\t\t\t\t   <span class=\"yuzo__text--title\" style=\"font-size:13px;\">Fraudes no programa Universidade gratuita demonstr...<\/span>\n\t\t\t\t\t\t\t  \n\t\t\t\t\t\t\t  \n\t\t\t\t\t\t\t  <\/a>\n\n\t\t\t\t\t\t  <\/div>\n\t\t\t\t\t\t  <div class=\"relatedthumb \" style=\"width:125px;float:left;overflow:hidden;\">  \n\t\t\t\t\t\t\t  \n\t\t\t\t\t\t\t  <a  href=\"https:\/\/redept.com.br\/blogosfera\/gilmar-pede-que-pgr-investigue-alessandro-vieira-por-abuso-de-poder\/\"  >\n\t\t\t\t\t\t\t\t\t  <div class=\"yuzo-img-wrap \" style=\"width: 125px;height:90px;\">\n\t\t\t\t\t\t\t\t\t\t\n\t\t\t\t\t\t\t\t\t\t<div class=\"yuzo-img\" style=\"background:url('https:\/\/redept.org\/blogosfera\/wp-content\/plugins\/yuzo-related-post\/assets\/images\/default.png') 50% 50% no-repeat;width: 125px;height:90px;margin-bottom: 5px;background-size: cover; \"><\/div>\n\t\t\t\t\t\t\t\t\t  <\/div>\n\t\t\t\t\t\t\t\t\t  \n\t\t\t\t\t\t\t\t   <span class=\"yuzo__text--title\" style=\"font-size:13px;\">Gilmar pede que PGR investigue Alessandro Vieira p...<\/span>\n\t\t\t\t\t\t\t  \n\t\t\t\t\t\t\t  \n\t\t\t\t\t\t\t  <\/a>\n\n\t\t\t\t\t\t  <\/div>\n<\/div> <script>\n\t\t\t\t\t\t  jQuery(document).ready(function( $ ){\n\t\t\t\t\t\t\t\/\/jQuery('.yuzo_related_post').equalizer({ overflow : 'relatedthumb' });\n\t\t\t\t\t\t\tjQuery('.yuzo_related_post .yuzo_wraps').equalizer({ columns : '> div' });\n\t\t\t\t\t\t   })\n\t\t\t\t\t\t  <\/script> <!-- End Yuzo :) -->","protected":false},"excerpt":{"rendered":"<p>Mette Frederiksen anunciou nesta quarta-feira (25\/03) sua ren\u00fancia ao cargo de primeira ministra da Dinamarca. A decis\u00e3o foi tomada horas depois de uma reuni\u00e3o no pal\u00e1cio real dinamarqu\u00eas com o monarca Frederik 10\u00ba, em que se discutiu os resultados das elei\u00e7\u00f5es gerais no pa\u00eds, realizadas nesta ter\u00e7a-feira (24\/03). Segundo o \u00f3rg\u00e3o eleitoral da Dinamarca, o [\u2026]<\/p>\n<p>O post <a href=\"https:\/\/operamundi.uol.com.br\/europa\/premie-da-dinamarca-renuncia-horas-depois-de-vitoria-apertada-nas-eleicoes\/\">Pr\u00eamie da Dinamarca renuncia horas depois de vit\u00f3ria apertada nas elei\u00e7\u00f5es<\/a> apareceu primeiro em <a href=\"https:\/\/operamundi.uol.com.br\/\">Opera Mundi<\/a>.<\/p>\n","protected":false},"author":2,"featured_media":79876,"comment_status":"closed","ping_status":"closed","sticky":false,"template":"","format":"standard","meta":{"fifu_image_url":"","fifu_image_alt":"","footnotes":""},"categories":[3425,9,40,40596,4094,32916,3791,1453],"tags":[],"class_list":["post-79875","post","type-post","status-publish","format-standard","has-post-thumbnail","hentry","category-dinamarca","category-eua","category-europa","category-frederik-10o","category-groenlandia","category-mette-frederiksen","category-socialdemocratas","category-trump"],"_links":{"self":[{"href":"https:\/\/redept.com.br\/blogosfera\/wp-json\/wp\/v2\/posts\/79875","targetHints":{"allow":["GET"]}}],"collection":[{"href":"https:\/\/redept.com.br\/blogosfera\/wp-json\/wp\/v2\/posts"}],"about":[{"href":"https:\/\/redept.com.br\/blogosfera\/wp-json\/wp\/v2\/types\/post"}],"author":[{"embeddable":true,"href":"https:\/\/redept.com.br\/blogosfera\/wp-json\/wp\/v2\/users\/2"}],"replies":[{"embeddable":true,"href":"https:\/\/redept.com.br\/blogosfera\/wp-json\/wp\/v2\/comments?post=79875"}],"version-history":[{"count":0,"href":"https:\/\/redept.com.br\/blogosfera\/wp-json\/wp\/v2\/posts\/79875\/revisions"}],"wp:featuredmedia":[{"embeddable":true,"href":"https:\/\/redept.com.br\/blogosfera\/wp-json\/wp\/v2\/media\/79876"}],"wp:attachment":[{"href":"https:\/\/redept.com.br\/blogosfera\/wp-json\/wp\/v2\/media?parent=79875"}],"wp:term":[{"taxonomy":"category","embeddable":true,"href":"https:\/\/redept.com.br\/blogosfera\/wp-json\/wp\/v2\/categories?post=79875"},{"taxonomy":"post_tag","embeddable":true,"href":"https:\/\/redept.com.br\/blogosfera\/wp-json\/wp\/v2\/tags?post=79875"}],"curies":[{"name":"wp","href":"https:\/\/api.w.org\/{rel}","templated":true}]}}