{"id":79902,"date":"2026-03-26T11:27:05","date_gmt":"2026-03-26T14:27:05","guid":{"rendered":"https:\/\/redept.com.br\/blogosfera\/onu-apresenta-plano-emergencial-para-enfrentar-crise-energetica-e-humanitaria-em-cuba\/"},"modified":"2026-03-26T11:27:05","modified_gmt":"2026-03-26T14:27:05","slug":"onu-apresenta-plano-emergencial-para-enfrentar-crise-energetica-e-humanitaria-em-cuba","status":"publish","type":"post","link":"https:\/\/redept.com.br\/blogosfera\/onu-apresenta-plano-emergencial-para-enfrentar-crise-energetica-e-humanitaria-em-cuba\/","title":{"rendered":"ONU apresenta plano emergencial para enfrentar crise energ\u00e9tica e humanit\u00e1ria em Cuba"},"content":{"rendered":"<p>O Sistema da Organiza\u00e7\u00e3o das Na\u00e7\u00f5es Unidas, em coordena\u00e7\u00e3o com o Escrit\u00f3rio de Coordena\u00e7\u00e3o de Assuntos Humanit\u00e1rios (OCHA), apresentou um Plano de A\u00e7\u00e3o Ampliado destinado a mitigar os efeitos da profunda asfixia energ\u00e9tica que Cuba enfrenta, na quarta-feira (25), em Havana. A iniciativa inclui o fornecimento de combust\u00edvel e busca atender necessidades urgentes e manter [\u2026]<\/p>\n<p><a href=\"https:\/\/www.brasildefato.com.br\/2026\/03\/26\/onu-apresenta-plano-emergencial-para-enfrentar-crise-energetica-e-humanitaria-em-cuba\/\" rel=\"nofollow\">Fonte<\/a><\/p>\n<!-- Begin Yuzo --><div class='yuzo_related_post style-1'  data-version='5.12.89'><!-- without result --><div class='yuzo_clearfixed yuzo__title yuzo__title'><h3>Related Post<\/h3><\/div>\n\t\t\t\t\t\t  <div class=\"relatedthumb \" style=\"width:125px;float:left;overflow:hidden;\">  \n\t\t\t\t\t\t\t  \n\t\t\t\t\t\t\t  <a  href=\"https:\/\/redept.com.br\/blogosfera\/debate-sobre-tarifa-zero-no-transporte-publico-avanca-no-rio-grande-do-sul\/\"  >\n\t\t\t\t\t\t\t\t\t  <div class=\"yuzo-img-wrap \" style=\"width: 125px;height:90px;\">\n\t\t\t\t\t\t\t\t\t\t\n\t\t\t\t\t\t\t\t\t\t<div class=\"yuzo-img\" style=\"background:url('https:\/\/redept.com.br\/blogosfera\/wp-content\/uploads\/2025\/03\/image-11-150x128.png') 50% 50% no-repeat;width: 125px;height:90px;margin-bottom: 5px;background-size: cover; \"><\/div>\n\t\t\t\t\t\t\t\t\t  <\/div>\n\t\t\t\t\t\t\t\t\t  \n\t\t\t\t\t\t\t\t   <span class=\"yuzo__text--title\" style=\"font-size:13px;\">Debate sobre tarifa zero no transporte p\u00fablico ava...<\/span>\n\t\t\t\t\t\t\t  \n\t\t\t\t\t\t\t  \n\t\t\t\t\t\t\t  <\/a>\n\n\t\t\t\t\t\t  <\/div>\n\t\t\t\t\t\t  <div class=\"relatedthumb \" style=\"width:125px;float:left;overflow:hidden;\">  \n\t\t\t\t\t\t\t  \n\t\t\t\t\t\t\t  <a  href=\"https:\/\/redept.com.br\/blogosfera\/flavio-bolsonaro-emitiu-r-15-milhao-em-notas-para-empresas-ligadas-a-daniel-vorcaro\/\"  >\n\t\t\t\t\t\t\t\t\t  <div class=\"yuzo-img-wrap \" style=\"width: 125px;height:90px;\">\n\t\t\t\t\t\t\t\t\t\t\n\t\t\t\t\t\t\t\t\t\t<div class=\"yuzo-img\" style=\"background:url('https:\/\/redept.org\/blogosfera\/wp-content\/plugins\/yuzo-related-post\/assets\/images\/default.png') 50% 50% no-repeat;width: 125px;height:90px;margin-bottom: 5px;background-size: cover; \"><\/div>\n\t\t\t\t\t\t\t\t\t  <\/div>\n\t\t\t\t\t\t\t\t\t  \n\t\t\t\t\t\t\t\t   <span class=\"yuzo__text--title\" style=\"font-size:13px;\">Fl\u00e1vio Bolsonaro emitiu R$ 1,5 milh\u00e3o em notas par...<\/span>\n\t\t\t\t\t\t\t  \n\t\t\t\t\t\t\t  \n\t\t\t\t\t\t\t  <\/a>\n\n\t\t\t\t\t\t  <\/div>\n\t\t\t\t\t\t  <div class=\"relatedthumb \" style=\"width:125px;float:left;overflow:hidden;\">  \n\t\t\t\t\t\t\t  \n\t\t\t\t\t\t\t  <a  href=\"https:\/\/redept.com.br\/blogosfera\/coletivo-judias-e-judeus-pela-democracia-lanca-abaixo-assinado-contra-limpeza-etnica-em-gaza\/\"  >\n\t\t\t\t\t\t\t\t\t  <div class=\"yuzo-img-wrap \" style=\"width: 125px;height:90px;\">\n\t\t\t\t\t\t\t\t\t\t\n\t\t\t\t\t\t\t\t\t\t<div class=\"yuzo-img\" style=\"background:url('https:\/\/redept.com.br\/blogosfera\/wp-content\/uploads\/2025\/02\/whatsapp-image-2025-02-18-at-12.26.02-150x150.jpeg') 50% 50% no-repeat;width: 125px;height:90px;margin-bottom: 5px;background-size: cover; \"><\/div>\n\t\t\t\t\t\t\t\t\t  <\/div>\n\t\t\t\t\t\t\t\t\t  \n\t\t\t\t\t\t\t\t   <span class=\"yuzo__text--title\" style=\"font-size:13px;\">Coletivo Judias e Judeus pela Democracia lan\u00e7a aba...<\/span>\n\t\t\t\t\t\t\t  \n\t\t\t\t\t\t\t  \n\t\t\t\t\t\t\t  <\/a>\n\n\t\t\t\t\t\t  <\/div>\n\t\t\t\t\t\t  <div class=\"relatedthumb \" style=\"width:125px;float:left;overflow:hidden;\">  \n\t\t\t\t\t\t\t  \n\t\t\t\t\t\t\t  <a  href=\"https:\/\/redept.com.br\/blogosfera\/orcamento-de-2025-e-aprovado-pelo-congresso-nacional\/\"  >\n\t\t\t\t\t\t\t\t\t  <div class=\"yuzo-img-wrap \" style=\"width: 125px;height:90px;\">\n\t\t\t\t\t\t\t\t\t\t\n\t\t\t\t\t\t\t\t\t\t<div class=\"yuzo-img\" style=\"background:url('https:\/\/redept.org\/blogosfera\/wp-content\/plugins\/yuzo-related-post\/assets\/images\/default.png') 50% 50% no-repeat;width: 125px;height:90px;margin-bottom: 5px;background-size: cover; \"><\/div>\n\t\t\t\t\t\t\t\t\t  <\/div>\n\t\t\t\t\t\t\t\t\t  \n\t\t\t\t\t\t\t\t   <span class=\"yuzo__text--title\" style=\"font-size:13px;\">Or\u00e7amento de 2025 \u00e9 aprovado pelo Congresso Nacion...<\/span>\n\t\t\t\t\t\t\t  \n\t\t\t\t\t\t\t  \n\t\t\t\t\t\t\t  <\/a>\n\n\t\t\t\t\t\t  <\/div>\n<\/div> <script>\n\t\t\t\t\t\t  jQuery(document).ready(function( $ ){\n\t\t\t\t\t\t\t\/\/jQuery('.yuzo_related_post').equalizer({ overflow : 'relatedthumb' });\n\t\t\t\t\t\t\tjQuery('.yuzo_related_post .yuzo_wraps').equalizer({ columns : '> div' });\n\t\t\t\t\t\t   })\n\t\t\t\t\t\t  <\/script> <!-- End Yuzo :) -->","protected":false},"excerpt":{"rendered":"<p>O Sistema da Organiza\u00e7\u00e3o das Na\u00e7\u00f5es Unidas, em coordena\u00e7\u00e3o com o Escrit\u00f3rio de Coordena\u00e7\u00e3o de Assuntos Humanit\u00e1rios (OCHA), apresentou um Plano de A\u00e7\u00e3o Ampliado destinado a mitigar os efeitos da profunda asfixia energ\u00e9tica que Cuba enfrenta, na quarta-feira (25), em Havana. A iniciativa inclui o fornecimento de combust\u00edvel e busca atender necessidades urgentes e manter [&hellip;]<\/p>\n","protected":false},"author":2,"featured_media":0,"comment_status":"open","ping_status":"closed","sticky":false,"template":"","format":"standard","meta":{"fifu_image_url":"","fifu_image_alt":"","footnotes":""},"categories":[4084,347,40679,4016,3366,7493,2400,35514,1426,4129,1185,307,8223,40680,40681,394,40682,38239,26833,1312,50,28558,267,40683,2827,40684,294,753,21321,875,39446,4211],"tags":[],"class_list":["post-79902","post","type-post","status-publish","format-standard","hentry","category-ajuda-humanitaria","category-america-latina","category-assistencia-internacional","category-bloqueio-economico","category-caribe","category-combustivel","category-cooperacao-internacional","category-crise-em-cuba","category-crise-energetica","category-crise-humanitaria","category-cuba","category-direitos-humanos","category-embargo","category-escassez-de-combustivel","category-escassez-de-energia","category-estados-unidos","category-financiamento-humanitario","category-francisco-pichon","category-furacao-melissa","category-geopolitica","category-internacional","category-ocha","category-onu","category-onu-em-cuba","category-petroleo","category-plano-de-acao","category-sancoes","category-saude-publica","category-servicos-essenciais","category-tedros-adhanom","category-violacao-do-direito-internacional","category-vulnerabilidade"],"_links":{"self":[{"href":"https:\/\/redept.com.br\/blogosfera\/wp-json\/wp\/v2\/posts\/79902","targetHints":{"allow":["GET"]}}],"collection":[{"href":"https:\/\/redept.com.br\/blogosfera\/wp-json\/wp\/v2\/posts"}],"about":[{"href":"https:\/\/redept.com.br\/blogosfera\/wp-json\/wp\/v2\/types\/post"}],"author":[{"embeddable":true,"href":"https:\/\/redept.com.br\/blogosfera\/wp-json\/wp\/v2\/users\/2"}],"replies":[{"embeddable":true,"href":"https:\/\/redept.com.br\/blogosfera\/wp-json\/wp\/v2\/comments?post=79902"}],"version-history":[{"count":0,"href":"https:\/\/redept.com.br\/blogosfera\/wp-json\/wp\/v2\/posts\/79902\/revisions"}],"wp:attachment":[{"href":"https:\/\/redept.com.br\/blogosfera\/wp-json\/wp\/v2\/media?parent=79902"}],"wp:term":[{"taxonomy":"category","embeddable":true,"href":"https:\/\/redept.com.br\/blogosfera\/wp-json\/wp\/v2\/categories?post=79902"},{"taxonomy":"post_tag","embeddable":true,"href":"https:\/\/redept.com.br\/blogosfera\/wp-json\/wp\/v2\/tags?post=79902"}],"curies":[{"name":"wp","href":"https:\/\/api.w.org\/{rel}","templated":true}]}}