{"id":79934,"date":"2026-03-26T13:05:11","date_gmt":"2026-03-26T16:05:11","guid":{"rendered":"https:\/\/redept.com.br\/blogosfera\/apos-acoes-do-governo-caminhoneiros-descartam-greve\/"},"modified":"2026-03-26T13:05:11","modified_gmt":"2026-03-26T16:05:11","slug":"apos-acoes-do-governo-caminhoneiros-descartam-greve","status":"publish","type":"post","link":"https:\/\/redept.com.br\/blogosfera\/apos-acoes-do-governo-caminhoneiros-descartam-greve\/","title":{"rendered":"Ap\u00f3s a\u00e7\u00f5es do governo, caminhoneiros descartam greve"},"content":{"rendered":"<p><strong>A edi\u00e7\u00e3o da\u00a0<a href=\"https:\/\/pesquisa.in.gov.br\/imprensa\/jsp\/visualiza\/index.jsp?jornal=600&amp;pagina=1&amp;data=19\/03\/2026&amp;totalArquivos=1\" target=\"_blank\" rel=\"noreferrer noopener nofollow\">Medida Provis\u00f3ria 1.343\/2026<\/a>, publicada nesta quarta-feira (25), e das\u00a0<a href=\"https:\/\/www.in.gov.br\/en\/web\/dou\/-\/resolucao-antt-n-6.078-de-24-de-marco-de-2026-695432632\" target=\"_blank\" rel=\"noreferrer noopener nofollow\">Resolu\u00e7\u00f5es\u00a06.078\/2026<\/a>\u00a0e\u00a0<a href=\"https:\/\/www.in.gov.br\/web\/dou\/-\/resolucao-antt-n-6.077-de-24-de-marco-de-2026-695432497\" target=\"_blank\" rel=\"noreferrer noopener nofollow\">6.077\/2026<\/a>\u00a0da Ag\u00eancia Nacional de Transporte Terrestre (ANTT) criam regras e instrumentos para obrigar o pagamento do <a href=\"https:\/\/tvtnews.com.br\/governo-endurece-fiscalizacao-do-frete-minimo-dos-caminhoneiros\/\">piso m\u00ednimo do valor do frete<\/a> pago aos caminhoneiros.<\/strong> Leia em\u00a0<strong><a href=\"https:\/\/tvtnews.com.br\/\">TVT News<\/a><\/strong>.<\/p>\n<p>As medidas s\u00e3o uma reinvindica\u00e7\u00e3o da categoria desde 2018, quando houve\u00a0paralisa\u00e7\u00e3o nacional de dez dias.\u00a0As iniciativas do governo fizeram os caminhoneiros reverem\u00a0a decis\u00e3o de fazer nova paralisa\u00e7\u00e3o nacional, anunciada em reuni\u00e3o da categoria ocorrida em Santos (SP), em meados de mar\u00e7o.<\/p>\n<p><strong>Em detalhe, a Resolu\u00e7\u00e3o\u00a06.077 estabelece san\u00e7\u00f5es progressivas a empresas e contratantes de fretes que desrespeitarem a lei do piso m\u00ednimo do transporte rodovi\u00e1rio de carga.<\/strong><\/p>\n<p><a href=\"https:\/\/chat.whatsapp.com\/HC8TJaWXK8t4wNAG0oRwZI?mode=gi_t\" target=\"_blank\" rel=\"noreferrer noopener nofollow\">&gt;&gt; Siga o grupo da\u00a0<strong>TVT News\u00a0<\/strong>no WhatsApp<\/a><\/p>\n<p><strong>J\u00e1 a\u00a0Resolu\u00e7\u00e3o\u00a06.078 impede a emiss\u00e3o do C\u00f3digo Identificador da Opera\u00e7\u00e3o de Transporte, conhecido pela sigla Ciot, quando o frete contratado estiver abaixo do piso. Sem esse registro, o transporte \u00e9 ilegal e n\u00e3o pode circular.<\/strong><\/p>\n<p>As duas resolu\u00e7\u00f5es\u00a0<a href=\"https:\/\/legis.senado.leg.br\/sdleg-getter\/documento?dm=10185332&amp;ts=1774474386028&amp;disposition=inline\" target=\"_blank\" rel=\"noreferrer noopener nofollow\">operacionalizam a MP\u00a01.343<\/a>, que est\u00e1 em vigor enquanto tramita no Congresso Nacional. A validade inicial das medidas provis\u00f3rias \u00e9 de 60 dias, podendo ser prorrogada por prazo igual. A MP caduca na segunda metade de julho se n\u00e3o for votada, separadamente, por deputados e senadores.<\/p>\n<h2>Piso<\/h2>\n<p>O valor m\u00ednimo a ser pago por\u00a0transporte, carga e descarga varia conforme o tamanho do caminh\u00e3o (n\u00famero de eixos); o volume da carga; o tipo de material transportado (granel s\u00f3lido ou l\u00edquido); a temperatura (frigorificada ou aquecida); e o acondicionamento (em cont\u00eainer ou n\u00e3o).<\/p>\n<p><strong>O governo garantiu que os valores ser\u00e3o ajustados quando houver varia\u00e7\u00e3o igual ou superior a 5% no pre\u00e7o do diesel, como prev\u00ea legisla\u00e7\u00e3o.<\/strong><\/p>\n<p>Segundo o presidente do Sindicato dos Transportadores Aut\u00f4nomos da Baixada Santista e Vale do Ribeira, Luciano Santos, quando h\u00e1 di\u00e1logo e a categoria \u00e9 atendida, n\u00e3o h\u00e1 motivo para greve.<\/p>\n<blockquote>\n<p>\u201cO caminhoneiro quer trabalhar, mas precisa de regra sendo cumprida. O piso m\u00ednimo \u00e9 vida, \u00e9 o que garante dignidade e qualidade de vida na estrada\u201d, destacou Santos.<\/p>\n<\/blockquote>\n<h2>Sem diesel e sem arroz<\/h2>\n<p>O representante dos caminhoneiros participou hoje de reuni\u00e3o em Bras\u00edlia com o diretor-geral da ANTT, Guilherme Theo Sampaio, e com o ministro chefe da Secretaria-Geral da Presid\u00eancia da Rep\u00fablica, Guilherme Boulos.<\/p>\n<p>Sampaio destacou que a MP e as resolu\u00e7\u00f5es incrementaram a capacidade de fiscaliza\u00e7\u00e3o do transporte rodovi\u00e1rio de cargas e que a ANTT aumentou em vinte vezes (2.000%) o n\u00famero de opera\u00e7\u00f5es nas estradas. O que, al\u00e9m de atender os caminhoneiros, permitir\u00e1 rastrear outras irregularidades como sonega\u00e7\u00e3o de tributos e lavagem de capital de origem criminosa.<\/p>\n<blockquote>\n<p>\u201cSe h\u00e1 sonega\u00e7\u00e3o e lavagem de dinheiro, n\u00f3s seguimos o fluxo do dinheiro para descobrir tamb\u00e9m o descumprimento da tabela. N\u00f3s vamos seguir o fluxo da carga para realmente dar efetividade e complementa\u00e7\u00e3o de intelig\u00eancia.\u201d<\/p>\n<\/blockquote>\n<p>Boulos ressalta que\u00a0os caminhoneiros \u201cmovem o Brasil\u201d e sem o trabalho deles \u201cn\u00e3o chega combust\u00edvel no posto de nenhuma cidade, sem os caminhoneiros n\u00e3o chega arroz na prateleira de nenhum mercado.\u201d Por isso, de acordo com o ministro, o governo se comprometeu a \u201cmanter uma mesa de di\u00e1logo com os caminhoneiros\u201d e mobilizar a\u00a0bancada de parlamentares \u201cpara que n\u00e3o tenha nenhum retrocesso na medida provis\u00f3ria.\u201d<\/p>\n<p><em>Gilberto Costa \u2013 Rep\u00f3rter da <a href=\"https:\/\/agenciabrasil.ebc.com.br\/politica\/noticia\/2026-03\/apos-mp-e-resolucoes-caminhoneiros-descartam-paralisacao-nacional\" target=\"_blank\" rel=\"noopener noreferrer nofollow\">Ag\u00eancia Brasil<\/a><\/em><\/p>\n<p>The post <a rel=\"nofollow\" href=\"https:\/\/tvtnews.com.br\/apos-acoes-do-governo-caminhoneiros-descartam-greve\/\">Ap\u00f3s a\u00e7\u00f5es do governo, caminhoneiros descartam greve<\/a> appeared first on <a rel=\"nofollow\" href=\"https:\/\/tvtnews.com.br\/\">TVT News<\/a>.<\/p>\n<!-- Begin Yuzo --><div class='yuzo_related_post style-1'  data-version='5.12.89'><!-- without result --><div class='yuzo_clearfixed yuzo__title yuzo__title'><h3>Related Post<\/h3><\/div>\n\t\t\t\t\t\t  <div class=\"relatedthumb \" style=\"width:125px;float:left;overflow:hidden;\">  \n\t\t\t\t\t\t\t  \n\t\t\t\t\t\t\t  <a  href=\"https:\/\/redept.com.br\/blogosfera\/apresentacao-do-novo-plano-clima-e-uma-excelente-noticia-embora-precise-de-mais-ambicao-diz-analista\/\"  >\n\t\t\t\t\t\t\t\t\t  <div class=\"yuzo-img-wrap \" style=\"width: 125px;height:90px;\">\n\t\t\t\t\t\t\t\t\t\t\n\t\t\t\t\t\t\t\t\t\t<div class=\"yuzo-img\" style=\"background:url('https:\/\/redept.org\/blogosfera\/wp-content\/plugins\/yuzo-related-post\/assets\/images\/default.png') 50% 50% no-repeat;width: 125px;height:90px;margin-bottom: 5px;background-size: cover; \"><\/div>\n\t\t\t\t\t\t\t\t\t  <\/div>\n\t\t\t\t\t\t\t\t\t  \n\t\t\t\t\t\t\t\t   <span class=\"yuzo__text--title\" style=\"font-size:13px;\">Apresenta\u00e7\u00e3o do novo Plano Clima \u00e9 uma \u2018excelente ...<\/span>\n\t\t\t\t\t\t\t  \n\t\t\t\t\t\t\t  \n\t\t\t\t\t\t\t  <\/a>\n\n\t\t\t\t\t\t  <\/div>\n\t\t\t\t\t\t  <div class=\"relatedthumb \" style=\"width:125px;float:left;overflow:hidden;\">  \n\t\t\t\t\t\t\t  \n\t\t\t\t\t\t\t  <a  href=\"https:\/\/redept.com.br\/blogosfera\/apos-eua-suspenderem-sancoes-bancarias-presidenta-da-venezuela-recebe-delegacao-de-trump-e-pede-fim-de-sancoes-petroleiras\/\"  >\n\t\t\t\t\t\t\t\t\t  <div class=\"yuzo-img-wrap \" style=\"width: 125px;height:90px;\">\n\t\t\t\t\t\t\t\t\t\t\n\t\t\t\t\t\t\t\t\t\t<div class=\"yuzo-img\" style=\"background:url('https:\/\/redept.org\/blogosfera\/wp-content\/plugins\/yuzo-related-post\/assets\/images\/default.png') 50% 50% no-repeat;width: 125px;height:90px;margin-bottom: 5px;background-size: cover; \"><\/div>\n\t\t\t\t\t\t\t\t\t  <\/div>\n\t\t\t\t\t\t\t\t\t  \n\t\t\t\t\t\t\t\t   <span class=\"yuzo__text--title\" style=\"font-size:13px;\">Ap\u00f3s EUA suspenderem san\u00e7\u00f5es banc\u00e1rias, presidenta...<\/span>\n\t\t\t\t\t\t\t  \n\t\t\t\t\t\t\t  \n\t\t\t\t\t\t\t  <\/a>\n\n\t\t\t\t\t\t  <\/div>\n\t\t\t\t\t\t  <div class=\"relatedthumb \" style=\"width:125px;float:left;overflow:hidden;\">  \n\t\t\t\t\t\t\t  \n\t\t\t\t\t\t\t  <a  href=\"https:\/\/redept.com.br\/blogosfera\/guerra-a-vista-trump-quer-a-groenlandia-entenda\/\"  >\n\t\t\t\t\t\t\t\t\t  <div class=\"yuzo-img-wrap \" style=\"width: 125px;height:90px;\">\n\t\t\t\t\t\t\t\t\t\t\n\t\t\t\t\t\t\t\t\t\t<div class=\"yuzo-img\" style=\"background:url('https:\/\/redept.com.br\/blogosfera\/wp-content\/uploads\/2025\/01\/trump-groenlandia-150x150.jpg') 50% 50% no-repeat;width: 125px;height:90px;margin-bottom: 5px;background-size: cover; \"><\/div>\n\t\t\t\t\t\t\t\t\t  <\/div>\n\t\t\t\t\t\t\t\t\t  \n\t\t\t\t\t\t\t\t   <span class=\"yuzo__text--title\" style=\"font-size:13px;\">Guerra \u00e0 vista? Trump quer a Groenl\u00e2ndia. Entenda...<\/span>\n\t\t\t\t\t\t\t  \n\t\t\t\t\t\t\t  \n\t\t\t\t\t\t\t  <\/a>\n\n\t\t\t\t\t\t  <\/div>\n\t\t\t\t\t\t  <div class=\"relatedthumb \" style=\"width:125px;float:left;overflow:hidden;\">  \n\t\t\t\t\t\t\t  \n\t\t\t\t\t\t\t  <a  href=\"https:\/\/redept.com.br\/blogosfera\/justica-manda-x-remover-postagem-de-nikolas-ferreira-que-associa-o-pt-ao-trafico\/\"  >\n\t\t\t\t\t\t\t\t\t  <div class=\"yuzo-img-wrap \" style=\"width: 125px;height:90px;\">\n\t\t\t\t\t\t\t\t\t\t\n\t\t\t\t\t\t\t\t\t\t<div class=\"yuzo-img\" style=\"background:url('https:\/\/redept.org\/blogosfera\/wp-content\/plugins\/yuzo-related-post\/assets\/images\/default.png') 50% 50% no-repeat;width: 125px;height:90px;margin-bottom: 5px;background-size: cover; \"><\/div>\n\t\t\t\t\t\t\t\t\t  <\/div>\n\t\t\t\t\t\t\t\t\t  \n\t\t\t\t\t\t\t\t   <span class=\"yuzo__text--title\" style=\"font-size:13px;\">Justi\u00e7a manda X remover postagem de Nikolas Ferrei...<\/span>\n\t\t\t\t\t\t\t  \n\t\t\t\t\t\t\t  \n\t\t\t\t\t\t\t  <\/a>\n\n\t\t\t\t\t\t  <\/div>\n<\/div> <script>\n\t\t\t\t\t\t  jQuery(document).ready(function( $ ){\n\t\t\t\t\t\t\t\/\/jQuery('.yuzo_related_post').equalizer({ overflow : 'relatedthumb' });\n\t\t\t\t\t\t\tjQuery('.yuzo_related_post .yuzo_wraps').equalizer({ columns : '> div' });\n\t\t\t\t\t\t   })\n\t\t\t\t\t\t  <\/script> <!-- End Yuzo :) -->","protected":false},"excerpt":{"rendered":"<p>A edi\u00e7\u00e3o da\u00a0Medida Provis\u00f3ria 1.343\/2026, publicada nesta quarta-feira (25), e das\u00a0Resolu\u00e7\u00f5es\u00a06.078\/2026\u00a0e\u00a06.077\/2026\u00a0da Ag\u00eancia Nacional de Transporte Terrestre (ANTT) criam regras e instrumentos para obrigar o pagamento do piso m\u00ednimo do valor do frete pago aos caminhoneiros. Leia em\u00a0TVT News. As medidas s\u00e3o uma reinvindica\u00e7\u00e3o da categoria desde 2018, quando houve\u00a0paralisa\u00e7\u00e3o nacional de dez dias.\u00a0As iniciativas do [&hellip;]<\/p>\n","protected":false},"author":2,"featured_media":0,"comment_status":"open","ping_status":"closed","sticky":false,"template":"","format":"standard","meta":{"fifu_image_url":"","fifu_image_alt":"","footnotes":""},"categories":[472,2827,61,2921],"tags":[],"class_list":["post-79934","post","type-post","status-publish","format-standard","hentry","category-destaque-ahome","category-petroleo","category-sociedade","category-transportes"],"_links":{"self":[{"href":"https:\/\/redept.com.br\/blogosfera\/wp-json\/wp\/v2\/posts\/79934","targetHints":{"allow":["GET"]}}],"collection":[{"href":"https:\/\/redept.com.br\/blogosfera\/wp-json\/wp\/v2\/posts"}],"about":[{"href":"https:\/\/redept.com.br\/blogosfera\/wp-json\/wp\/v2\/types\/post"}],"author":[{"embeddable":true,"href":"https:\/\/redept.com.br\/blogosfera\/wp-json\/wp\/v2\/users\/2"}],"replies":[{"embeddable":true,"href":"https:\/\/redept.com.br\/blogosfera\/wp-json\/wp\/v2\/comments?post=79934"}],"version-history":[{"count":0,"href":"https:\/\/redept.com.br\/blogosfera\/wp-json\/wp\/v2\/posts\/79934\/revisions"}],"wp:attachment":[{"href":"https:\/\/redept.com.br\/blogosfera\/wp-json\/wp\/v2\/media?parent=79934"}],"wp:term":[{"taxonomy":"category","embeddable":true,"href":"https:\/\/redept.com.br\/blogosfera\/wp-json\/wp\/v2\/categories?post=79934"},{"taxonomy":"post_tag","embeddable":true,"href":"https:\/\/redept.com.br\/blogosfera\/wp-json\/wp\/v2\/tags?post=79934"}],"curies":[{"name":"wp","href":"https:\/\/api.w.org\/{rel}","templated":true}]}}