{"id":79955,"date":"2026-03-26T13:56:31","date_gmt":"2026-03-26T16:56:31","guid":{"rendered":"https:\/\/redept.com.br\/blogosfera\/o-brasil-nao-teria-caca-supersonico-se-nao-fosse-por-dilma-rousseff-entenda\/"},"modified":"2026-03-26T13:56:31","modified_gmt":"2026-03-26T16:56:31","slug":"o-brasil-nao-teria-caca-supersonico-se-nao-fosse-por-dilma-rousseff-entenda","status":"publish","type":"post","link":"https:\/\/redept.com.br\/blogosfera\/o-brasil-nao-teria-caca-supersonico-se-nao-fosse-por-dilma-rousseff-entenda\/","title":{"rendered":"O Brasil n\u00e3o teria ca\u00e7a supers\u00f4nico se n\u00e3o fosse por Dilma Rousseff; entenda"},"content":{"rendered":"<p>A imagem da sombra da m\u00e3o esquerda de Lula na janela de um avi\u00e3o com o primeiro ca\u00e7a supers\u00f4nico produzido no pa\u00eds entra para hist\u00f3ria como s\u00edmbolo do avan\u00e7o tecnol\u00f3gico do pa\u00eds e, de quebra, sinaliza a preocupa\u00e7\u00e3o da atual gest\u00e3o com a moderniza\u00e7\u00e3o da For\u00e7a A\u00e9rea Brasileira.\u00a0<\/p>\n<p>O Gripen, <strong>primeiro ca\u00e7a supers\u00f4nico produzido por aqui<\/strong>, foi apresentado oficialmente nesta quarta-feira (25) no aer\u00f3dromo da Embraer em Gavi\u00e3o Peixoto (SP). O modelo,de 15,2 metros de comprimento e capaz de chegar 2.500 km\/h, levou quase tr\u00eas anos para sair do papel. Cerca de de 350 profissionais foram treinados no exterior para trabalhar no projeto, coloca o Brasil entre os pa\u00edses com capacidade de <strong>desenvolver e fabricar aeronaves de combate <\/strong>de alta complexidade, algo in\u00e9dito em toda a Am\u00e9rica Latina.<\/p>\n<p>\u201cEssa conquista refor\u00e7a a soberania brasileira e mostra a capacidade do nosso pa\u00eds de dominar tecnologias avan\u00e7adas, gerando conhecimento, empregos e desenvolvimento. \u00c9 o Brasil avan\u00e7ando com inova\u00e7\u00e3o, autonomia e orgulho\u201d, afirmou o presidente.\u00a0<\/p>\n<figure><img fetchpriority=\"high\" fetchpriority=\"high\" decoding=\"async\" width=\"1024\" height=\"577\"src=\"https:\/\/redept.com.br\/blogosfera\/wp-content\/uploads\/2026\/03\/caca_2-e1774455530580-1024x577-1.webp\" alt=\"\" srcset=\"https:\/\/redept.com.br\/blogosfera\/wp-content\/uploads\/2026\/03\/caca_2-e1774455530580-1024x577-1.webp 1024w, https:\/\/fpabramo.org.br\/wp-content\/uploads\/2026\/03\/caca_2-e1774455530580-1024x577-1-300x169.webp 300w, https:\/\/fpabramo.org.br\/wp-content\/uploads\/2026\/03\/caca_2-e1774455530580-1024x577-1-150x85.webp 150w, https:\/\/fpabramo.org.br\/wp-content\/uploads\/2026\/03\/caca_2-e1774455530580-1024x577-1-768x433.webp 768w\" sizes=\"(max-width: 1024px) 100vw, 1024px\"><\/figure>\n<p><em>Lula escoltado pelo primeiro ca\u00e7a supers\u00f4nico produzido no Brasil (Ricardo Stuckert)<\/em><\/p>\n<p>A conquista, no entanto, teve papel indispens\u00e1vel de algu\u00e9m que ainda \u00e9 v\u00edtima do apagamento da hist\u00f3ria, mesmo tendo lutado h\u00e1 d\u00e9cadas pelos interesses do povo brasileiro: <strong><a href=\"http:\/\/dilma\/\">Dilma Rousseff.<\/a><\/strong> N\u00e3o fosse uma decis\u00e3o firme e que contrariava os interesses de parte da elite nacional, \u00e9 bem prov\u00e1vel que o projeto do ca\u00e7a supers\u00f4nico demorasse muito mais tempo para sair do papel.\u00a0<\/p>\n<p>Para entender esta hist\u00f3ria \u00e9 preciso voltar ao ano de 2014. O programa Gripen brasileiro \u00e9 resultado de acordo firmado naquele ano entre o governo brasileiro, \u00e0 \u00e9poca sob a gest\u00e3o de Dilma, e a Saab. A escolha pela empresa sueca foi tomada por um crit\u00e9rio do qual a ex-presidenta n\u00e3o abriria m\u00e3o: <strong>a parceria com a Embraer s\u00f3 aconteceria se houvesse transfer\u00eancia de tecnologia e treinamento para que o pr\u00f3prio Brasil <\/strong>fosse capaz de produzir suas novas aeronaves militares. Ou seja, a medida buscava garantir autonomia ao Brasil para desenvolver, produzir e manter ca\u00e7as supers\u00f4nicos ao longo de toda a vida \u00fatil das aeronaves.\u00a0<\/p>\n<p>Cr\u00edticos imediatamente passaram a questionar a decis\u00e3o do governo e o caso ganhou coturnos internacionais. Os Estados Unidos, principal parceiro comercial do Brasil, pediu para Joe Biden, ent\u00e3o vice de Obama, viesse ao Brasil tentar convencer a presidenta da compra dos armamentos. A press\u00e3o tinha aliados locais, com parlamentares da oposi\u00e7\u00e3o, tentando criminalizar uma negocia\u00e7\u00e3o feita \u00e0s claras e que protegia a soberania nacional.\u00a0<\/p>\n<p><strong>Dilma n\u00e3o se intimidou. <\/strong>Manteve o posicionamento inicial, enfrentou persegui\u00e7\u00e3o at\u00e9 do Minist\u00e9rio P\u00fablico, mas provou que estava certa. A Saab, al\u00e9m da transfer\u00eancia de tecnologia, viu que o modelo de neg\u00f3cio era bastante atraente, e logo abriu sua primeira f\u00e1brica no Brasil.\u00a0<\/p>\n<p>A parceria entre a Embraer e a sueca Saab tem gerado resultados financeiros s\u00f3lidos e avan\u00e7os estrat\u00e9gicos significativos, com foco especial no projeto dos ca\u00e7as F-39E\/F Gripen para a FAB. Esse programa, que envolve transfer\u00eancia de tecnologia, <strong>gerou mais de 13 mil empregos e movimentou bilh\u00f5es na economia brasileira.<\/strong><\/p>\n<p>O ca\u00e7a F-39 Gripen integra um contrato de US$ 4 bilh\u00f5es, que prev\u00ea a entrega de 36 aeronaves. Desse total, <strong>15 unidades ser\u00e3o produzidas no Brasil.<\/strong><\/p>\n<!-- Begin Yuzo --><div class='yuzo_related_post style-1'  data-version='5.12.89'><!-- without result --><div class='yuzo_clearfixed yuzo__title yuzo__title'><h3>Related Post<\/h3><\/div>\n\t\t\t\t\t\t  <div class=\"relatedthumb \" style=\"width:125px;float:left;overflow:hidden;\">  \n\t\t\t\t\t\t\t  \n\t\t\t\t\t\t\t  <a  href=\"https:\/\/redept.com.br\/blogosfera\/gcm-faz-provocacoes-a-ato-contra-pecs-da-anistia-e-da-bandidagem-na-paulista-diz-jornalista-video\/\"  >\n\t\t\t\t\t\t\t\t\t  <div class=\"yuzo-img-wrap \" style=\"width: 125px;height:90px;\">\n\t\t\t\t\t\t\t\t\t\t\n\t\t\t\t\t\t\t\t\t\t<div class=\"yuzo-img\" style=\"background:url('https:\/\/redept.org\/blogosfera\/wp-content\/plugins\/yuzo-related-post\/assets\/images\/default.png') 50% 50% no-repeat;width: 125px;height:90px;margin-bottom: 5px;background-size: cover; \"><\/div>\n\t\t\t\t\t\t\t\t\t  <\/div>\n\t\t\t\t\t\t\t\t\t  \n\t\t\t\t\t\t\t\t   <span class=\"yuzo__text--title\" style=\"font-size:13px;\">GCM faz provoca\u00e7\u00f5es a ato contra PECs da Anistia e...<\/span>\n\t\t\t\t\t\t\t  \n\t\t\t\t\t\t\t  \n\t\t\t\t\t\t\t  <\/a>\n\n\t\t\t\t\t\t  <\/div>\n\t\t\t\t\t\t  <div class=\"relatedthumb \" style=\"width:125px;float:left;overflow:hidden;\">  \n\t\t\t\t\t\t\t  \n\t\t\t\t\t\t\t  <a  href=\"https:\/\/redept.com.br\/blogosfera\/piso-salarial-dos-professores-tem-reajuste-de-67-e-passa-para-r-4-86777\/\"  >\n\t\t\t\t\t\t\t\t\t  <div class=\"yuzo-img-wrap \" style=\"width: 125px;height:90px;\">\n\t\t\t\t\t\t\t\t\t\t\n\t\t\t\t\t\t\t\t\t\t<div class=\"yuzo-img\" style=\"background:url('https:\/\/redept.com.br\/blogosfera\/wp-content\/uploads\/2025\/01\/Professor-150x150.jpg') 50% 50% no-repeat;width: 125px;height:90px;margin-bottom: 5px;background-size: cover; \"><\/div>\n\t\t\t\t\t\t\t\t\t  <\/div>\n\t\t\t\t\t\t\t\t\t  \n\t\t\t\t\t\t\t\t   <span class=\"yuzo__text--title\" style=\"font-size:13px;\">Piso salarial dos professores tem reajuste de 6,7%...<\/span>\n\t\t\t\t\t\t\t  \n\t\t\t\t\t\t\t  \n\t\t\t\t\t\t\t  <\/a>\n\n\t\t\t\t\t\t  <\/div>\n\t\t\t\t\t\t  <div class=\"relatedthumb \" style=\"width:125px;float:left;overflow:hidden;\">  \n\t\t\t\t\t\t\t  \n\t\t\t\t\t\t\t  <a  href=\"https:\/\/redept.com.br\/blogosfera\/ucrania-ataca-uma-das-maiores-usinas-de-petroleo-da-russia\/\"  >\n\t\t\t\t\t\t\t\t\t  <div class=\"yuzo-img-wrap \" style=\"width: 125px;height:90px;\">\n\t\t\t\t\t\t\t\t\t\t\n\t\t\t\t\t\t\t\t\t\t<div class=\"yuzo-img\" style=\"background:url('https:\/\/redept.com.br\/blogosfera\/wp-content\/uploads\/2025\/09\/sidejo_de_kompanio_basneft_tjumeno-150x150.jpg') 50% 50% no-repeat;width: 125px;height:90px;margin-bottom: 5px;background-size: cover; \"><\/div>\n\t\t\t\t\t\t\t\t\t  <\/div>\n\t\t\t\t\t\t\t\t\t  \n\t\t\t\t\t\t\t\t   <span class=\"yuzo__text--title\" style=\"font-size:13px;\">Ucr\u00e2nia ataca uma das maiores usinas de petr\u00f3leo d...<\/span>\n\t\t\t\t\t\t\t  \n\t\t\t\t\t\t\t  \n\t\t\t\t\t\t\t  <\/a>\n\n\t\t\t\t\t\t  <\/div>\n\t\t\t\t\t\t  <div class=\"relatedthumb \" style=\"width:125px;float:left;overflow:hidden;\">  \n\t\t\t\t\t\t\t  \n\t\t\t\t\t\t\t  <a  href=\"https:\/\/redept.com.br\/blogosfera\/bolsonaro-alvo-da-pf-pl-da-devastacao-lula-reage-a-trump-10-fatos-explosivos-da-semana\/\"  >\n\t\t\t\t\t\t\t\t\t  <div class=\"yuzo-img-wrap \" style=\"width: 125px;height:90px;\">\n\t\t\t\t\t\t\t\t\t\t\n\t\t\t\t\t\t\t\t\t\t<div class=\"yuzo-img\" style=\"background:url('https:\/\/redept.org\/blogosfera\/wp-content\/plugins\/yuzo-related-post\/assets\/images\/default.png') 50% 50% no-repeat;width: 125px;height:90px;margin-bottom: 5px;background-size: cover; \"><\/div>\n\t\t\t\t\t\t\t\t\t  <\/div>\n\t\t\t\t\t\t\t\t\t  \n\t\t\t\t\t\t\t\t   <span class=\"yuzo__text--title\" style=\"font-size:13px;\">Bolsonaro alvo da PF, PL da devasta\u00e7\u00e3o, Lula reage...<\/span>\n\t\t\t\t\t\t\t  \n\t\t\t\t\t\t\t  \n\t\t\t\t\t\t\t  <\/a>\n\n\t\t\t\t\t\t  <\/div>\n<\/div> <script>\n\t\t\t\t\t\t  jQuery(document).ready(function( $ ){\n\t\t\t\t\t\t\t\/\/jQuery('.yuzo_related_post').equalizer({ overflow : 'relatedthumb' });\n\t\t\t\t\t\t\tjQuery('.yuzo_related_post .yuzo_wraps').equalizer({ columns : '> div' });\n\t\t\t\t\t\t   })\n\t\t\t\t\t\t  <\/script> <!-- End Yuzo :) -->","protected":false},"excerpt":{"rendered":"<p>A imagem da sombra da m\u00e3o esquerda de Lula na janela de um avi\u00e3o com o primeiro ca\u00e7a supers\u00f4nico produzido no pa\u00eds entra para hist\u00f3ria como s\u00edmbolo do avan\u00e7o tecnol\u00f3gico do pa\u00eds e, de quebra, sinaliza a preocupa\u00e7\u00e3o da atual gest\u00e3o com a moderniza\u00e7\u00e3o da For\u00e7a A\u00e9rea Brasileira.\u00a0 O Gripen, primeiro ca\u00e7a supers\u00f4nico produzido por [&hellip;]<\/p>\n","protected":false},"author":2,"featured_media":0,"comment_status":"open","ping_status":"closed","sticky":false,"template":"","format":"standard","meta":{"fifu_image_url":"","fifu_image_alt":"","footnotes":""},"categories":[21852,40763,769,4550,40764,112,8620,40765],"tags":[],"class_list":["post-79955","post","type-post","status-publish","format-standard","hentry","category-aeronave","category-caca","category-dilma-roussef","category-embraer","category-forca-aerea-brasileira-fab","category-lula","category-noticia","category-saab"],"_links":{"self":[{"href":"https:\/\/redept.com.br\/blogosfera\/wp-json\/wp\/v2\/posts\/79955","targetHints":{"allow":["GET"]}}],"collection":[{"href":"https:\/\/redept.com.br\/blogosfera\/wp-json\/wp\/v2\/posts"}],"about":[{"href":"https:\/\/redept.com.br\/blogosfera\/wp-json\/wp\/v2\/types\/post"}],"author":[{"embeddable":true,"href":"https:\/\/redept.com.br\/blogosfera\/wp-json\/wp\/v2\/users\/2"}],"replies":[{"embeddable":true,"href":"https:\/\/redept.com.br\/blogosfera\/wp-json\/wp\/v2\/comments?post=79955"}],"version-history":[{"count":0,"href":"https:\/\/redept.com.br\/blogosfera\/wp-json\/wp\/v2\/posts\/79955\/revisions"}],"wp:attachment":[{"href":"https:\/\/redept.com.br\/blogosfera\/wp-json\/wp\/v2\/media?parent=79955"}],"wp:term":[{"taxonomy":"category","embeddable":true,"href":"https:\/\/redept.com.br\/blogosfera\/wp-json\/wp\/v2\/categories?post=79955"},{"taxonomy":"post_tag","embeddable":true,"href":"https:\/\/redept.com.br\/blogosfera\/wp-json\/wp\/v2\/tags?post=79955"}],"curies":[{"name":"wp","href":"https:\/\/api.w.org\/{rel}","templated":true}]}}