{"id":8009,"date":"2024-12-10T16:58:29","date_gmt":"2024-12-10T19:58:29","guid":{"rendered":"https:\/\/redept.org\/blogosfera\/adeus-ao-vampiro-de-curitiba-dalton-trevisan-morre-aos-99-anos\/"},"modified":"2024-12-10T16:58:29","modified_gmt":"2024-12-10T19:58:29","slug":"adeus-ao-vampiro-de-curitiba-dalton-trevisan-morre-aos-99-anos","status":"publish","type":"post","link":"https:\/\/redept.com.br\/blogosfera\/adeus-ao-vampiro-de-curitiba-dalton-trevisan-morre-aos-99-anos\/","title":{"rendered":"Adeus ao Vampiro de Curitiba: Dalton Trevisan morre aos 99 anos"},"content":{"rendered":"<p><img fetchpriority=\"high\" width=\"1024\" height=\"612\"src=\"https:\/\/redept.org\/blogosfera\/wp-content\/uploads\/2024\/12\/Captura-de-Tela-2024-12-10-as-16.56.01.png\" alt=\"\" decoding=\"async\" srcset=\"https:\/\/vermelho.org.br\/wp-content\/uploads\/2024\/12\/Captura-de-Tela-2024-12-10-as-16.56.01-1024x612.png 1024w, https:\/\/vermelho.org.br\/wp-content\/uploads\/2024\/12\/Captura-de-Tela-2024-12-10-as-16.56.01-300x179.png 300w, https:\/\/vermelho.org.br\/wp-content\/uploads\/2024\/12\/Captura-de-Tela-2024-12-10-as-16.56.01-768x459.png 768w, https:\/\/redept.org\/blogosfera\/wp-content\/uploads\/2024\/12\/Captura-de-Tela-2024-12-10-as-16.56.01.png 1172w\" sizes=\"(max-width: 1024px) 100vw, 1024px\"><\/p>\n<p>O escritor Dalton Trevisan, conhecido como \u201cO Vampiro de Curitiba\u201d, faleceu nesta segunda-feira (9), aos 99 anos, na capital paranaense. A informa\u00e7\u00e3o foi confirmada pela Secretaria de Estado da Cultura do Paran\u00e1 e pela fam\u00edlia em redes sociais. A causa da morte n\u00e3o foi divulgada.<\/p>\n<p>\u201cTodo vampiro \u00e9 imortal. Ou, ao menos, seu legado \u00e9. Dalton Trevisan faleceu hoje, 09 de dezembro de 2024, aos 99 anos\u201d, destacou a publica\u00e7\u00e3o, referindo-se ao apelido do autor e ao livro \u201cO Vampiro de Curitiba\u201d, de 1965. N\u00e3o haver\u00e1 vel\u00f3rio, e o corpo ser\u00e1 cremado no Cremat\u00f3rio Vaticano, em Almirante Tamandar\u00e9, regi\u00e3o metropolitana de Curitiba.<\/p>\n<p><strong>Uma vida de reclus\u00e3o e genialidade<\/strong><\/p>\n<p>Dalton Trevisan era conhecido por sua avers\u00e3o a entrevistas e pela vida extremamente reservada. Desde os anos 1970, poucas pessoas tiveram acesso ao escritor, que se mudou de sua ic\u00f4nica casa na esquina das ruas Ubaldino do Amaral e Amintas de Barros, no Alto da Gl\u00f3ria, em 2021. A mudan\u00e7a, motivada por quest\u00f5es de sa\u00fade e seguran\u00e7a, levou-o a um apartamento no Centro de Curitiba.<\/p>\n<p>\u201cSua reclus\u00e3o contrastava com a vivacidade de sua escrita, que permanece como um marco da literatura brasileira contempor\u00e2nea\u201d, declarou a Secretaria de Cultura do Paran\u00e1. Dalton retratava com precis\u00e3o as ang\u00fastias e as contradi\u00e7\u00f5es da vida urbana, dando voz aos marginalizados e transformando as ruas de Curitiba em personagens vivos de sua obra.<\/p>\n<p><strong>Um legado imortal<\/strong><\/p>\n<p>Dalton Trevisan nasceu em Curitiba, em 14 de junho de 1925, e iniciou sua carreira com \u201cSonata ao Luar\u201d. Alcan\u00e7ou proje\u00e7\u00e3o nacional com \u201cNovelas Nada Exemplares\u201d e consolidou seu lugar na literatura brasileira com \u201cO Vampiro de Curitiba\u201d. Sua obra inclui cl\u00e1ssicos como \u201cA Polaquinha\u201d, \u201cCemit\u00e9rio de Elefantes\u201d e \u201cA Guerra Conjugal\u201d.<\/p>\n<p>Reconhecido por sua escrita concisa e impactante, Dalton recebeu pr\u00eamios como o Jabuti, o Portugal Telecom e o Cam\u00f5es. No entanto, n\u00e3o comparecia \u00e0s cerim\u00f4nias de premia\u00e7\u00e3o, mantendo-se fiel \u00e0 sua postura discreta.<\/p>\n<p><strong>Retrato de uma lenda<\/strong><\/p>\n<p>Um dos raros registros fotogr\u00e1ficos de Dalton foi feito em 2007 pelo fot\u00f3grafo Alberto Viana, que capturou o escritor caminhando pela Rua XV de Novembro, em Curitiba. Viana relembrou o momento como uma coincid\u00eancia, retratando o autor em seu trajeto habitual para casa.<\/p>\n<p>Dalton era tamb\u00e9m conhecido por sua rela\u00e7\u00e3o com a Revista Joaquim, que fundou em 1946 e utilizou como trincheira para criticar o \u201cparanismo beletrista\u201d da \u00e9poca. A publica\u00e7\u00e3o marcou a literatura nacional e abriu caminho para sua carreira como contista.<\/p>\n<p><strong>Despedida de um \u00eddolo<\/strong><\/p>\n<p>Com a morte de Dalton, Curitiba se despede de um de seus maiores \u00edcones liter\u00e1rios. Para o Carnaval de 2025, a escola de samba Unidos do Belvedere, da Academia Paranaense de Letras, planeja homenage\u00e1-lo com o enredo \u201cOs Cem Anos do Vampiro\u201d.<\/p>\n<p>Trevisan deixa netas, amigos, e gera\u00e7\u00f5es de escritores influenciados por sua obra. \u201cO autor n\u00e3o vale o personagem. O conto \u00e9 mais importante que o contista\u201d, afirmou certa vez. Hoje, o Brasil celebra a imortalidade de sua literatura.<\/p>\n<p>O post <a href=\"https:\/\/vermelho.org.br\/2024\/12\/10\/adeus-ao-vampiro-de-curitiba-dalton-trevisan-morre-aos-99-anos\/\">Adeus ao Vampiro de Curitiba: Dalton Trevisan morre aos 99 anos<\/a> apareceu primeiro em <a href=\"https:\/\/vermelho.org.br\/\">Vermelho<\/a>.<\/p>\n<!-- Begin Yuzo --><div class='yuzo_related_post style-1'  data-version='5.12.89'><!-- without result --><div class='yuzo_clearfixed yuzo__title yuzo__title'><h3>Related Post<\/h3><\/div>\n\t\t\t\t\t\t  <div class=\"relatedthumb \" style=\"width:125px;float:left;overflow:hidden;\">  \n\t\t\t\t\t\t\t  \n\t\t\t\t\t\t\t  <a  href=\"https:\/\/redept.com.br\/blogosfera\/eca-digital-comeca-a-valer-nesta-terca-confira-principais-pontos\/\"  >\n\t\t\t\t\t\t\t\t\t  <div class=\"yuzo-img-wrap \" style=\"width: 125px;height:90px;\">\n\t\t\t\t\t\t\t\t\t\t\n\t\t\t\t\t\t\t\t\t\t<div class=\"yuzo-img\" style=\"background:url('https:\/\/redept.org\/blogosfera\/wp-content\/plugins\/yuzo-related-post\/assets\/images\/default.png') 50% 50% no-repeat;width: 125px;height:90px;margin-bottom: 5px;background-size: cover; \"><\/div>\n\t\t\t\t\t\t\t\t\t  <\/div>\n\t\t\t\t\t\t\t\t\t  \n\t\t\t\t\t\t\t\t   <span class=\"yuzo__text--title\" style=\"font-size:13px;\">ECA Digital come\u00e7a a valer nesta ter\u00e7a; confira pr...<\/span>\n\t\t\t\t\t\t\t  \n\t\t\t\t\t\t\t  \n\t\t\t\t\t\t\t  <\/a>\n\n\t\t\t\t\t\t  <\/div>\n\t\t\t\t\t\t  <div class=\"relatedthumb \" style=\"width:125px;float:left;overflow:hidden;\">  \n\t\t\t\t\t\t\t  \n\t\t\t\t\t\t\t  <a  href=\"https:\/\/redept.com.br\/blogosfera\/ubm-aciona-tiktok-por-misoginia-e-cobra-r-100-milhoes-na-justica\/\"  >\n\t\t\t\t\t\t\t\t\t  <div class=\"yuzo-img-wrap \" style=\"width: 125px;height:90px;\">\n\t\t\t\t\t\t\t\t\t\t\n\t\t\t\t\t\t\t\t\t\t<div class=\"yuzo-img\" style=\"background:url('https:\/\/redept.com.br\/blogosfera\/wp-content\/uploads\/2026\/03\/Vanja-Andrea-150x150.png') 50% 50% no-repeat;width: 125px;height:90px;margin-bottom: 5px;background-size: cover; \"><\/div>\n\t\t\t\t\t\t\t\t\t  <\/div>\n\t\t\t\t\t\t\t\t\t  \n\t\t\t\t\t\t\t\t   <span class=\"yuzo__text--title\" style=\"font-size:13px;\">UBM aciona TikTok por misoginia e cobra R$ 100 mil...<\/span>\n\t\t\t\t\t\t\t  \n\t\t\t\t\t\t\t  \n\t\t\t\t\t\t\t  <\/a>\n\n\t\t\t\t\t\t  <\/div>\n\t\t\t\t\t\t  <div class=\"relatedthumb \" style=\"width:125px;float:left;overflow:hidden;\">  \n\t\t\t\t\t\t\t  \n\t\t\t\t\t\t\t  <a  href=\"https:\/\/redept.com.br\/blogosfera\/ainda-estamos-aqui-ao-contrario-do-que-planejavam-os-golpistas-diz-lula\/\"  >\n\t\t\t\t\t\t\t\t\t  <div class=\"yuzo-img-wrap \" style=\"width: 125px;height:90px;\">\n\t\t\t\t\t\t\t\t\t\t\n\t\t\t\t\t\t\t\t\t\t<div class=\"yuzo-img\" style=\"background:url('https:\/\/redept.com.br\/blogosfera\/wp-content\/uploads\/2025\/01\/ato-democracia_Foto-Ricardo-Stuckert-PR-150x150.jpg') 50% 50% no-repeat;width: 125px;height:90px;margin-bottom: 5px;background-size: cover; \"><\/div>\n\t\t\t\t\t\t\t\t\t  <\/div>\n\t\t\t\t\t\t\t\t\t  \n\t\t\t\t\t\t\t\t   <span class=\"yuzo__text--title\" style=\"font-size:13px;\">Ainda estamos aqui, ao contr\u00e1rio do que planejavam...<\/span>\n\t\t\t\t\t\t\t  \n\t\t\t\t\t\t\t  \n\t\t\t\t\t\t\t  <\/a>\n\n\t\t\t\t\t\t  <\/div>\n\t\t\t\t\t\t  <div class=\"relatedthumb \" style=\"width:125px;float:left;overflow:hidden;\">  \n\t\t\t\t\t\t\t  \n\t\t\t\t\t\t\t  <a  href=\"https:\/\/redept.com.br\/blogosfera\/comite-dos-eua-divulga-documento-de-epstein-com-suposta-assinatura-de-trump\/\"  >\n\t\t\t\t\t\t\t\t\t  <div class=\"yuzo-img-wrap \" style=\"width: 125px;height:90px;\">\n\t\t\t\t\t\t\t\t\t\t\n\t\t\t\t\t\t\t\t\t\t<div class=\"yuzo-img\" style=\"background:url('https:\/\/redept.com.br\/blogosfera\/wp-content\/uploads\/2025\/09\/donald_trump-gage-skidmore-150x150.jpg') 50% 50% no-repeat;width: 125px;height:90px;margin-bottom: 5px;background-size: cover; \"><\/div>\n\t\t\t\t\t\t\t\t\t  <\/div>\n\t\t\t\t\t\t\t\t\t  \n\t\t\t\t\t\t\t\t   <span class=\"yuzo__text--title\" style=\"font-size:13px;\">Comit\u00ea dos EUA divulga documento de Epstein com su...<\/span>\n\t\t\t\t\t\t\t  \n\t\t\t\t\t\t\t  \n\t\t\t\t\t\t\t  <\/a>\n\n\t\t\t\t\t\t  <\/div>\n<\/div> <script>\n\t\t\t\t\t\t  jQuery(document).ready(function( $ ){\n\t\t\t\t\t\t\t\/\/jQuery('.yuzo_related_post').equalizer({ overflow : 'relatedthumb' });\n\t\t\t\t\t\t\tjQuery('.yuzo_related_post .yuzo_wraps').equalizer({ columns : '> div' });\n\t\t\t\t\t\t   })\n\t\t\t\t\t\t  <\/script> <!-- End Yuzo :) -->","protected":false},"excerpt":{"rendered":"<p>O escritor Dalton Trevisan, conhecido como \u201cO Vampiro de Curitiba\u201d, faleceu nesta segunda-feira (9), aos 99 anos, na capital paranaense. A informa\u00e7\u00e3o foi confirmada pela Secretaria de Estado da Cultura do Paran\u00e1 e pela fam\u00edlia em redes sociais. A causa da morte n\u00e3o foi divulgada. \u201cTodo vampiro \u00e9 imortal. Ou, ao menos, seu legado \u00e9. [&hellip;]<\/p>\n","protected":false},"author":2,"featured_media":8010,"comment_status":"closed","ping_status":"closed","sticky":false,"template":"","format":"standard","meta":{"fifu_image_url":"","fifu_image_alt":"","footnotes":""},"categories":[309,2640,8,2641,2642],"tags":[],"class_list":["post-8009","post","type-post","status-publish","format-standard","has-post-thumbnail","hentry","category-cultura","category-dalton-trevisan","category-literatura","category-obituario","category-vampiro-de-curitiba"],"_links":{"self":[{"href":"https:\/\/redept.com.br\/blogosfera\/wp-json\/wp\/v2\/posts\/8009","targetHints":{"allow":["GET"]}}],"collection":[{"href":"https:\/\/redept.com.br\/blogosfera\/wp-json\/wp\/v2\/posts"}],"about":[{"href":"https:\/\/redept.com.br\/blogosfera\/wp-json\/wp\/v2\/types\/post"}],"author":[{"embeddable":true,"href":"https:\/\/redept.com.br\/blogosfera\/wp-json\/wp\/v2\/users\/2"}],"replies":[{"embeddable":true,"href":"https:\/\/redept.com.br\/blogosfera\/wp-json\/wp\/v2\/comments?post=8009"}],"version-history":[{"count":0,"href":"https:\/\/redept.com.br\/blogosfera\/wp-json\/wp\/v2\/posts\/8009\/revisions"}],"wp:featuredmedia":[{"embeddable":true,"href":"https:\/\/redept.com.br\/blogosfera\/wp-json\/wp\/v2\/media\/8010"}],"wp:attachment":[{"href":"https:\/\/redept.com.br\/blogosfera\/wp-json\/wp\/v2\/media?parent=8009"}],"wp:term":[{"taxonomy":"category","embeddable":true,"href":"https:\/\/redept.com.br\/blogosfera\/wp-json\/wp\/v2\/categories?post=8009"},{"taxonomy":"post_tag","embeddable":true,"href":"https:\/\/redept.com.br\/blogosfera\/wp-json\/wp\/v2\/tags?post=8009"}],"curies":[{"name":"wp","href":"https:\/\/api.w.org\/{rel}","templated":true}]}}