{"id":80652,"date":"2026-03-31T10:46:58","date_gmt":"2026-03-31T13:46:58","guid":{"rendered":"https:\/\/redept.com.br\/blogosfera\/o-que-diz-o-novo-codigo-ecologico-e-ambiental-recentemente-aprovado-na-china\/"},"modified":"2026-03-31T10:46:58","modified_gmt":"2026-03-31T13:46:58","slug":"o-que-diz-o-novo-codigo-ecologico-e-ambiental-recentemente-aprovado-na-china","status":"publish","type":"post","link":"https:\/\/redept.com.br\/blogosfera\/o-que-diz-o-novo-codigo-ecologico-e-ambiental-recentemente-aprovado-na-china\/","title":{"rendered":"O que diz o novo C\u00f3digo Ecol\u00f3gico e Ambiental recentemente aprovado na China"},"content":{"rendered":"<p>A China ter\u00e1 um novo C\u00f3digo Ecol\u00f3gico e Ambiental. Aprovado em 12 de mar\u00e7o, durante a 4\u00aa Sess\u00e3o Plen\u00e1ria da 14\u00aa Assembleia Nacional Popular (ANP) \u2014 uma das chamadas Duas Sess\u00f5es) \u2014, o c\u00f3digo tem 1.242 artigos organizados em cinco livros e \u00e9 a segunda lei a receber o nome de \u201cc\u00f3digo\u201d na hist\u00f3ria jur\u00eddica [\u2026]<\/p>\n<p><a href=\"https:\/\/www.brasildefato.com.br\/2026\/03\/31\/o-que-diz-o-novo-codigo-ecologico-e-ambiental-recentemente-aprovado-na-china\/\" rel=\"nofollow\">Fonte<\/a><\/p>\n<!-- Begin Yuzo --><div class='yuzo_related_post style-1'  data-version='5.12.89'><!-- without result --><div class='yuzo_clearfixed yuzo__title yuzo__title'><h3>Related Post<\/h3><\/div>\n\t\t\t\t\t\t  <div class=\"relatedthumb \" style=\"width:125px;float:left;overflow:hidden;\">  \n\t\t\t\t\t\t\t  \n\t\t\t\t\t\t\t  <a  href=\"https:\/\/redept.com.br\/blogosfera\/cpi-do-crime-organizado-tera-depoimento-de-ibaneis-campos-neto-e-galipolo-em-semana-de-retomada-do-congresso\/\"  >\n\t\t\t\t\t\t\t\t\t  <div class=\"yuzo-img-wrap \" style=\"width: 125px;height:90px;\">\n\t\t\t\t\t\t\t\t\t\t\n\t\t\t\t\t\t\t\t\t\t<div class=\"yuzo-img\" style=\"background:url('https:\/\/redept.org\/blogosfera\/wp-content\/plugins\/yuzo-related-post\/assets\/images\/default.png') 50% 50% no-repeat;width: 125px;height:90px;margin-bottom: 5px;background-size: cover; \"><\/div>\n\t\t\t\t\t\t\t\t\t  <\/div>\n\t\t\t\t\t\t\t\t\t  \n\t\t\t\t\t\t\t\t   <span class=\"yuzo__text--title\" style=\"font-size:13px;\">CPI do Crime Organizado ter\u00e1 depoimento de Ibaneis...<\/span>\n\t\t\t\t\t\t\t  \n\t\t\t\t\t\t\t  \n\t\t\t\t\t\t\t  <\/a>\n\n\t\t\t\t\t\t  <\/div>\n\t\t\t\t\t\t  <div class=\"relatedthumb \" style=\"width:125px;float:left;overflow:hidden;\">  \n\t\t\t\t\t\t\t  \n\t\t\t\t\t\t\t  <a  href=\"https:\/\/redept.com.br\/blogosfera\/paises-amazonicos-definem-medidas-para-proteger-e-fortalecer-a-regiao\/\"  >\n\t\t\t\t\t\t\t\t\t  <div class=\"yuzo-img-wrap \" style=\"width: 125px;height:90px;\">\n\t\t\t\t\t\t\t\t\t\t\n\t\t\t\t\t\t\t\t\t\t<div class=\"yuzo-img\" style=\"background:url('https:\/\/redept.com.br\/blogosfera\/wp-content\/uploads\/2025\/08\/presidencia-da-colombia-150x150.jpg') 50% 50% no-repeat;width: 125px;height:90px;margin-bottom: 5px;background-size: cover; \"><\/div>\n\t\t\t\t\t\t\t\t\t  <\/div>\n\t\t\t\t\t\t\t\t\t  \n\t\t\t\t\t\t\t\t   <span class=\"yuzo__text--title\" style=\"font-size:13px;\">Pa\u00edses amaz\u00f4nicos definem medidas para proteger e ...<\/span>\n\t\t\t\t\t\t\t  \n\t\t\t\t\t\t\t  \n\t\t\t\t\t\t\t  <\/a>\n\n\t\t\t\t\t\t  <\/div>\n\t\t\t\t\t\t  <div class=\"relatedthumb \" style=\"width:125px;float:left;overflow:hidden;\">  \n\t\t\t\t\t\t\t  \n\t\t\t\t\t\t\t  <a  href=\"https:\/\/redept.com.br\/blogosfera\/mulher-assassinada-pelo-ice-em-minneapolis-praticou-terrorismo-domestico-diz-secretaria-de-seguranca-interna-dos-eua\/\"  >\n\t\t\t\t\t\t\t\t\t  <div class=\"yuzo-img-wrap \" style=\"width: 125px;height:90px;\">\n\t\t\t\t\t\t\t\t\t\t\n\t\t\t\t\t\t\t\t\t\t<div class=\"yuzo-img\" style=\"background:url('https:\/\/redept.org\/blogosfera\/wp-content\/plugins\/yuzo-related-post\/assets\/images\/default.png') 50% 50% no-repeat;width: 125px;height:90px;margin-bottom: 5px;background-size: cover; \"><\/div>\n\t\t\t\t\t\t\t\t\t  <\/div>\n\t\t\t\t\t\t\t\t\t  \n\t\t\t\t\t\t\t\t   <span class=\"yuzo__text--title\" style=\"font-size:13px;\">Mulher assassinada pelo ICE em Minneapolis pratico...<\/span>\n\t\t\t\t\t\t\t  \n\t\t\t\t\t\t\t  \n\t\t\t\t\t\t\t  <\/a>\n\n\t\t\t\t\t\t  <\/div>\n\t\t\t\t\t\t  <div class=\"relatedthumb \" style=\"width:125px;float:left;overflow:hidden;\">  \n\t\t\t\t\t\t\t  \n\t\t\t\t\t\t\t  <a  href=\"https:\/\/redept.com.br\/blogosfera\/audiencia-publica-discute-falta-de-recursos-e-conselheiros-tutelares-em-curitiba\/\"  >\n\t\t\t\t\t\t\t\t\t  <div class=\"yuzo-img-wrap \" style=\"width: 125px;height:90px;\">\n\t\t\t\t\t\t\t\t\t\t\n\t\t\t\t\t\t\t\t\t\t<div class=\"yuzo-img\" style=\"background:url('https:\/\/redept.com.br\/blogosfera\/wp-content\/uploads\/2025\/06\/54583481965_1bc50476fd_k-150x150.jpg') 50% 50% no-repeat;width: 125px;height:90px;margin-bottom: 5px;background-size: cover; \"><\/div>\n\t\t\t\t\t\t\t\t\t  <\/div>\n\t\t\t\t\t\t\t\t\t  \n\t\t\t\t\t\t\t\t   <span class=\"yuzo__text--title\" style=\"font-size:13px;\">Audi\u00eancia p\u00fablica discute falta de recursos e cons...<\/span>\n\t\t\t\t\t\t\t  \n\t\t\t\t\t\t\t  \n\t\t\t\t\t\t\t  <\/a>\n\n\t\t\t\t\t\t  <\/div>\n<\/div> <script>\n\t\t\t\t\t\t  jQuery(document).ready(function( $ ){\n\t\t\t\t\t\t\t\/\/jQuery('.yuzo_related_post').equalizer({ overflow : 'relatedthumb' });\n\t\t\t\t\t\t\tjQuery('.yuzo_related_post .yuzo_wraps').equalizer({ columns : '> div' });\n\t\t\t\t\t\t   })\n\t\t\t\t\t\t  <\/script> <!-- End Yuzo :) -->","protected":false},"excerpt":{"rendered":"<p>A China ter\u00e1 um novo C\u00f3digo Ecol\u00f3gico e Ambiental. Aprovado em 12 de mar\u00e7o, durante a 4\u00aa Sess\u00e3o Plen\u00e1ria da 14\u00aa Assembleia Nacional Popular (ANP) \u2014 uma das chamadas Duas Sess\u00f5es) \u2014, o c\u00f3digo tem 1.242 artigos organizados em cinco livros e \u00e9 a segunda lei a receber o nome de \u201cc\u00f3digo\u201d na hist\u00f3ria jur\u00eddica [&hellip;]<\/p>\n","protected":false},"author":2,"featured_media":0,"comment_status":"open","ping_status":"closed","sticky":false,"template":"","format":"standard","meta":{"fifu_image_url":"","fifu_image_alt":"","footnotes":""},"categories":[26578,42043,42044,292,36684,42045,42046,42047,42048,42049,31770,42050,38331,6094,42051,42052,50,42053,42054,7630,42055,42056,42057,42058,42059,42060,42061,42062,42063,42064,42065,42066,42067,553,337],"tags":[],"class_list":["post-80652","post","type-post","status-publish","format-standard","hentry","category-15o-plano-quinquenal","category-agropecuaria-sustentavel","category-assembleia-nacional-popular","category-china","category-china-2026","category-civilizacao-ecologica","category-cobertura-florestal","category-codigo-ambiental","category-codigo-ecologico","category-codigo-ecologico-e-ambiental-da-china","category-direito-ambiental","category-direitos-ambientais","category-economia-circular","category-fiscalizacao-ambiental","category-governanca-ambiental","category-huang-runqiu","category-internacional","category-legislacao-ambiental-chinesa","category-lyu-zhongmei","category-mercado-de-carbono","category-metas-duplas-de-carbono","category-monitoramento-hidrico","category-neutralidade-de-carbono-2060","category-pico-de-emissoes-2030","category-poluentes-emergentes","category-poluicao-atmosferica","category-poluicao-eletromagnetica","category-poluicao-hidrica","category-poluicao-luminosa","category-protecao-ecologica","category-regras-juridicais-ambientais-da-china","category-residuos-fotovoltaicos","category-responsabilidade-do-produtor","category-transicao-energetica","category-xi-jinping"],"_links":{"self":[{"href":"https:\/\/redept.com.br\/blogosfera\/wp-json\/wp\/v2\/posts\/80652","targetHints":{"allow":["GET"]}}],"collection":[{"href":"https:\/\/redept.com.br\/blogosfera\/wp-json\/wp\/v2\/posts"}],"about":[{"href":"https:\/\/redept.com.br\/blogosfera\/wp-json\/wp\/v2\/types\/post"}],"author":[{"embeddable":true,"href":"https:\/\/redept.com.br\/blogosfera\/wp-json\/wp\/v2\/users\/2"}],"replies":[{"embeddable":true,"href":"https:\/\/redept.com.br\/blogosfera\/wp-json\/wp\/v2\/comments?post=80652"}],"version-history":[{"count":0,"href":"https:\/\/redept.com.br\/blogosfera\/wp-json\/wp\/v2\/posts\/80652\/revisions"}],"wp:attachment":[{"href":"https:\/\/redept.com.br\/blogosfera\/wp-json\/wp\/v2\/media?parent=80652"}],"wp:term":[{"taxonomy":"category","embeddable":true,"href":"https:\/\/redept.com.br\/blogosfera\/wp-json\/wp\/v2\/categories?post=80652"},{"taxonomy":"post_tag","embeddable":true,"href":"https:\/\/redept.com.br\/blogosfera\/wp-json\/wp\/v2\/tags?post=80652"}],"curies":[{"name":"wp","href":"https:\/\/api.w.org\/{rel}","templated":true}]}}