{"id":80686,"date":"2026-03-31T12:58:54","date_gmt":"2026-03-31T15:58:54","guid":{"rendered":"https:\/\/redept.com.br\/blogosfera\/data-center-em-terra-firme-populacao-embaixo-dagua-a-cidade-das-maquinas-de-eldorado-do-sul\/"},"modified":"2026-03-31T12:58:54","modified_gmt":"2026-03-31T15:58:54","slug":"data-center-em-terra-firme-populacao-embaixo-dagua-a-cidade-das-maquinas-de-eldorado-do-sul","status":"publish","type":"post","link":"https:\/\/redept.com.br\/blogosfera\/data-center-em-terra-firme-populacao-embaixo-dagua-a-cidade-das-maquinas-de-eldorado-do-sul\/","title":{"rendered":"Data center em terra firme, popula\u00e7\u00e3o embaixo d\u2019\u00e1gua: a \u2018cidade das m\u00e1quinas\u2019 de Eldorado do Sul"},"content":{"rendered":"<p>Joana Winckler* e Filipe da Rosa** Durante a enchente de 2024 no Rio Grande do Sul, o munic\u00edpio de Eldorado do Sul ganhou as manchetes como a cidade proporcionalmente mais atingida pelas \u00e1guas: 97% da \u00e1rea urbana e 80% da \u00e1rea total do munic\u00edpio ficou submersa. Das poucas \u00e1reas que n\u00e3o foram inundadas, est\u00e1 um [\u2026]<\/p>\n<p><a href=\"https:\/\/www.brasildefato.com.br\/colunista\/observatorio-das-metropoles-nucleo-porto-alegre\/2026\/03\/31\/data-center-em-terra-firme-populacao-embaixo-dagua-a-cidade-das-maquinas-de-eldorado-do-sul\/\" rel=\"nofollow\">Fonte<\/a><\/p>\n<!-- Begin Yuzo --><div class='yuzo_related_post style-1'  data-version='5.12.89'><!-- without result --><div class='yuzo_clearfixed yuzo__title yuzo__title'><h3>Related Post<\/h3><\/div>\n\t\t\t\t\t\t  <div class=\"relatedthumb \" style=\"width:125px;float:left;overflow:hidden;\">  \n\t\t\t\t\t\t\t  \n\t\t\t\t\t\t\t  <a  href=\"https:\/\/redept.com.br\/blogosfera\/escola-antidoto-a-superexploracao-e-adoecimentos\/\"  >\n\t\t\t\t\t\t\t\t\t  <div class=\"yuzo-img-wrap \" style=\"width: 125px;height:90px;\">\n\t\t\t\t\t\t\t\t\t\t\n\t\t\t\t\t\t\t\t\t\t<div class=\"yuzo-img\" style=\"background:url('https:\/\/redept.com.br\/blogosfera\/wp-content\/uploads\/2025\/11\/Screenshot-2025-11-24-at-15-35-21-Portal-Guarani-PARAGUAY-MR-2013-Pinturas-de-FIDEL-FERNANDEZ-Fidel-Fernandez-150x150.png') 50% 50% no-repeat;width: 125px;height:90px;margin-bottom: 5px;background-size: cover; \"><\/div>\n\t\t\t\t\t\t\t\t\t  <\/div>\n\t\t\t\t\t\t\t\t\t  \n\t\t\t\t\t\t\t\t   <span class=\"yuzo__text--title\" style=\"font-size:13px;\">Escola, ant\u00eddoto \u00e0 superexplora\u00e7\u00e3o e adoecimentos?...<\/span>\n\t\t\t\t\t\t\t  \n\t\t\t\t\t\t\t  \n\t\t\t\t\t\t\t  <\/a>\n\n\t\t\t\t\t\t  <\/div>\n\t\t\t\t\t\t  <div class=\"relatedthumb \" style=\"width:125px;float:left;overflow:hidden;\">  \n\t\t\t\t\t\t\t  \n\t\t\t\t\t\t\t  <a  href=\"https:\/\/redept.com.br\/blogosfera\/queijo-produzido-em-assentamento-gaucho-do-mst-esta-entre-os-melhores-do-mundo\/\"  >\n\t\t\t\t\t\t\t\t\t  <div class=\"yuzo-img-wrap \" style=\"width: 125px;height:90px;\">\n\t\t\t\t\t\t\t\t\t\t\n\t\t\t\t\t\t\t\t\t\t<div class=\"yuzo-img\" style=\"background:url('https:\/\/redept.org\/blogosfera\/wp-content\/plugins\/yuzo-related-post\/assets\/images\/default.png') 50% 50% no-repeat;width: 125px;height:90px;margin-bottom: 5px;background-size: cover; \"><\/div>\n\t\t\t\t\t\t\t\t\t  <\/div>\n\t\t\t\t\t\t\t\t\t  \n\t\t\t\t\t\t\t\t   <span class=\"yuzo__text--title\" style=\"font-size:13px;\">Queijo produzido em assentamento ga\u00facho do MST est...<\/span>\n\t\t\t\t\t\t\t  \n\t\t\t\t\t\t\t  \n\t\t\t\t\t\t\t  <\/a>\n\n\t\t\t\t\t\t  <\/div>\n\t\t\t\t\t\t  <div class=\"relatedthumb \" style=\"width:125px;float:left;overflow:hidden;\">  \n\t\t\t\t\t\t\t  \n\t\t\t\t\t\t\t  <a  href=\"https:\/\/redept.com.br\/blogosfera\/toffoli-vota-para-responsabilizar-big-techs-por-conteudos-ilegais\/\"  >\n\t\t\t\t\t\t\t\t\t  <div class=\"yuzo-img-wrap \" style=\"width: 125px;height:90px;\">\n\t\t\t\t\t\t\t\t\t\t\n\t\t\t\t\t\t\t\t\t\t<div class=\"yuzo-img\" style=\"background:url('https:\/\/redept.com.br\/blogosfera\/wp-content\/uploads\/2024\/12\/Dias-Toffoli-150x150.png') 50% 50% no-repeat;width: 125px;height:90px;margin-bottom: 5px;background-size: cover; \"><\/div>\n\t\t\t\t\t\t\t\t\t  <\/div>\n\t\t\t\t\t\t\t\t\t  \n\t\t\t\t\t\t\t\t   <span class=\"yuzo__text--title\" style=\"font-size:13px;\">Toffoli vota para responsabilizar big techs por co...<\/span>\n\t\t\t\t\t\t\t  \n\t\t\t\t\t\t\t  \n\t\t\t\t\t\t\t  <\/a>\n\n\t\t\t\t\t\t  <\/div>\n\t\t\t\t\t\t  <div class=\"relatedthumb \" style=\"width:125px;float:left;overflow:hidden;\">  \n\t\t\t\t\t\t\t  \n\t\t\t\t\t\t\t  <a  href=\"https:\/\/redept.com.br\/blogosfera\/tvt-exibe-brasil-no-mundo-programa-que-explica-as-noticias-internacionais\/\"  >\n\t\t\t\t\t\t\t\t\t  <div class=\"yuzo-img-wrap \" style=\"width: 125px;height:90px;\">\n\t\t\t\t\t\t\t\t\t\t\n\t\t\t\t\t\t\t\t\t\t<div class=\"yuzo-img\" style=\"background:url('https:\/\/redept.com.br\/blogosfera\/wp-content\/uploads\/2025\/11\/jamil_1-e1754494999744-150x150.jpg') 50% 50% no-repeat;width: 125px;height:90px;margin-bottom: 5px;background-size: cover; \"><\/div>\n\t\t\t\t\t\t\t\t\t  <\/div>\n\t\t\t\t\t\t\t\t\t  \n\t\t\t\t\t\t\t\t   <span class=\"yuzo__text--title\" style=\"font-size:13px;\">TVT exibe Brasil no Mundo, programa que explica as...<\/span>\n\t\t\t\t\t\t\t  \n\t\t\t\t\t\t\t  \n\t\t\t\t\t\t\t  <\/a>\n\n\t\t\t\t\t\t  <\/div>\n<\/div> <script>\n\t\t\t\t\t\t  jQuery(document).ready(function( $ ){\n\t\t\t\t\t\t\t\/\/jQuery('.yuzo_related_post').equalizer({ overflow : 'relatedthumb' });\n\t\t\t\t\t\t\tjQuery('.yuzo_related_post .yuzo_wraps').equalizer({ columns : '> div' });\n\t\t\t\t\t\t   })\n\t\t\t\t\t\t  <\/script> <!-- End Yuzo :) -->","protected":false},"excerpt":{"rendered":"<p>Joana Winckler* e Filipe da Rosa** Durante a enchente de 2024 no Rio Grande do Sul, o munic\u00edpio de Eldorado do Sul ganhou as manchetes como a cidade proporcionalmente mais atingida pelas \u00e1guas: 97% da \u00e1rea urbana e 80% da \u00e1rea total do munic\u00edpio ficou submersa. Das poucas \u00e1reas que n\u00e3o foram inundadas, est\u00e1 um [&hellip;]<\/p>\n","protected":false},"author":2,"featured_media":0,"comment_status":"open","ping_status":"closed","sticky":false,"template":"","format":"standard","meta":{"fifu_image_url":"","fifu_image_alt":"","footnotes":""},"categories":[618,597,21229,42072,42073,154,22714,23153,9044,42074,42075,42076,42077,42078,9899,8439,1228,2113,9394,1675,42079,5478,5097,42080,20364,42081,42082,40690,5498,1482],"tags":[],"class_list":["post-80686","post","type-post","status-publish","format-standard","hentry","category-audiencia-publica","category-big-techs","category-computacao-em-nuvem","category-consumo-energetico","category-consumo-hidrico","category-crise-climatica","category-data-center","category-dependencia-tecnologica","category-eldorado-do-sul","category-enchente-rio-grande-do-sul-2024","category-extrativismo-digital","category-flexibilizacao-normativa","category-geopolitica-da-tecnologia","category-hiperescala","category-impacto-ambiental","category-infraestrutura-digital","category-inteligencia-artificial","category-investimento-estrangeiro","category-justica-socioambiental","category-licenciamento-ambiental","category-mina-guaiba","category-participacao-popular","category-plataformizacao","category-polo-tecnologico","category-redata","category-resistencia-comunitaria","category-scala-ai-city","category-scala-data-centers","category-soberania-digital","category-sul-global"],"_links":{"self":[{"href":"https:\/\/redept.com.br\/blogosfera\/wp-json\/wp\/v2\/posts\/80686","targetHints":{"allow":["GET"]}}],"collection":[{"href":"https:\/\/redept.com.br\/blogosfera\/wp-json\/wp\/v2\/posts"}],"about":[{"href":"https:\/\/redept.com.br\/blogosfera\/wp-json\/wp\/v2\/types\/post"}],"author":[{"embeddable":true,"href":"https:\/\/redept.com.br\/blogosfera\/wp-json\/wp\/v2\/users\/2"}],"replies":[{"embeddable":true,"href":"https:\/\/redept.com.br\/blogosfera\/wp-json\/wp\/v2\/comments?post=80686"}],"version-history":[{"count":0,"href":"https:\/\/redept.com.br\/blogosfera\/wp-json\/wp\/v2\/posts\/80686\/revisions"}],"wp:attachment":[{"href":"https:\/\/redept.com.br\/blogosfera\/wp-json\/wp\/v2\/media?parent=80686"}],"wp:term":[{"taxonomy":"category","embeddable":true,"href":"https:\/\/redept.com.br\/blogosfera\/wp-json\/wp\/v2\/categories?post=80686"},{"taxonomy":"post_tag","embeddable":true,"href":"https:\/\/redept.com.br\/blogosfera\/wp-json\/wp\/v2\/tags?post=80686"}],"curies":[{"name":"wp","href":"https:\/\/api.w.org\/{rel}","templated":true}]}}