{"id":81034,"date":"2026-04-01T17:51:11","date_gmt":"2026-04-01T20:51:11","guid":{"rendered":"https:\/\/redept.com.br\/blogosfera\/justica-suspende-obras-de-empreendimento-imobiliario-perto-da-rua-mais-arborizada-de-porto-alegre\/"},"modified":"2026-04-01T17:51:11","modified_gmt":"2026-04-01T20:51:11","slug":"justica-suspende-obras-de-empreendimento-imobiliario-perto-da-rua-mais-arborizada-de-porto-alegre","status":"publish","type":"post","link":"https:\/\/redept.com.br\/blogosfera\/justica-suspende-obras-de-empreendimento-imobiliario-perto-da-rua-mais-arborizada-de-porto-alegre\/","title":{"rendered":"Justi\u00e7a suspende obras de empreendimento imobili\u00e1rio perto da rua mais arborizada de Porto Alegre"},"content":{"rendered":"<p>A Justi\u00e7a do Rio Grande do Sul suspendeu as obras do empreendimento imobili\u00e1rio Tipuanas, de 20 andares, pr\u00f3ximo da Rua Gon\u00e7alo de Carvalho, \u00e1rea reconhecida pelo valor ambiental e paisag\u00edstico de Porto Alegre. A decis\u00e3o liminar determina a paralisa\u00e7\u00e3o imediata de qualquer interven\u00e7\u00e3o no local e obriga a prefeitura a apresentar estudos complementares. A medida [\u2026]<\/p>\n<p><a href=\"https:\/\/www.brasildefato.com.br\/2026\/04\/01\/justica-suspende-obras-de-empreendimento-imobiliario-perto-da-rua-mais-arborizada-de-porto-alegre\/\" rel=\"nofollow\">Fonte<\/a><\/p>\n<!-- Begin Yuzo --><div class='yuzo_related_post style-1'  data-version='5.12.89'><!-- without result --><div class='yuzo_clearfixed yuzo__title yuzo__title'><h3>Related Post<\/h3><\/div>\n\t\t\t\t\t\t  <div class=\"relatedthumb \" style=\"width:125px;float:left;overflow:hidden;\">  \n\t\t\t\t\t\t\t  \n\t\t\t\t\t\t\t  <a  href=\"https:\/\/redept.com.br\/blogosfera\/cidades-de-santa-catarina-e-rio-grande-do-sul-amanhecem-com-neve-e-frio-de-1oc\/\"  >\n\t\t\t\t\t\t\t\t\t  <div class=\"yuzo-img-wrap \" style=\"width: 125px;height:90px;\">\n\t\t\t\t\t\t\t\t\t\t\n\t\t\t\t\t\t\t\t\t\t<div class=\"yuzo-img\" style=\"background:url('https:\/\/redept.com.br\/blogosfera\/wp-content\/uploads\/2025\/05\/GsHjmZ6XQAABpTS-150x150.jpeg') 50% 50% no-repeat;width: 125px;height:90px;margin-bottom: 5px;background-size: cover; \"><\/div>\n\t\t\t\t\t\t\t\t\t  <\/div>\n\t\t\t\t\t\t\t\t\t  \n\t\t\t\t\t\t\t\t   <span class=\"yuzo__text--title\" style=\"font-size:13px;\">Cidades de Santa Catarina e Rio Grande do Sul aman...<\/span>\n\t\t\t\t\t\t\t  \n\t\t\t\t\t\t\t  \n\t\t\t\t\t\t\t  <\/a>\n\n\t\t\t\t\t\t  <\/div>\n\t\t\t\t\t\t  <div class=\"relatedthumb \" style=\"width:125px;float:left;overflow:hidden;\">  \n\t\t\t\t\t\t\t  \n\t\t\t\t\t\t\t  <a  href=\"https:\/\/redept.com.br\/blogosfera\/stf-e-pejotizacao-entre-a-vinganca-e-a-barbarie\/\"  >\n\t\t\t\t\t\t\t\t\t  <div class=\"yuzo-img-wrap \" style=\"width: 125px;height:90px;\">\n\t\t\t\t\t\t\t\t\t\t\n\t\t\t\t\t\t\t\t\t\t<div class=\"yuzo-img\" style=\"background:url('https:\/\/redept.org\/blogosfera\/wp-content\/plugins\/yuzo-related-post\/assets\/images\/default.png') 50% 50% no-repeat;width: 125px;height:90px;margin-bottom: 5px;background-size: cover; \"><\/div>\n\t\t\t\t\t\t\t\t\t  <\/div>\n\t\t\t\t\t\t\t\t\t  \n\t\t\t\t\t\t\t\t   <span class=\"yuzo__text--title\" style=\"font-size:13px;\">STF e pejotiza\u00e7\u00e3o: entre a vingan\u00e7a e a\u00a0barb\u00e1rie...<\/span>\n\t\t\t\t\t\t\t  \n\t\t\t\t\t\t\t  \n\t\t\t\t\t\t\t  <\/a>\n\n\t\t\t\t\t\t  <\/div>\n\t\t\t\t\t\t  <div class=\"relatedthumb \" style=\"width:125px;float:left;overflow:hidden;\">  \n\t\t\t\t\t\t\t  \n\t\t\t\t\t\t\t  <a  href=\"https:\/\/redept.com.br\/blogosfera\/o-vazador-contra-lulinha-coordena-a-campanha-de-flavio-bolsonaro-diz-reinaldo-azevedo-video\/\"  >\n\t\t\t\t\t\t\t\t\t  <div class=\"yuzo-img-wrap \" style=\"width: 125px;height:90px;\">\n\t\t\t\t\t\t\t\t\t\t\n\t\t\t\t\t\t\t\t\t\t<div class=\"yuzo-img\" style=\"background:url('https:\/\/redept.org\/blogosfera\/wp-content\/plugins\/yuzo-related-post\/assets\/images\/default.png') 50% 50% no-repeat;width: 125px;height:90px;margin-bottom: 5px;background-size: cover; \"><\/div>\n\t\t\t\t\t\t\t\t\t  <\/div>\n\t\t\t\t\t\t\t\t\t  \n\t\t\t\t\t\t\t\t   <span class=\"yuzo__text--title\" style=\"font-size:13px;\">\u201cO vazador contra Lulinha coordena a campanha de F...<\/span>\n\t\t\t\t\t\t\t  \n\t\t\t\t\t\t\t  \n\t\t\t\t\t\t\t  <\/a>\n\n\t\t\t\t\t\t  <\/div>\n\t\t\t\t\t\t  <div class=\"relatedthumb \" style=\"width:125px;float:left;overflow:hidden;\">  \n\t\t\t\t\t\t\t  \n\t\t\t\t\t\t\t  <a  href=\"https:\/\/redept.com.br\/blogosfera\/as-vesperas-da-folia-congresso-mantem-o-pe-no-freio\/\"  >\n\t\t\t\t\t\t\t\t\t  <div class=\"yuzo-img-wrap \" style=\"width: 125px;height:90px;\">\n\t\t\t\t\t\t\t\t\t\t\n\t\t\t\t\t\t\t\t\t\t<div class=\"yuzo-img\" style=\"background:url('https:\/\/redept.org\/blogosfera\/wp-content\/plugins\/yuzo-related-post\/assets\/images\/default.png') 50% 50% no-repeat;width: 125px;height:90px;margin-bottom: 5px;background-size: cover; \"><\/div>\n\t\t\t\t\t\t\t\t\t  <\/div>\n\t\t\t\t\t\t\t\t\t  \n\t\t\t\t\t\t\t\t   <span class=\"yuzo__text--title\" style=\"font-size:13px;\">\u00c0s v\u00e9speras da folia, Congresso mant\u00e9m o p\u00e9 no fre...<\/span>\n\t\t\t\t\t\t\t  \n\t\t\t\t\t\t\t  \n\t\t\t\t\t\t\t  <\/a>\n\n\t\t\t\t\t\t  <\/div>\n<\/div> <script>\n\t\t\t\t\t\t  jQuery(document).ready(function( $ ){\n\t\t\t\t\t\t\t\/\/jQuery('.yuzo_related_post').equalizer({ overflow : 'relatedthumb' });\n\t\t\t\t\t\t\tjQuery('.yuzo_related_post .yuzo_wraps').equalizer({ columns : '> div' });\n\t\t\t\t\t\t   })\n\t\t\t\t\t\t  <\/script> <!-- End Yuzo :) -->","protected":false},"excerpt":{"rendered":"<p>A Justi\u00e7a do Rio Grande do Sul suspendeu as obras do empreendimento imobili\u00e1rio Tipuanas, de 20 andares, pr\u00f3ximo da Rua Gon\u00e7alo de Carvalho, \u00e1rea reconhecida pelo valor ambiental e paisag\u00edstico de Porto Alegre. A decis\u00e3o liminar determina a paralisa\u00e7\u00e3o imediata de qualquer interven\u00e7\u00e3o no local e obriga a prefeitura a apresentar estudos complementares. A medida [&hellip;]<\/p>\n","protected":false},"author":2,"featured_media":0,"comment_status":"open","ping_status":"closed","sticky":false,"template":"","format":"standard","meta":{"fifu_image_url":"","fifu_image_alt":"","footnotes":""},"categories":[39799,33317,31786,1011,2302,40999,40687,31312,39803,42758,42759,9899,288,1675,18,39808,42760,42761,42762,8228,38,5771,42763,42764,42765,42766,19,42767,42768,42769,42770],"tags":[],"class_list":["post-81034","post","type-post","status-publish","format-standard","hentry","category-20-andares","category-acao-civil-publica","category-arborizacao-urbana","category-cidades","category-construcao","category-decisao-liminar","category-eia-rima","category-empreendimento-imobiliario","category-espigao","category-estudo-de-impacto","category-fauna-urbana","category-impacto-ambiental","category-justica","category-licenciamento-ambiental","category-meio-ambiente","category-melnick","category-microclima","category-multa-diaria","category-patricia-antunes-laydner","category-patrimonio-cultural","category-porto-alegre","category-prefeitura-de-porto-alegre","category-principio-animal","category-programa-4d","category-regeneracao-urbana","category-retrocesso-urbanistico","category-rio-grande-do-sul","category-rua-goncalo-de-carvalho","category-suspensao-de-obras","category-tipuanas","category-vara-regional-do-meio-ambiente"],"_links":{"self":[{"href":"https:\/\/redept.com.br\/blogosfera\/wp-json\/wp\/v2\/posts\/81034","targetHints":{"allow":["GET"]}}],"collection":[{"href":"https:\/\/redept.com.br\/blogosfera\/wp-json\/wp\/v2\/posts"}],"about":[{"href":"https:\/\/redept.com.br\/blogosfera\/wp-json\/wp\/v2\/types\/post"}],"author":[{"embeddable":true,"href":"https:\/\/redept.com.br\/blogosfera\/wp-json\/wp\/v2\/users\/2"}],"replies":[{"embeddable":true,"href":"https:\/\/redept.com.br\/blogosfera\/wp-json\/wp\/v2\/comments?post=81034"}],"version-history":[{"count":0,"href":"https:\/\/redept.com.br\/blogosfera\/wp-json\/wp\/v2\/posts\/81034\/revisions"}],"wp:attachment":[{"href":"https:\/\/redept.com.br\/blogosfera\/wp-json\/wp\/v2\/media?parent=81034"}],"wp:term":[{"taxonomy":"category","embeddable":true,"href":"https:\/\/redept.com.br\/blogosfera\/wp-json\/wp\/v2\/categories?post=81034"},{"taxonomy":"post_tag","embeddable":true,"href":"https:\/\/redept.com.br\/blogosfera\/wp-json\/wp\/v2\/tags?post=81034"}],"curies":[{"name":"wp","href":"https:\/\/api.w.org\/{rel}","templated":true}]}}