{"id":81039,"date":"2026-04-01T18:00:51","date_gmt":"2026-04-01T21:00:51","guid":{"rendered":"https:\/\/redept.com.br\/blogosfera\/ex-psol-e-apontado-como-lobista-que-articulou-pl-de-tabata-amaral-que-pode-calar-criticas-a-israel\/"},"modified":"2026-04-01T18:00:51","modified_gmt":"2026-04-01T21:00:51","slug":"ex-psol-e-apontado-como-lobista-que-articulou-pl-de-tabata-amaral-que-pode-calar-criticas-a-israel","status":"publish","type":"post","link":"https:\/\/redept.com.br\/blogosfera\/ex-psol-e-apontado-como-lobista-que-articulou-pl-de-tabata-amaral-que-pode-calar-criticas-a-israel\/","title":{"rendered":"Ex-PSOL \u00e9 apontado como lobista que articulou PL de Tabata Amaral que pode calar cr\u00edticas a Israel"},"content":{"rendered":"<p>Den\u00fancias que circularam nas redes sociais nesta quarta-feira (1\/abr) colocam Bruno Bimbi, ex-assessor do PSOL e atual gerente de Estrat\u00e9gia e Pol\u00edtica da StandWithUs Brasil, como um dos principais articuladores do PL 1424\/2026, projeto da deputada Tabata Amaral (PSB\/SP) que define o conceito de antissemitismo para orientar pol\u00edticas p\u00fablicas no Brasil<\/p>\n<p>O post Ex-PSOL \u00e9 apontado como lobista que articulou PL de Tabata Amaral que pode calar cr\u00edticas a Israel apareceu primeiro em .<\/p>\n<!-- Begin Yuzo --><div class='yuzo_related_post style-1'  data-version='5.12.89'><!-- without result --><div class='yuzo_clearfixed yuzo__title yuzo__title'><h3>Related Post<\/h3><\/div>\n\t\t\t\t\t\t  <div class=\"relatedthumb \" style=\"width:125px;float:left;overflow:hidden;\">  \n\t\t\t\t\t\t\t  \n\t\t\t\t\t\t\t  <a  href=\"https:\/\/redept.com.br\/blogosfera\/lindbergh-aciona-pgr-contra-flavio-apos-senador-admitir-envio-de-relatorio-da-inteligencia-do-rj-aos-eua-video\/\"  >\n\t\t\t\t\t\t\t\t\t  <div class=\"yuzo-img-wrap \" style=\"width: 125px;height:90px;\">\n\t\t\t\t\t\t\t\t\t\t\n\t\t\t\t\t\t\t\t\t\t<div class=\"yuzo-img\" style=\"background:url('https:\/\/redept.org\/blogosfera\/wp-content\/plugins\/yuzo-related-post\/assets\/images\/default.png') 50% 50% no-repeat;width: 125px;height:90px;margin-bottom: 5px;background-size: cover; \"><\/div>\n\t\t\t\t\t\t\t\t\t  <\/div>\n\t\t\t\t\t\t\t\t\t  \n\t\t\t\t\t\t\t\t   <span class=\"yuzo__text--title\" style=\"font-size:13px;\">Lindbergh aciona PGR contra Fl\u00e1vio ap\u00f3s senador ad...<\/span>\n\t\t\t\t\t\t\t  \n\t\t\t\t\t\t\t  \n\t\t\t\t\t\t\t  <\/a>\n\n\t\t\t\t\t\t  <\/div>\n\t\t\t\t\t\t  <div class=\"relatedthumb \" style=\"width:125px;float:left;overflow:hidden;\">  \n\t\t\t\t\t\t\t  \n\t\t\t\t\t\t\t  <a  href=\"https:\/\/redept.com.br\/blogosfera\/estudantes-da-usp-criam-chatbot-ta-certo-isso-ai-para-detectar-fake-news-no-whatsapp\/\"  >\n\t\t\t\t\t\t\t\t\t  <div class=\"yuzo-img-wrap \" style=\"width: 125px;height:90px;\">\n\t\t\t\t\t\t\t\t\t\t\n\t\t\t\t\t\t\t\t\t\t<div class=\"yuzo-img\" style=\"background:url('https:\/\/redept.org\/blogosfera\/wp-content\/plugins\/yuzo-related-post\/assets\/images\/default.png') 50% 50% no-repeat;width: 125px;height:90px;margin-bottom: 5px;background-size: cover; \"><\/div>\n\t\t\t\t\t\t\t\t\t  <\/div>\n\t\t\t\t\t\t\t\t\t  \n\t\t\t\t\t\t\t\t   <span class=\"yuzo__text--title\" style=\"font-size:13px;\">Estudantes da USP criam chatbot \u2018T\u00e1 certo isso a\u00ed?...<\/span>\n\t\t\t\t\t\t\t  \n\t\t\t\t\t\t\t  \n\t\t\t\t\t\t\t  <\/a>\n\n\t\t\t\t\t\t  <\/div>\n\t\t\t\t\t\t  <div class=\"relatedthumb \" style=\"width:125px;float:left;overflow:hidden;\">  \n\t\t\t\t\t\t\t  \n\t\t\t\t\t\t\t  <a  href=\"https:\/\/redept.com.br\/blogosfera\/o-descaso-do-poder-publico-com-o-transporte-publico-em-vicosa-mg\/\"  >\n\t\t\t\t\t\t\t\t\t  <div class=\"yuzo-img-wrap \" style=\"width: 125px;height:90px;\">\n\t\t\t\t\t\t\t\t\t\t\n\t\t\t\t\t\t\t\t\t\t<div class=\"yuzo-img\" style=\"background:url('https:\/\/redept.com.br\/blogosfera\/wp-content\/uploads\/2025\/06\/onibusnoponto65411-150x150.jpeg') 50% 50% no-repeat;width: 125px;height:90px;margin-bottom: 5px;background-size: cover; \"><\/div>\n\t\t\t\t\t\t\t\t\t  <\/div>\n\t\t\t\t\t\t\t\t\t  \n\t\t\t\t\t\t\t\t   <span class=\"yuzo__text--title\" style=\"font-size:13px;\">O Descaso do Poder P\u00fablico com o Transporte P\u00fablic...<\/span>\n\t\t\t\t\t\t\t  \n\t\t\t\t\t\t\t  \n\t\t\t\t\t\t\t  <\/a>\n\n\t\t\t\t\t\t  <\/div>\n\t\t\t\t\t\t  <div class=\"relatedthumb \" style=\"width:125px;float:left;overflow:hidden;\">  \n\t\t\t\t\t\t\t  \n\t\t\t\t\t\t\t  <a  href=\"https:\/\/redept.com.br\/blogosfera\/brasil-detem-tecnologia-para-producao-de-biocombustivel-de-alta-eficiencia\/\"  >\n\t\t\t\t\t\t\t\t\t  <div class=\"yuzo-img-wrap \" style=\"width: 125px;height:90px;\">\n\t\t\t\t\t\t\t\t\t\t\n\t\t\t\t\t\t\t\t\t\t<div class=\"yuzo-img\" style=\"background:url('https:\/\/redept.com.br\/blogosfera\/wp-content\/uploads\/2025\/10\/ea337f75-c8d9-4f22-95e8-6ffc69bbac5d-150x150.jpeg') 50% 50% no-repeat;width: 125px;height:90px;margin-bottom: 5px;background-size: cover; \"><\/div>\n\t\t\t\t\t\t\t\t\t  <\/div>\n\t\t\t\t\t\t\t\t\t  \n\t\t\t\t\t\t\t\t   <span class=\"yuzo__text--title\" style=\"font-size:13px;\">Brasil det\u00e9m tecnologia para produ\u00e7\u00e3o de biocombus...<\/span>\n\t\t\t\t\t\t\t  \n\t\t\t\t\t\t\t  \n\t\t\t\t\t\t\t  <\/a>\n\n\t\t\t\t\t\t  <\/div>\n<\/div> <script>\n\t\t\t\t\t\t  jQuery(document).ready(function( $ ){\n\t\t\t\t\t\t\t\/\/jQuery('.yuzo_related_post').equalizer({ overflow : 'relatedthumb' });\n\t\t\t\t\t\t\tjQuery('.yuzo_related_post .yuzo_wraps').equalizer({ columns : '> div' });\n\t\t\t\t\t\t   })\n\t\t\t\t\t\t  <\/script> <!-- End Yuzo :) -->","protected":false},"excerpt":{"rendered":"<p>Den\u00fancias que circularam nas redes sociais nesta quarta-feira (1\/abr) colocam Bruno Bimbi, ex-assessor do PSOL e atual gerente de Estrat\u00e9gia e Pol\u00edtica da StandWithUs Brasil, como um dos principais articuladores do PL 1424\/2026, projeto da deputada Tabata Amaral (PSB\/SP) que define o conceito de antissemitismo para orientar pol\u00edticas p\u00fablicas no Brasil<\/p>\n<p>O post <a rel=\"nofollow\" href=\"https:\/\/urbsmagna.com\/ex-psol-lobista-pl-tabata-amaral-antissemitismo-bruno-bimbi\/\">Ex-PSOL \u00e9 apontado como lobista que articulou PL de Tabata Amaral que pode calar cr\u00edticas a Israel<\/a> apareceu primeiro em <a rel=\"nofollow\" href=\"https:\/\/urbsmagna.com\/\"><\/a>.<\/p>\n","protected":false},"author":2,"featured_media":0,"comment_status":"open","ping_status":"closed","sticky":false,"template":"","format":"standard","meta":{"fifu_image_url":"","fifu_image_alt":"","footnotes":""},"categories":[5105,42773,273,388,536,307,42774,50,25,23394,1781,6944,39174,191,54,41966,132,5471,6877,2441,42775,919],"tags":[],"class_list":["post-81039","post","type-post","status-publish","format-standard","hentry","category-antissemitismo","category-bruno-bimbi","category-censura","category-congresso-nacional","category-democracia","category-direitos-humanos","category-ex-psol","category-internacional","category-israel","category-jean-wyllys","category-liberdade-de-expressao","category-lobby","category-lobby-israel","category-noticias","category-palestina","category-pl-1424-2026","category-politica","category-politica-nacional","category-psol","category-sionismo","category-standwithus-brasil","category-tabata-amaral"],"_links":{"self":[{"href":"https:\/\/redept.com.br\/blogosfera\/wp-json\/wp\/v2\/posts\/81039","targetHints":{"allow":["GET"]}}],"collection":[{"href":"https:\/\/redept.com.br\/blogosfera\/wp-json\/wp\/v2\/posts"}],"about":[{"href":"https:\/\/redept.com.br\/blogosfera\/wp-json\/wp\/v2\/types\/post"}],"author":[{"embeddable":true,"href":"https:\/\/redept.com.br\/blogosfera\/wp-json\/wp\/v2\/users\/2"}],"replies":[{"embeddable":true,"href":"https:\/\/redept.com.br\/blogosfera\/wp-json\/wp\/v2\/comments?post=81039"}],"version-history":[{"count":0,"href":"https:\/\/redept.com.br\/blogosfera\/wp-json\/wp\/v2\/posts\/81039\/revisions"}],"wp:attachment":[{"href":"https:\/\/redept.com.br\/blogosfera\/wp-json\/wp\/v2\/media?parent=81039"}],"wp:term":[{"taxonomy":"category","embeddable":true,"href":"https:\/\/redept.com.br\/blogosfera\/wp-json\/wp\/v2\/categories?post=81039"},{"taxonomy":"post_tag","embeddable":true,"href":"https:\/\/redept.com.br\/blogosfera\/wp-json\/wp\/v2\/tags?post=81039"}],"curies":[{"name":"wp","href":"https:\/\/api.w.org\/{rel}","templated":true}]}}