{"id":81042,"date":"2026-04-01T18:13:59","date_gmt":"2026-04-01T21:13:59","guid":{"rendered":"https:\/\/redept.com.br\/blogosfera\/prazo-para-eleitores-solicitarem-biometria-termina-na-proxima-segunda-6\/"},"modified":"2026-04-01T18:13:59","modified_gmt":"2026-04-01T21:13:59","slug":"prazo-para-eleitores-solicitarem-biometria-termina-na-proxima-segunda-6","status":"publish","type":"post","link":"https:\/\/redept.com.br\/blogosfera\/prazo-para-eleitores-solicitarem-biometria-termina-na-proxima-segunda-6\/","title":{"rendered":"Prazo para eleitores solicitarem biometria termina na pr\u00f3xima segunda (6)"},"content":{"rendered":"<p>O cadastro biom\u00e9trico \u00e9 exigido para acessar servi\u00e7os on-line, como emiss\u00e3o do primeiro t\u00edtulo e atualiza\u00e7\u00e3o de dados<\/p>\n<p><a href=\"https:\/\/www.brasildefato.com.br\/2026\/04\/01\/prazo-para-eleitores-solicitarem-biometria-termina-na-proxima-segunda-6\/\" rel=\"nofollow\">Fonte<\/a><\/p>\n<!-- Begin Yuzo --><div class='yuzo_related_post style-1'  data-version='5.12.89'><!-- without result --><div class='yuzo_clearfixed yuzo__title yuzo__title'><h3>Related Post<\/h3><\/div>\n\t\t\t\t\t\t  <div class=\"relatedthumb \" style=\"width:125px;float:left;overflow:hidden;\">  \n\t\t\t\t\t\t\t  \n\t\t\t\t\t\t\t  <a  href=\"https:\/\/redept.com.br\/blogosfera\/the-dictatorship-ruined-this-country-how-the-coup-interrupted-paulo-freires-ideas-for-education\/\"  >\n\t\t\t\t\t\t\t\t\t  <div class=\"yuzo-img-wrap \" style=\"width: 125px;height:90px;\">\n\t\t\t\t\t\t\t\t\t\t\n\t\t\t\t\t\t\t\t\t\t<div class=\"yuzo-img\" style=\"background:url('https:\/\/redept.org\/blogosfera\/wp-content\/plugins\/yuzo-related-post\/assets\/images\/default.png') 50% 50% no-repeat;width: 125px;height:90px;margin-bottom: 5px;background-size: cover; \"><\/div>\n\t\t\t\t\t\t\t\t\t  <\/div>\n\t\t\t\t\t\t\t\t\t  \n\t\t\t\t\t\t\t\t   <span class=\"yuzo__text--title\" style=\"font-size:13px;\">\u2018The dictatorship ruined this country\u2019...<\/span>\n\t\t\t\t\t\t\t  \n\t\t\t\t\t\t\t  \n\t\t\t\t\t\t\t  <\/a>\n\n\t\t\t\t\t\t  <\/div>\n\t\t\t\t\t\t  <div class=\"relatedthumb \" style=\"width:125px;float:left;overflow:hidden;\">  \n\t\t\t\t\t\t\t  \n\t\t\t\t\t\t\t  <a  href=\"https:\/\/redept.com.br\/blogosfera\/movimentos-celebram-dia-da-rebeldia-cubana-com-doacoes-para-dirimir-bloqueio-dos-eua\/\"  >\n\t\t\t\t\t\t\t\t\t  <div class=\"yuzo-img-wrap \" style=\"width: 125px;height:90px;\">\n\t\t\t\t\t\t\t\t\t\t\n\t\t\t\t\t\t\t\t\t\t<div class=\"yuzo-img\" style=\"background:url('https:\/\/redept.org\/blogosfera\/wp-content\/plugins\/yuzo-related-post\/assets\/images\/default.png') 50% 50% no-repeat;width: 125px;height:90px;margin-bottom: 5px;background-size: cover; \"><\/div>\n\t\t\t\t\t\t\t\t\t  <\/div>\n\t\t\t\t\t\t\t\t\t  \n\t\t\t\t\t\t\t\t   <span class=\"yuzo__text--title\" style=\"font-size:13px;\">Movimentos celebram Dia da Rebeldia Cubana com doa...<\/span>\n\t\t\t\t\t\t\t  \n\t\t\t\t\t\t\t  \n\t\t\t\t\t\t\t  <\/a>\n\n\t\t\t\t\t\t  <\/div>\n\t\t\t\t\t\t  <div class=\"relatedthumb \" style=\"width:125px;float:left;overflow:hidden;\">  \n\t\t\t\t\t\t\t  \n\t\t\t\t\t\t\t  <a  href=\"https:\/\/redept.com.br\/blogosfera\/cop30-termina-sem-citar-combustiveis-fosseis-e-reacende-criticas-a-falta-de-compromisso-global\/\"  >\n\t\t\t\t\t\t\t\t\t  <div class=\"yuzo-img-wrap \" style=\"width: 125px;height:90px;\">\n\t\t\t\t\t\t\t\t\t\t\n\t\t\t\t\t\t\t\t\t\t<div class=\"yuzo-img\" style=\"background:url('https:\/\/redept.com.br\/blogosfera\/wp-content\/uploads\/2025\/11\/kentebe-morgera-isabel-harari-150x150.jpg') 50% 50% no-repeat;width: 125px;height:90px;margin-bottom: 5px;background-size: cover; \"><\/div>\n\t\t\t\t\t\t\t\t\t  <\/div>\n\t\t\t\t\t\t\t\t\t  \n\t\t\t\t\t\t\t\t   <span class=\"yuzo__text--title\" style=\"font-size:13px;\">COP30 termina sem citar combust\u00edveis f\u00f3sseis e rea...<\/span>\n\t\t\t\t\t\t\t  \n\t\t\t\t\t\t\t  \n\t\t\t\t\t\t\t  <\/a>\n\n\t\t\t\t\t\t  <\/div>\n\t\t\t\t\t\t  <div class=\"relatedthumb \" style=\"width:125px;float:left;overflow:hidden;\">  \n\t\t\t\t\t\t\t  \n\t\t\t\t\t\t\t  <a  href=\"https:\/\/redept.com.br\/blogosfera\/procurador-do-dnit-tem-condenacao-por-ameacar-lider-quilombola-no-maranhao\/\"  >\n\t\t\t\t\t\t\t\t\t  <div class=\"yuzo-img-wrap \" style=\"width: 125px;height:90px;\">\n\t\t\t\t\t\t\t\t\t\t\n\t\t\t\t\t\t\t\t\t\t<div class=\"yuzo-img\" style=\"background:url('https:\/\/redept.org\/blogosfera\/wp-content\/plugins\/yuzo-related-post\/assets\/images\/default.png') 50% 50% no-repeat;width: 125px;height:90px;margin-bottom: 5px;background-size: cover; \"><\/div>\n\t\t\t\t\t\t\t\t\t  <\/div>\n\t\t\t\t\t\t\t\t\t  \n\t\t\t\t\t\t\t\t   <span class=\"yuzo__text--title\" style=\"font-size:13px;\">Procurador do Dnit tem condena\u00e7\u00e3o por amea\u00e7ar l\u00edde...<\/span>\n\t\t\t\t\t\t\t  \n\t\t\t\t\t\t\t  \n\t\t\t\t\t\t\t  <\/a>\n\n\t\t\t\t\t\t  <\/div>\n<\/div> <script>\n\t\t\t\t\t\t  jQuery(document).ready(function( $ ){\n\t\t\t\t\t\t\t\/\/jQuery('.yuzo_related_post').equalizer({ overflow : 'relatedthumb' });\n\t\t\t\t\t\t\tjQuery('.yuzo_related_post .yuzo_wraps').equalizer({ columns : '> div' });\n\t\t\t\t\t\t   })\n\t\t\t\t\t\t  <\/script> <!-- End Yuzo :) -->","protected":false},"excerpt":{"rendered":"<p>O cadastro biom\u00e9trico \u00e9 exigido para acessar servi\u00e7os on-line, como emiss\u00e3o do primeiro t\u00edtulo e atualiza\u00e7\u00e3o de dados Fonte Related Post Ramagem preso nos EUA: condena\u00e7\u00e3o por golpe pode f&#8230; Lei de Incentivo ao Esporte fica sob amea\u00e7a com aj&#8230; Brasil n\u00e3o pode se ajoelhar, diz analista sobre ta&#8230; Revista Ti\u00e7\u00e3o retoma publica\u00e7\u00f5es ap\u00f3s mais [&hellip;]<\/p>\n","protected":false},"author":2,"featured_media":0,"comment_status":"open","ping_status":"closed","sticky":false,"template":"","format":"standard","meta":{"fifu_image_url":"","fifu_image_alt":"","footnotes":""},"categories":[42806,42807,42808,42809,42810,42811,42812,42813,42814,42815,42816,1760,42817,42818,876,132,42819,42820,42821,26665,42822,42823,42824,42825,42826,42827,271,42828,42829,42830],"tags":[],"class_list":["post-81042","post","type-post","status-publish","format-standard","hentry","category-aplicativo-e-titulo","category-atualizacao-de-dados","category-autoatendimento-eleitoral","category-biometria-eleitoral","category-cadastro-biometrico","category-cadastro-eleitoral","category-cartorio-eleitoral","category-comprovante-de-residencia","category-consulta-situacao-titulo","category-documento-com-foto","category-e-titulo","category-eleicoes-2026","category-eleitor","category-emissao-titulo","category-justica-eleitoral","category-politica","category-prazo-6-de-abril","category-prazo-6-de-maio","category-prazo-biometria","category-primeiro-turno-eleicoes","category-quitacao-militar","category-regularizacao-eleitoral","category-segundo-turno-eleicoes","category-servicos-eleitorais-online","category-titulo-eleitoral","category-transferencia-de-domicilio","category-tse","category-voto-facultativo","category-voto-obrigatorio","category-voto-sem-biometria"],"_links":{"self":[{"href":"https:\/\/redept.com.br\/blogosfera\/wp-json\/wp\/v2\/posts\/81042","targetHints":{"allow":["GET"]}}],"collection":[{"href":"https:\/\/redept.com.br\/blogosfera\/wp-json\/wp\/v2\/posts"}],"about":[{"href":"https:\/\/redept.com.br\/blogosfera\/wp-json\/wp\/v2\/types\/post"}],"author":[{"embeddable":true,"href":"https:\/\/redept.com.br\/blogosfera\/wp-json\/wp\/v2\/users\/2"}],"replies":[{"embeddable":true,"href":"https:\/\/redept.com.br\/blogosfera\/wp-json\/wp\/v2\/comments?post=81042"}],"version-history":[{"count":0,"href":"https:\/\/redept.com.br\/blogosfera\/wp-json\/wp\/v2\/posts\/81042\/revisions"}],"wp:attachment":[{"href":"https:\/\/redept.com.br\/blogosfera\/wp-json\/wp\/v2\/media?parent=81042"}],"wp:term":[{"taxonomy":"category","embeddable":true,"href":"https:\/\/redept.com.br\/blogosfera\/wp-json\/wp\/v2\/categories?post=81042"},{"taxonomy":"post_tag","embeddable":true,"href":"https:\/\/redept.com.br\/blogosfera\/wp-json\/wp\/v2\/tags?post=81042"}],"curies":[{"name":"wp","href":"https:\/\/api.w.org\/{rel}","templated":true}]}}