{"id":81061,"date":"2026-04-01T21:13:55","date_gmt":"2026-04-02T00:13:55","guid":{"rendered":"https:\/\/redept.com.br\/blogosfera\/guerra-contra-o-ira-e-desnecessaria-e-baseada-em-mentira-diz-lula\/"},"modified":"2026-04-01T21:13:55","modified_gmt":"2026-04-02T00:13:55","slug":"guerra-contra-o-ira-e-desnecessaria-e-baseada-em-mentira-diz-lula","status":"publish","type":"post","link":"https:\/\/redept.com.br\/blogosfera\/guerra-contra-o-ira-e-desnecessaria-e-baseada-em-mentira-diz-lula\/","title":{"rendered":"Guerra contra o Ir\u00e3 \u00e9 desnecess\u00e1ria e baseada em mentira, diz Lula"},"content":{"rendered":"<p>O presidente Luiz In\u00e1cio Lula da Silva criticou nesta quarta-feira (1\u00ba) a guerra dos Estados Unidos e de Israel contra o Ir\u00e3, classificando o conflito como \u201cdesnecess\u00e1rio\u201d.\u00a0Lula disse ainda que \u00e9\u00a0\u201cmentirosa\u201d a justificativa usada pelos dois pa\u00edses sobre o desenvolvimento de\u00a0armas nucleares por parte da na\u00e7\u00e3o persa. \u201cOs Estados Unidos da Am\u00e9rica do Norte se [\u2026]<\/p>\n<p><a href=\"https:\/\/www.brasildefato.com.br\/2026\/04\/01\/guerra-contra-o-ira-e-desnecessaria-e-baseada-em-mentira-diz-lula\/\" rel=\"nofollow\">Fonte<\/a><\/p>\n<!-- Begin Yuzo --><div class='yuzo_related_post style-1'  data-version='5.12.89'><!-- without result --><div class='yuzo_clearfixed yuzo__title yuzo__title'><h3>Related Post<\/h3><\/div>\n\t\t\t\t\t\t  <div class=\"relatedthumb \" style=\"width:125px;float:left;overflow:hidden;\">  \n\t\t\t\t\t\t\t  \n\t\t\t\t\t\t\t  <a  href=\"https:\/\/redept.com.br\/blogosfera\/zambelli-leva-surra-de-colegas-presidiarias-na-italia-e-e-transferida-de-cela\/\"  >\n\t\t\t\t\t\t\t\t\t  <div class=\"yuzo-img-wrap \" style=\"width: 125px;height:90px;\">\n\t\t\t\t\t\t\t\t\t\t\n\t\t\t\t\t\t\t\t\t\t<div class=\"yuzo-img\" style=\"background:url('https:\/\/redept.org\/blogosfera\/wp-content\/plugins\/yuzo-related-post\/assets\/images\/default.png') 50% 50% no-repeat;width: 125px;height:90px;margin-bottom: 5px;background-size: cover; \"><\/div>\n\t\t\t\t\t\t\t\t\t  <\/div>\n\t\t\t\t\t\t\t\t\t  \n\t\t\t\t\t\t\t\t   <span class=\"yuzo__text--title\" style=\"font-size:13px;\">Zambelli leva surra de colegas presidi\u00e1rias na It\u00e1...<\/span>\n\t\t\t\t\t\t\t  \n\t\t\t\t\t\t\t  \n\t\t\t\t\t\t\t  <\/a>\n\n\t\t\t\t\t\t  <\/div>\n\t\t\t\t\t\t  <div class=\"relatedthumb \" style=\"width:125px;float:left;overflow:hidden;\">  \n\t\t\t\t\t\t\t  \n\t\t\t\t\t\t\t  <a  href=\"https:\/\/redept.com.br\/blogosfera\/primeiras-medidas-do-governo-lula-dao-resultado-e-preco-dos-alimentos-comeca-a-cair\/\"  >\n\t\t\t\t\t\t\t\t\t  <div class=\"yuzo-img-wrap \" style=\"width: 125px;height:90px;\">\n\t\t\t\t\t\t\t\t\t\t\n\t\t\t\t\t\t\t\t\t\t<div class=\"yuzo-img\" style=\"background:url('https:\/\/redept.org\/blogosfera\/wp-content\/plugins\/yuzo-related-post\/assets\/images\/default.png') 50% 50% no-repeat;width: 125px;height:90px;margin-bottom: 5px;background-size: cover; \"><\/div>\n\t\t\t\t\t\t\t\t\t  <\/div>\n\t\t\t\t\t\t\t\t\t  \n\t\t\t\t\t\t\t\t   <span class=\"yuzo__text--title\" style=\"font-size:13px;\">Primeiras medidas do governo Lula d\u00e3o resultado, e...<\/span>\n\t\t\t\t\t\t\t  \n\t\t\t\t\t\t\t  \n\t\t\t\t\t\t\t  <\/a>\n\n\t\t\t\t\t\t  <\/div>\n\t\t\t\t\t\t  <div class=\"relatedthumb \" style=\"width:125px;float:left;overflow:hidden;\">  \n\t\t\t\t\t\t\t  \n\t\t\t\t\t\t\t  <a  href=\"https:\/\/redept.com.br\/blogosfera\/oms-diz-que-o-sus-e-modelo-para-o-mundo-lula-agradece\/\"  >\n\t\t\t\t\t\t\t\t\t  <div class=\"yuzo-img-wrap \" style=\"width: 125px;height:90px;\">\n\t\t\t\t\t\t\t\t\t\t\n\t\t\t\t\t\t\t\t\t\t<div class=\"yuzo-img\" style=\"background:url('https:\/\/redept.org\/blogosfera\/wp-content\/plugins\/yuzo-related-post\/assets\/images\/default.png') 50% 50% no-repeat;width: 125px;height:90px;margin-bottom: 5px;background-size: cover; \"><\/div>\n\t\t\t\t\t\t\t\t\t  <\/div>\n\t\t\t\t\t\t\t\t\t  \n\t\t\t\t\t\t\t\t   <span class=\"yuzo__text--title\" style=\"font-size:13px;\">OMS diz que o SUS \u00e9 modelo para o mundo; Lula agra...<\/span>\n\t\t\t\t\t\t\t  \n\t\t\t\t\t\t\t  \n\t\t\t\t\t\t\t  <\/a>\n\n\t\t\t\t\t\t  <\/div>\n\t\t\t\t\t\t  <div class=\"relatedthumb \" style=\"width:125px;float:left;overflow:hidden;\">  \n\t\t\t\t\t\t\t  \n\t\t\t\t\t\t\t  <a  href=\"https:\/\/redept.com.br\/blogosfera\/aves-infectadas-com-virus-teriam-sido-testadas-pelos-eua-como-armas-biologicas-no-brasil\/\"  >\n\t\t\t\t\t\t\t\t\t  <div class=\"yuzo-img-wrap \" style=\"width: 125px;height:90px;\">\n\t\t\t\t\t\t\t\t\t\t\n\t\t\t\t\t\t\t\t\t\t<div class=\"yuzo-img\" style=\"background:url('https:\/\/redept.org\/blogosfera\/wp-content\/plugins\/yuzo-related-post\/assets\/images\/default.png') 50% 50% no-repeat;width: 125px;height:90px;margin-bottom: 5px;background-size: cover; \"><\/div>\n\t\t\t\t\t\t\t\t\t  <\/div>\n\t\t\t\t\t\t\t\t\t  \n\t\t\t\t\t\t\t\t   <span class=\"yuzo__text--title\" style=\"font-size:13px;\">Aves infectadas com v\u00edrus teriam sido testadas pel...<\/span>\n\t\t\t\t\t\t\t  \n\t\t\t\t\t\t\t  \n\t\t\t\t\t\t\t  <\/a>\n\n\t\t\t\t\t\t  <\/div>\n<\/div> <script>\n\t\t\t\t\t\t  jQuery(document).ready(function( $ ){\n\t\t\t\t\t\t\t\/\/jQuery('.yuzo_related_post').equalizer({ overflow : 'relatedthumb' });\n\t\t\t\t\t\t\tjQuery('.yuzo_related_post .yuzo_wraps').equalizer({ columns : '> div' });\n\t\t\t\t\t\t   })\n\t\t\t\t\t\t  <\/script> <!-- End Yuzo :) -->","protected":false},"excerpt":{"rendered":"<p>O presidente Luiz In\u00e1cio Lula da Silva criticou nesta quarta-feira (1\u00ba) a guerra dos Estados Unidos e de Israel contra o Ir\u00e3, classificando o conflito como \u201cdesnecess\u00e1rio\u201d.\u00a0Lula disse ainda que \u00e9\u00a0\u201cmentirosa\u201d a justificativa usada pelos dois pa\u00edses sobre o desenvolvimento de\u00a0armas nucleares por parte da na\u00e7\u00e3o persa. \u201cOs Estados Unidos da Am\u00e9rica do Norte se [&hellip;]<\/p>\n","protected":false},"author":2,"featured_media":0,"comment_status":"open","ping_status":"closed","sticky":false,"template":"","format":"standard","meta":{"fifu_image_url":"","fifu_image_alt":"","footnotes":""},"categories":[8250,8255,3506,19078,3850,3453,5911,8695,394,8650,6603,1312,23,122,50,41,25,112,6596,591,238,1647,2827,1764,26552,501,3120,32733,42919,6994],"tags":[],"class_list":["post-81061","post","type-post","status-publish","format-standard","hentry","category-acordo-nuclear","category-ali-khamenei","category-armas-nucleares","category-barack-obama","category-br-distribuidora","category-combustiveis","category-dario-durigan","category-diplomacia-brasileira","category-estados-unidos","category-estreito-de-ormuz","category-fiscalizacao","category-geopolitica","category-guerra","category-inflacao","category-internacional","category-ira","category-israel","category-lula","category-medida-provisoria","category-ministerio-da-fazenda","category-oriente-medio","category-petrobras","category-petroleo","category-policia-federal","category-preco-do-diesel","category-privatizacao","category-procon","category-subsidio","category-transporte-rodoviario","category-uranio"],"_links":{"self":[{"href":"https:\/\/redept.com.br\/blogosfera\/wp-json\/wp\/v2\/posts\/81061","targetHints":{"allow":["GET"]}}],"collection":[{"href":"https:\/\/redept.com.br\/blogosfera\/wp-json\/wp\/v2\/posts"}],"about":[{"href":"https:\/\/redept.com.br\/blogosfera\/wp-json\/wp\/v2\/types\/post"}],"author":[{"embeddable":true,"href":"https:\/\/redept.com.br\/blogosfera\/wp-json\/wp\/v2\/users\/2"}],"replies":[{"embeddable":true,"href":"https:\/\/redept.com.br\/blogosfera\/wp-json\/wp\/v2\/comments?post=81061"}],"version-history":[{"count":0,"href":"https:\/\/redept.com.br\/blogosfera\/wp-json\/wp\/v2\/posts\/81061\/revisions"}],"wp:attachment":[{"href":"https:\/\/redept.com.br\/blogosfera\/wp-json\/wp\/v2\/media?parent=81061"}],"wp:term":[{"taxonomy":"category","embeddable":true,"href":"https:\/\/redept.com.br\/blogosfera\/wp-json\/wp\/v2\/categories?post=81061"},{"taxonomy":"post_tag","embeddable":true,"href":"https:\/\/redept.com.br\/blogosfera\/wp-json\/wp\/v2\/tags?post=81061"}],"curies":[{"name":"wp","href":"https:\/\/api.w.org\/{rel}","templated":true}]}}