{"id":81162,"date":"2026-04-02T14:01:16","date_gmt":"2026-04-02T17:01:16","guid":{"rendered":"https:\/\/redept.com.br\/blogosfera\/russia-prepara-novo-envio-de-petroleo-a-cuba\/"},"modified":"2026-04-02T14:01:16","modified_gmt":"2026-04-02T17:01:16","slug":"russia-prepara-novo-envio-de-petroleo-a-cuba","status":"publish","type":"post","link":"https:\/\/redept.com.br\/blogosfera\/russia-prepara-novo-envio-de-petroleo-a-cuba\/","title":{"rendered":"R\u00fassia prepara novo envio de petr\u00f3leo a Cuba"},"content":{"rendered":"<p>A R\u00fassia j\u00e1 come\u00e7ou a carregar um segundo navio petroleiro a Cuba com petr\u00f3leo O an\u00fancio foi feito nesta quinta-feira (2) pelo Ministro da Energia, Serguei Tsivilev, durante o f\u00f3rum \u201cEnergoprom-2026\u201d, em S\u00e3o Petersburgo, que contou com a participa\u00e7\u00e3o de representantes cubanos. Segundo o ministro russo, Cuba est\u00e1 \u201csob bloqueio total e est\u00e1 isolada\u201d. \u201cDe [\u2026]<\/p>\n<p><a href=\"https:\/\/www.brasildefato.com.br\/2026\/04\/02\/russia-prepara-novo-envio-de-petroleo-a-cuba\/\" rel=\"nofollow\">Fonte<\/a><\/p>\n<!-- Begin Yuzo --><div class='yuzo_related_post style-1'  data-version='5.12.89'><!-- without result --><div class='yuzo_clearfixed yuzo__title yuzo__title'><h3>Related Post<\/h3><\/div>\n\t\t\t\t\t\t  <div class=\"relatedthumb \" style=\"width:125px;float:left;overflow:hidden;\">  \n\t\t\t\t\t\t\t  \n\t\t\t\t\t\t\t  <a  href=\"https:\/\/redept.com.br\/blogosfera\/cupula-dos-povos-responsabiliza-capitalismo-e-cobra-fim-dos-combustiveis-fosseis\/\"  >\n\t\t\t\t\t\t\t\t\t  <div class=\"yuzo-img-wrap \" style=\"width: 125px;height:90px;\">\n\t\t\t\t\t\t\t\t\t\t\n\t\t\t\t\t\t\t\t\t\t<div class=\"yuzo-img\" style=\"background:url('https:\/\/redept.com.br\/blogosfera\/wp-content\/uploads\/2025\/11\/rbr7876-150x150.webp') 50% 50% no-repeat;width: 125px;height:90px;margin-bottom: 5px;background-size: cover; \"><\/div>\n\t\t\t\t\t\t\t\t\t  <\/div>\n\t\t\t\t\t\t\t\t\t  \n\t\t\t\t\t\t\t\t   <span class=\"yuzo__text--title\" style=\"font-size:13px;\">C\u00fapula dos Povos responsabiliza capitalismo e cobr...<\/span>\n\t\t\t\t\t\t\t  \n\t\t\t\t\t\t\t  \n\t\t\t\t\t\t\t  <\/a>\n\n\t\t\t\t\t\t  <\/div>\n\t\t\t\t\t\t  <div class=\"relatedthumb \" style=\"width:125px;float:left;overflow:hidden;\">  \n\t\t\t\t\t\t\t  \n\t\t\t\t\t\t\t  <a  href=\"https:\/\/redept.com.br\/blogosfera\/cruz-vermelha-recebera-corpos-de-refens-em-gaza-apos-ameacas-de-israel\/\"  >\n\t\t\t\t\t\t\t\t\t  <div class=\"yuzo-img-wrap \" style=\"width: 125px;height:90px;\">\n\t\t\t\t\t\t\t\t\t\t\n\t\t\t\t\t\t\t\t\t\t<div class=\"yuzo-img\" style=\"background:url('https:\/\/redept.com.br\/blogosfera\/wp-content\/uploads\/2025\/10\/b5d2c238-088c-4cde-8b06-5281374a8a51-israel1-150x150.webp') 50% 50% no-repeat;width: 125px;height:90px;margin-bottom: 5px;background-size: cover; \"><\/div>\n\t\t\t\t\t\t\t\t\t  <\/div>\n\t\t\t\t\t\t\t\t\t  \n\t\t\t\t\t\t\t\t   <span class=\"yuzo__text--title\" style=\"font-size:13px;\">Cruz Vermelha receber\u00e1 corpos de ref\u00e9ns em Gaza ap...<\/span>\n\t\t\t\t\t\t\t  \n\t\t\t\t\t\t\t  \n\t\t\t\t\t\t\t  <\/a>\n\n\t\t\t\t\t\t  <\/div>\n\t\t\t\t\t\t  <div class=\"relatedthumb \" style=\"width:125px;float:left;overflow:hidden;\">  \n\t\t\t\t\t\t\t  \n\t\t\t\t\t\t\t  <a  href=\"https:\/\/redept.com.br\/blogosfera\/conferencia-nacional-de-mulheres-avanca-para-mais-conquistas-e-direitos\/\"  >\n\t\t\t\t\t\t\t\t\t  <div class=\"yuzo-img-wrap \" style=\"width: 125px;height:90px;\">\n\t\t\t\t\t\t\t\t\t\t\n\t\t\t\t\t\t\t\t\t\t<div class=\"yuzo-img\" style=\"background:url('https:\/\/redept.com.br\/blogosfera\/wp-content\/uploads\/2025\/10\/UBM-conferencia-150x150.jpg') 50% 50% no-repeat;width: 125px;height:90px;margin-bottom: 5px;background-size: cover; \"><\/div>\n\t\t\t\t\t\t\t\t\t  <\/div>\n\t\t\t\t\t\t\t\t\t  \n\t\t\t\t\t\t\t\t   <span class=\"yuzo__text--title\" style=\"font-size:13px;\">Confer\u00eancia Nacional de Mulheres avan\u00e7a para mais ...<\/span>\n\t\t\t\t\t\t\t  \n\t\t\t\t\t\t\t  \n\t\t\t\t\t\t\t  <\/a>\n\n\t\t\t\t\t\t  <\/div>\n\t\t\t\t\t\t  <div class=\"relatedthumb \" style=\"width:125px;float:left;overflow:hidden;\">  \n\t\t\t\t\t\t\t  \n\t\t\t\t\t\t\t  <a  href=\"https:\/\/redept.com.br\/blogosfera\/governo-trump-desmonta-calendario-de-vacinas-pediatricas-e-afronta-a-ciencia\/\"  >\n\t\t\t\t\t\t\t\t\t  <div class=\"yuzo-img-wrap \" style=\"width: 125px;height:90px;\">\n\t\t\t\t\t\t\t\t\t\t\n\t\t\t\t\t\t\t\t\t\t<div class=\"yuzo-img\" style=\"background:url('https:\/\/redept.com.br\/blogosfera\/wp-content\/uploads\/2026\/01\/105556507_gettyimages-857285148-150x150.jpg') 50% 50% no-repeat;width: 125px;height:90px;margin-bottom: 5px;background-size: cover; \"><\/div>\n\t\t\t\t\t\t\t\t\t  <\/div>\n\t\t\t\t\t\t\t\t\t  \n\t\t\t\t\t\t\t\t   <span class=\"yuzo__text--title\" style=\"font-size:13px;\">Governo Trump desmonta calend\u00e1rio de vacinas pedi\u00e1...<\/span>\n\t\t\t\t\t\t\t  \n\t\t\t\t\t\t\t  \n\t\t\t\t\t\t\t  <\/a>\n\n\t\t\t\t\t\t  <\/div>\n<\/div> <script>\n\t\t\t\t\t\t  jQuery(document).ready(function( $ ){\n\t\t\t\t\t\t\t\/\/jQuery('.yuzo_related_post').equalizer({ overflow : 'relatedthumb' });\n\t\t\t\t\t\t\tjQuery('.yuzo_related_post .yuzo_wraps').equalizer({ columns : '> div' });\n\t\t\t\t\t\t   })\n\t\t\t\t\t\t  <\/script> <!-- End Yuzo :) -->","protected":false},"excerpt":{"rendered":"<p>A R\u00fassia j\u00e1 come\u00e7ou a carregar um segundo navio petroleiro a Cuba com petr\u00f3leo O an\u00fancio foi feito nesta quinta-feira (2) pelo Ministro da Energia, Serguei Tsivilev, durante o f\u00f3rum \u201cEnergoprom-2026\u201d, em S\u00e3o Petersburgo, que contou com a participa\u00e7\u00e3o de representantes cubanos. Segundo o ministro russo, Cuba est\u00e1 \u201csob bloqueio total e est\u00e1 isolada\u201d. \u201cDe [&hellip;]<\/p>\n","protected":false},"author":2,"featured_media":0,"comment_status":"open","ping_status":"closed","sticky":false,"template":"","format":"standard","meta":{"fifu_image_url":"","fifu_image_alt":"","footnotes":""},"categories":[4084,41776,1176,35706,3366,7493,12962,1426,1185,43029,43030,9,41784,1312,43031,50,32718,726,1876,41788,13669,41754,2827,1315,43,294,5293,43032,41793,431,1049,1422],"tags":[],"class_list":["post-81162","post","type-post","status-publish","format-standard","hentry","category-ajuda-humanitaria","category-anatoly-kolodkin","category-apagoes","category-bloqueio-dos-eua","category-caribe","category-combustivel","category-cooperacao-bilateral","category-crise-energetica","category-cuba","category-energoprom-2026","category-envio-de-petroleo","category-eua","category-fornecimento-de-energia","category-geopolitica","category-ilha-da-liberdade","category-internacional","category-maria-zakharova","category-mexico","category-miguel-diaz-canel","category-navio-petroleiro","category-parceria-estrategica","category-petroleiro-russo","category-petroleo","category-relacoes-internacionais","category-russia","category-sancoes","category-sao-petersburgo","category-serguei-tsivilev","category-sistema-energetico","category-solidariedade","category-venezuela","category-vladimir-putin"],"_links":{"self":[{"href":"https:\/\/redept.com.br\/blogosfera\/wp-json\/wp\/v2\/posts\/81162","targetHints":{"allow":["GET"]}}],"collection":[{"href":"https:\/\/redept.com.br\/blogosfera\/wp-json\/wp\/v2\/posts"}],"about":[{"href":"https:\/\/redept.com.br\/blogosfera\/wp-json\/wp\/v2\/types\/post"}],"author":[{"embeddable":true,"href":"https:\/\/redept.com.br\/blogosfera\/wp-json\/wp\/v2\/users\/2"}],"replies":[{"embeddable":true,"href":"https:\/\/redept.com.br\/blogosfera\/wp-json\/wp\/v2\/comments?post=81162"}],"version-history":[{"count":0,"href":"https:\/\/redept.com.br\/blogosfera\/wp-json\/wp\/v2\/posts\/81162\/revisions"}],"wp:attachment":[{"href":"https:\/\/redept.com.br\/blogosfera\/wp-json\/wp\/v2\/media?parent=81162"}],"wp:term":[{"taxonomy":"category","embeddable":true,"href":"https:\/\/redept.com.br\/blogosfera\/wp-json\/wp\/v2\/categories?post=81162"},{"taxonomy":"post_tag","embeddable":true,"href":"https:\/\/redept.com.br\/blogosfera\/wp-json\/wp\/v2\/tags?post=81162"}],"curies":[{"name":"wp","href":"https:\/\/api.w.org\/{rel}","templated":true}]}}