{"id":81208,"date":"2026-04-02T16:17:38","date_gmt":"2026-04-02T19:17:38","guid":{"rendered":"https:\/\/redept.com.br\/blogosfera\/o-veiculo-leve-sobre-trilhos-vlt-deve-transformar-o-transporte-publico-de-salvador\/"},"modified":"2026-04-02T16:17:38","modified_gmt":"2026-04-02T19:17:38","slug":"o-veiculo-leve-sobre-trilhos-vlt-deve-transformar-o-transporte-publico-de-salvador","status":"publish","type":"post","link":"https:\/\/redept.com.br\/blogosfera\/o-veiculo-leve-sobre-trilhos-vlt-deve-transformar-o-transporte-publico-de-salvador\/","title":{"rendered":"O Ve\u00edculo Leve sobre Trilhos (VLT) deve transformar o transporte p\u00fablico de Salvador"},"content":{"rendered":"<p>O Ve\u00edculo Leve sobre Trilhos (VLT) avan\u00e7a em mais uma etapa e amplia a perspectiva de mudan\u00e7a no transporte p\u00fablico da capital baiana. <a href=\"https:\/\/tvtnews.com.br\/\" data-type=\"link\" data-id=\"https:\/\/tvtnews.com.br\/\">Leia em TVT News.<\/a><\/p>\n<p>Nesta quinta-feira (2), o governador <a href=\"https:\/\/tvtnews.com.br\/eleicoes-2026-pt-uniao-disputam-governo-bahia-8-25\/\" data-type=\"post\" data-id=\"761063\">Jer\u00f4nimo Rodrigues<\/a>, acompanhado do <a href=\"https:\/\/tvtnews.com.br\/tag\/governo-lula\/\" data-type=\"post_tag\" data-id=\"4208\">presidente Luiz In\u00e1cio Lula da Silva <\/a>e do ministro da Casa Civil, Rui Costa, autorizou a publica\u00e7\u00e3o do edital para a Expans\u00e3o Oeste do sistema, no trecho Baixa do Fiscal\u2013Retiro, al\u00e9m de emitir a ordem de servi\u00e7o para o in\u00edcio das obras do Tramo IV da Linha 1 do metr\u00f4.<\/p>\n<h2>Lula visita obras de VLT na Bahia<\/h2>\n<p>Durante a agenda, as autoridades visitaram as obras do VLT na Pra\u00e7a Onze de Dezembro, onde um dos trechos j\u00e1 est\u00e1 em fase de testes operacionais. O projeto conta com cerca de R$ 1,1 bilh\u00e3o em investimentos do Governo Federal, que tamb\u00e9m participa da implanta\u00e7\u00e3o dos sistemas de telecomunica\u00e7\u00e3o e sinaliza\u00e7\u00e3o e de estudos para expandir o transporte sobre trilhos na Regi\u00e3o Metropolitana, incluindo Sim\u00f5es Filho, Cama\u00e7ari e Alagoinhas.<\/p>\n<p>Para quem vive no Sub\u00farbio Ferrovi\u00e1rio, a expectativa j\u00e1 faz parte do dia a dia. O ambulante Jos\u00e9 Carlos Santos, de 38 anos, acompanha de perto o avan\u00e7o das obras e v\u00ea nelas uma mudan\u00e7a concreta. \u201cA gente sempre teve dificuldade com transporte aqui. Quando v\u00ea uma obra dessa andando, d\u00e1 esperan\u00e7a. Vai facilitar muito pra trabalhar, estudar, se deslocar pela cidade. Eu fico s\u00f3 imaginando como vai ser quando estiver funcionando\u201d, contou.<\/p>\n<p><a href=\"https:\/\/chat.whatsapp.com\/HC8TJaWXK8t4wNAG0oRwZI?mode=gi_t\" target=\"_blank\" rel=\"noreferrer noopener nofollow\"><strong>&gt;&gt; Siga o grupo da\u00a0TVT News\u00a0no WhatsApp<\/strong><\/a><\/p>\n<p>Jer\u00f4nimo Rodrigues destacou a integra\u00e7\u00e3o entre os modais como um dos principais ganhos das interven\u00e7\u00f5es. \u201cEstamos estruturando um sistema que conecta diferentes regi\u00f5es da cidade e oferece mais op\u00e7\u00f5es para a popula\u00e7\u00e3o. Isso impacta diretamente no tempo de deslocamento e na qualidade de vida\u201d, afirmou.<\/p>\n<figure><img fetchpriority=\"high\" decoding=\"async\" width=\"1024\" height=\"575\"src=\"https:\/\/redept.com.br\/blogosfera\/wp-content\/uploads\/2026\/04\/Foto-Feijao-AlmeidaGOVBA-79.jpeg\" alt=\"ao-lado-de-lula-o-governador-da-bahia-autoriza-nova-etapa-do-vlt-e-avanco-do-metro-em-salvador-ao-lado-de-lula-jeronimo-autoriza-nova-etapa-do-vlt-e-avanco-do-metro-em-salvador-02-04-2026-fonte-credito-feijao-almeida-govba-tvt-news\" title=\"O Ve\u00edculo Leve sobre Trilhos (VLT) deve transformar o transporte p\u00fablico de Salvador 5\" srcset=\"https:\/\/tvtnews.com.br\/wp-content\/uploads\/2026\/04\/Foto-Feijao-AlmeidaGOVBA-79-1024x575.jpeg 1024w, https:\/\/tvtnews.com.br\/wp-content\/uploads\/2026\/04\/Foto-Feijao-AlmeidaGOVBA-79-300x169.jpeg 300w, https:\/\/tvtnews.com.br\/wp-content\/uploads\/2026\/04\/Foto-Feijao-AlmeidaGOVBA-79-768x432.jpeg 768w, https:\/\/tvtnews.com.br\/wp-content\/uploads\/2026\/04\/Foto-Feijao-AlmeidaGOVBA-79-1536x863.jpeg 1536w, https:\/\/redept.com.br\/blogosfera\/wp-content\/uploads\/2026\/04\/Foto-Feijao-AlmeidaGOVBA-79.jpeg 1600w\" sizes=\"(max-width: 1024px) 100vw, 1024px\"><figcaption>Ao lado de Lula, Jer\u00f4nimo autoriza nova etapa do VLT e avan\u00e7o do metr\u00f4 em Salvador<br \/>02\/04\/2026<br \/>Fonte\/Cr\u00e9dito: Feij\u00e3o Almeida\/GOVBA<\/figcaption><\/figure>\n<h2><strong>Expans\u00e3o do metr\u00f4<\/strong><\/h2>\n<p>A ordem de servi\u00e7o foi assinada para o Tramo IV da Linha 1, que vai ligar a Esta\u00e7\u00e3o da Lapa \u00e0 futura Esta\u00e7\u00e3o Campo Grande, com cerca de 1,1 km de extens\u00e3o. O investimento previsto \u00e9 de R$ 1,5 bilh\u00e3o em recursos federais para as obras. O presidente Lula ressaltou a retomada de investimentos em infraestrutura no pa\u00eds. \u201cObras como essa mostram que \u00e9 poss\u00edvel melhorar a vida das pessoas com planejamento e investimento. Mobilidade tamb\u00e9m \u00e9 inclus\u00e3o\u201d, disse.<\/p>\n<p>Rui Costa chamou aten\u00e7\u00e3o para o impacto econ\u00f4mico das obras. \u201cAl\u00e9m de melhorar o transporte, esses projetos geram emprego e movimentam a economia, trazendo benef\u00edcios que v\u00e3o al\u00e9m da mobilidade\u201d, pontuou.<\/p>\n<h2><strong>Avan\u00e7o hist\u00f3rico<\/strong><\/h2>\n<p>O VLT ter\u00e1 cerca de 43,7 km e 50 paradas, dividido em tr\u00eas trechos em implanta\u00e7\u00e3o desde 2024: o primeiro, liga a Ilha de S\u00e3o Jo\u00e3o \u00e0 Cal\u00e7ada e ao Com\u00e9rcio (com cerca de 60% das obras conclu\u00eddas); o segundo conecta Paripe a \u00c1guas Claras (com cerca de 40% e integra\u00e7\u00e3o ao metr\u00f4); e o terceiro vai de \u00c1guas Claras a Piat\u00e3, ampliando o acesso ao miolo e \u00e0 Orla. Quando conclu\u00eddo, o sistema deve integrar diferentes modais e facilitar o deslocamento na capital baiana.<\/p>\n<p>Para esclarecer d\u00favidas e obter mais informa\u00e7\u00f5es sobre o projeto, basta enviar mensagem para o\u00a0<a href=\"https:\/\/wa.me\/557131800085\" target=\"_blank\" rel=\"noopener noreferrer nofollow\">WhastApp do VLT<\/a>.<\/p>\n<p><em><strong>Rep\u00f3rter: T\u00e1cio Santos\/ GOVBA<\/strong><\/em><\/p>\n<p>***<\/p>\n<h3>Veja mais sobre agenda do presidente Lula na Bahia no site da TVT:<\/h3>\n<h2>Em entrevista, Lula destaca investimentos na Bahia e critica privatiza\u00e7\u00e3o de refinaria<\/h2>\n<p>O presidente Lula, dando continuidade \u00e0 agenda de compromissos no Nordeste \u2014 iniciada na quarta-feira (1\u00ba), com a inaugura\u00e7\u00e3o de um novo campus do Instituto Tecnol\u00f3gico de Aeron\u00e1utica (ITA), em Fortaleza (CE) \u2014 cumpre, nesta quinta-feira (2), uma s\u00e9rie de compromissos na Bahia.<\/p>\n<p>\u201cNunca na hist\u00f3ria do Brasil algu\u00e9m estabeleceu uma pol\u00edtica de investimento nos estados ouvindo os governadores e os prefeitos. O PAC come\u00e7ou com uma reuni\u00e3o com 27 governadores e todos os partidos pol\u00edticos.\u201d acrescentou o presidente.<\/p>\n<figure>\n<div>\n<blockquote data-secret=\"tBe1fM0icb\"><p><a href=\"https:\/\/tvtnews.com.br\/lula-destaca-investimentos-producao-energia-bahia\/\">Em entrevista, Lula destaca investimentos na Bahia e critica privatiza\u00e7\u00e3o de refinaria<\/a><\/p><\/blockquote>\n<\/div>\n<\/figure>\n<p>The post <a rel=\"nofollow\" href=\"https:\/\/tvtnews.com.br\/vlt-deve-transformar-transporte-publico-em-salvador\/\">O Ve\u00edculo Leve sobre Trilhos (VLT) deve transformar o transporte p\u00fablico de Salvador<\/a> appeared first on <a rel=\"nofollow\" href=\"https:\/\/tvtnews.com.br\/\">TVT News<\/a>.<\/p>\n<!-- Begin Yuzo --><div class='yuzo_related_post style-1'  data-version='5.12.89'><!-- without result --><div class='yuzo_clearfixed yuzo__title yuzo__title'><h3>Related Post<\/h3><\/div>\n\t\t\t\t\t\t  <div class=\"relatedthumb \" style=\"width:125px;float:left;overflow:hidden;\">  \n\t\t\t\t\t\t\t  \n\t\t\t\t\t\t\t  <a  href=\"https:\/\/redept.com.br\/blogosfera\/sindicato-inicia-greve-de-plataforma-apos-morte-de-professora-dentro-de-escola\/\"  >\n\t\t\t\t\t\t\t\t\t  <div class=\"yuzo-img-wrap \" style=\"width: 125px;height:90px;\">\n\t\t\t\t\t\t\t\t\t\t\n\t\t\t\t\t\t\t\t\t\t<div class=\"yuzo-img\" style=\"background:url('https:\/\/redept.org\/blogosfera\/wp-content\/plugins\/yuzo-related-post\/assets\/images\/default.png') 50% 50% no-repeat;width: 125px;height:90px;margin-bottom: 5px;background-size: cover; \"><\/div>\n\t\t\t\t\t\t\t\t\t  <\/div>\n\t\t\t\t\t\t\t\t\t  \n\t\t\t\t\t\t\t\t   <span class=\"yuzo__text--title\" style=\"font-size:13px;\">Sindicato inicia \u2018greve de plataforma\u2019 ap\u00f3s morte ...<\/span>\n\t\t\t\t\t\t\t  \n\t\t\t\t\t\t\t  \n\t\t\t\t\t\t\t  <\/a>\n\n\t\t\t\t\t\t  <\/div>\n\t\t\t\t\t\t  <div class=\"relatedthumb \" style=\"width:125px;float:left;overflow:hidden;\">  \n\t\t\t\t\t\t\t  \n\t\t\t\t\t\t\t  <a  href=\"https:\/\/redept.com.br\/blogosfera\/folga-no-carnaval-conheca-os-direitos-do-trabalhador-durante-o-periodo-festivo\/\"  >\n\t\t\t\t\t\t\t\t\t  <div class=\"yuzo-img-wrap \" style=\"width: 125px;height:90px;\">\n\t\t\t\t\t\t\t\t\t\t\n\t\t\t\t\t\t\t\t\t\t<div class=\"yuzo-img\" style=\"background:url('https:\/\/redept.com.br\/blogosfera\/wp-content\/uploads\/2025\/02\/calendario-marco-2025-1024x576.jpg-150x150.webp') 50% 50% no-repeat;width: 125px;height:90px;margin-bottom: 5px;background-size: cover; \"><\/div>\n\t\t\t\t\t\t\t\t\t  <\/div>\n\t\t\t\t\t\t\t\t\t  \n\t\t\t\t\t\t\t\t   <span class=\"yuzo__text--title\" style=\"font-size:13px;\">Folga no Carnaval? Conhe\u00e7a os direitos do trabalha...<\/span>\n\t\t\t\t\t\t\t  \n\t\t\t\t\t\t\t  \n\t\t\t\t\t\t\t  <\/a>\n\n\t\t\t\t\t\t  <\/div>\n\t\t\t\t\t\t  <div class=\"relatedthumb \" style=\"width:125px;float:left;overflow:hidden;\">  \n\t\t\t\t\t\t\t  \n\t\t\t\t\t\t\t  <a  href=\"https:\/\/redept.com.br\/blogosfera\/assentamento-de-reforma-agraria-em-area-de-perimetro-irrigado-por-que-nao\/\"  >\n\t\t\t\t\t\t\t\t\t  <div class=\"yuzo-img-wrap \" style=\"width: 125px;height:90px;\">\n\t\t\t\t\t\t\t\t\t\t\n\t\t\t\t\t\t\t\t\t\t<div class=\"yuzo-img\" style=\"background:url('https:\/\/redept.com.br\/blogosfera\/wp-content\/uploads\/2025\/07\/Aiton-150x150.jpeg') 50% 50% no-repeat;width: 125px;height:90px;margin-bottom: 5px;background-size: cover; \"><\/div>\n\t\t\t\t\t\t\t\t\t  <\/div>\n\t\t\t\t\t\t\t\t\t  \n\t\t\t\t\t\t\t\t   <span class=\"yuzo__text--title\" style=\"font-size:13px;\">Assentamento de Reforma Agr\u00e1ria em \u00c1rea de Per\u00edmet...<\/span>\n\t\t\t\t\t\t\t  \n\t\t\t\t\t\t\t  \n\t\t\t\t\t\t\t  <\/a>\n\n\t\t\t\t\t\t  <\/div>\n\t\t\t\t\t\t  <div class=\"relatedthumb \" style=\"width:125px;float:left;overflow:hidden;\">  \n\t\t\t\t\t\t\t  \n\t\t\t\t\t\t\t  <a  href=\"https:\/\/redept.com.br\/blogosfera\/bolsonaro-deve-ter-alta-nesta-quinta-e-retornar-a-cela-na-pf\/\"  >\n\t\t\t\t\t\t\t\t\t  <div class=\"yuzo-img-wrap \" style=\"width: 125px;height:90px;\">\n\t\t\t\t\t\t\t\t\t\t\n\t\t\t\t\t\t\t\t\t\t<div class=\"yuzo-img\" style=\"background:url('https:\/\/redept.com.br\/blogosfera\/wp-content\/uploads\/2026\/01\/bolsonaro-150x150.jpg') 50% 50% no-repeat;width: 125px;height:90px;margin-bottom: 5px;background-size: cover; \"><\/div>\n\t\t\t\t\t\t\t\t\t  <\/div>\n\t\t\t\t\t\t\t\t\t  \n\t\t\t\t\t\t\t\t   <span class=\"yuzo__text--title\" style=\"font-size:13px;\">Bolsonaro deve ter alta nesta quinta e retornar a ...<\/span>\n\t\t\t\t\t\t\t  \n\t\t\t\t\t\t\t  \n\t\t\t\t\t\t\t  <\/a>\n\n\t\t\t\t\t\t  <\/div>\n<\/div> <script>\n\t\t\t\t\t\t  jQuery(document).ready(function( $ ){\n\t\t\t\t\t\t\t\/\/jQuery('.yuzo_related_post').equalizer({ overflow : 'relatedthumb' });\n\t\t\t\t\t\t\tjQuery('.yuzo_related_post .yuzo_wraps').equalizer({ columns : '> div' });\n\t\t\t\t\t\t   })\n\t\t\t\t\t\t  <\/script> <!-- End Yuzo :) -->","protected":false},"excerpt":{"rendered":"<p>O Ve\u00edculo Leve sobre Trilhos (VLT) avan\u00e7a em mais uma etapa e amplia a perspectiva de mudan\u00e7a no transporte p\u00fablico da capital baiana. Leia em TVT News. Nesta quinta-feira (2), o governador Jer\u00f4nimo Rodrigues, acompanhado do presidente Luiz In\u00e1cio Lula da Silva e do ministro da Casa Civil, Rui Costa, autorizou a publica\u00e7\u00e3o do edital [&hellip;]<\/p>\n","protected":false},"author":2,"featured_media":0,"comment_status":"open","ping_status":"closed","sticky":false,"template":"","format":"standard","meta":{"fifu_image_url":"","fifu_image_alt":"","footnotes":""},"categories":[432,489,17,132,2921],"tags":[],"class_list":["post-81208","post","type-post","status-publish","format-standard","hentry","category-bahia","category-destaque-pequeno","category-governo-lula","category-politica","category-transportes"],"_links":{"self":[{"href":"https:\/\/redept.com.br\/blogosfera\/wp-json\/wp\/v2\/posts\/81208","targetHints":{"allow":["GET"]}}],"collection":[{"href":"https:\/\/redept.com.br\/blogosfera\/wp-json\/wp\/v2\/posts"}],"about":[{"href":"https:\/\/redept.com.br\/blogosfera\/wp-json\/wp\/v2\/types\/post"}],"author":[{"embeddable":true,"href":"https:\/\/redept.com.br\/blogosfera\/wp-json\/wp\/v2\/users\/2"}],"replies":[{"embeddable":true,"href":"https:\/\/redept.com.br\/blogosfera\/wp-json\/wp\/v2\/comments?post=81208"}],"version-history":[{"count":0,"href":"https:\/\/redept.com.br\/blogosfera\/wp-json\/wp\/v2\/posts\/81208\/revisions"}],"wp:attachment":[{"href":"https:\/\/redept.com.br\/blogosfera\/wp-json\/wp\/v2\/media?parent=81208"}],"wp:term":[{"taxonomy":"category","embeddable":true,"href":"https:\/\/redept.com.br\/blogosfera\/wp-json\/wp\/v2\/categories?post=81208"},{"taxonomy":"post_tag","embeddable":true,"href":"https:\/\/redept.com.br\/blogosfera\/wp-json\/wp\/v2\/tags?post=81208"}],"curies":[{"name":"wp","href":"https:\/\/api.w.org\/{rel}","templated":true}]}}