{"id":81258,"date":"2026-04-02T19:44:04","date_gmt":"2026-04-02T22:44:04","guid":{"rendered":"https:\/\/redept.com.br\/blogosfera\/lei-de-execucao-de-palestinos-aprofunda-regime-fascista-em-israel\/"},"modified":"2026-04-02T19:44:04","modified_gmt":"2026-04-02T22:44:04","slug":"lei-de-execucao-de-palestinos-aprofunda-regime-fascista-em-israel","status":"publish","type":"post","link":"https:\/\/redept.com.br\/blogosfera\/lei-de-execucao-de-palestinos-aprofunda-regime-fascista-em-israel\/","title":{"rendered":"Lei de execu\u00e7\u00e3o de palestinos aprofunda regime fascista em Israel"},"content":{"rendered":"<p><img fetchpriority=\"high\" width=\"849\" height=\"566\"src=\"https:\/\/redept.com.br\/blogosfera\/wp-content\/uploads\/2026\/04\/sde-teiman-prisoner-wide.webp\" alt=\"\" link_thumbnail=\"\" decoding=\"async\" srcset=\"https:\/\/redept.com.br\/blogosfera\/wp-content\/uploads\/2026\/04\/sde-teiman-prisoner-wide.webp 849w, https:\/\/averdade.org.br\/wp-content\/uploads\/2026\/04\/sde-teiman-prisoner-wide-350x233.webp 350w, https:\/\/averdade.org.br\/wp-content\/uploads\/2026\/04\/sde-teiman-prisoner-wide-250x167.webp 250w, https:\/\/averdade.org.br\/wp-content\/uploads\/2026\/04\/sde-teiman-prisoner-wide-768x512.webp 768w, https:\/\/averdade.org.br\/wp-content\/uploads\/2026\/04\/sde-teiman-prisoner-wide-150x100.webp 150w, https:\/\/averdade.org.br\/wp-content\/uploads\/2026\/04\/sde-teiman-prisoner-wide-300x200.webp 300w, https:\/\/averdade.org.br\/wp-content\/uploads\/2026\/04\/sde-teiman-prisoner-wide-696x464.webp 696w\" sizes=\"(max-width: 849px) 100vw, 849px\"><\/p>\n<p><strong>Lei para legalizar execu\u00e7\u00e3o de palestinos que lutam pela libera\u00e7\u00e3o de seu pa\u00eds mostra o car\u00e1ter fascista do regime sionista israelense.<\/strong><\/p>\n<p><strong>Felipe Annunziata | Reda\u00e7\u00e3o<\/strong><\/p>\n<hr>\n<p>INTERNACIONAL \u2013 A comemora\u00e7\u00e3o efusiva do ministro fascista israelense Itamar Ben-Gvir com direito a champanhe no meio do plen\u00e1rio do Knesset, o parlamento de Israel, j\u00e1 demonstra o que est\u00e1 por vir no regime sionista. Ben-Gvir faz parte da coaliza\u00e7\u00e3o de extrema-direita liderada pelo ditador Benjamin Netanyahu e desde sempre defende o genoc\u00eddio do povo palestino de Gaza e a expuls\u00e3o de todos os n\u00e3o-sionistas de Israel.<\/p>\n<p>A \u201ccelebra\u00e7\u00e3o\u201d n\u00e3o era \u00e0 toa, o grupo pol\u00edtico do ministro conseguiu aprovar a chamada \u201cLei de Pena de Morte para Terroristas\u201d, na realidade uma lei que imp\u00f5e a pena de morte quase sum\u00e1ria a qualquer palestino que participe de atos de resist\u00eancia \u00e0 coloniza\u00e7\u00e3o sionista que gerem mortes de israelenses. O objetivo do governo de Israel \u00e9 executar o quase 10 mil prisioneiros palestinos que mant\u00e9m sob tortura nas masmorras espalhadas pelo territ\u00f3rio, entre eles se encontram cerca de 350 crian\u00e7as.<\/p>\n<h4><strong>Regime fascista se aprofunda em Israel<\/strong><\/h4>\n<p>O que se aprovou em Israel nesta semana marca o aprofundamento do car\u00e1ter fascista do regime sionista. A legisla\u00e7\u00e3o \u00e9 na realidade uma lei para executar palestinos presos, pois na pr\u00e1tica impede que qualquer judeu sionista possa ser condenado com a mesma pena que um palestino. Al\u00e9m disso, ela estabelece um prazo de at\u00e9 90 dias para a execu\u00e7\u00e3o da pena, um dos menores prazos do mundo.<\/p>\n<p>Em Israel e nos territ\u00f3rios ocupados da Palestina, o regime sionista utiliza um sistema de <em>apartheid <\/em>para perseguir e explorar a popula\u00e7\u00e3o palestina. N\u00e3o existem direitos jur\u00eddicos igual para toda a popula\u00e7\u00e3o.<\/p>\n<p>Palestinos de Gaza e da Cisjord\u00e2nia s\u00f3 podem ser julgados por tribunais militares enquanto que quem tem cidadania israelense tem direito a um processo num tribunal civil, como ocorre na maioria dos pa\u00edses. De acordo com organiza\u00e7\u00f5es de direitos humanos, entre 96% e 99% dos palestinos julgados por tribunais militares israelenses s\u00e3o condenados. A lei s\u00f3 se aplica a quem \u00e9 julgado por tribunais militares, isto \u00e9, a popula\u00e7\u00e3o palestina.<\/p>\n<p>Antes, Israel era constrangido internacionalmente pelas mortes de palestinos presos por conta das condi\u00e7\u00f5es desumanas em suas masmorras. Agora, o regime sionista perdeu qualquer vergonha e passa a legalizar a situa\u00e7\u00e3o dos ref\u00e9ns pol\u00edticos palestinos. N\u00e3o deixa nada a perder \u00e0s pr\u00e1ticas do nazi-fascismo na Europa.<\/p>\n<p>A aprova\u00e7\u00e3o desta lei fascista, junto com a atual guerra no Oriente M\u00e9dio e a opress\u00e3o do povo palestino, que completa 78 anos em 2026, \u00e9 a forma que os sionistas tem de garantir seu dom\u00ednio como principal representante do capital imperialista naquela parte do mundo. \u00c9 preciso ampliar a den\u00fancia e o isolamento do regime israelense e ampliar a solidariedade com o povo palestino.<\/p>\n<!-- Begin Yuzo --><div class='yuzo_related_post style-1'  data-version='5.12.89'><!-- without result --><div class='yuzo_clearfixed yuzo__title yuzo__title'><h3>Related Post<\/h3><\/div>\n\t\t\t\t\t\t  <div class=\"relatedthumb \" style=\"width:125px;float:left;overflow:hidden;\">  \n\t\t\t\t\t\t\t  \n\t\t\t\t\t\t\t  <a  href=\"https:\/\/redept.com.br\/blogosfera\/mtst-acusa-eduardo-paes-de-usar-policia-militar-para-tentar-intimidar-o-movimento\/\"  >\n\t\t\t\t\t\t\t\t\t  <div class=\"yuzo-img-wrap \" style=\"width: 125px;height:90px;\">\n\t\t\t\t\t\t\t\t\t\t\n\t\t\t\t\t\t\t\t\t\t<div class=\"yuzo-img\" style=\"background:url('https:\/\/redept.org\/blogosfera\/wp-content\/plugins\/yuzo-related-post\/assets\/images\/default.png') 50% 50% no-repeat;width: 125px;height:90px;margin-bottom: 5px;background-size: cover; \"><\/div>\n\t\t\t\t\t\t\t\t\t  <\/div>\n\t\t\t\t\t\t\t\t\t  \n\t\t\t\t\t\t\t\t   <span class=\"yuzo__text--title\" style=\"font-size:13px;\">MTST acusa Eduardo Paes de usar Pol\u00edcia Militar pa...<\/span>\n\t\t\t\t\t\t\t  \n\t\t\t\t\t\t\t  \n\t\t\t\t\t\t\t  <\/a>\n\n\t\t\t\t\t\t  <\/div>\n\t\t\t\t\t\t  <div class=\"relatedthumb \" style=\"width:125px;float:left;overflow:hidden;\">  \n\t\t\t\t\t\t\t  \n\t\t\t\t\t\t\t  <a  href=\"https:\/\/redept.com.br\/blogosfera\/em-moscou-celso-amorim-diz-que-brasil-nao-tem-que-tomar-partido-na-guerra-da-ucrania\/\"  >\n\t\t\t\t\t\t\t\t\t  <div class=\"yuzo-img-wrap \" style=\"width: 125px;height:90px;\">\n\t\t\t\t\t\t\t\t\t\t\n\t\t\t\t\t\t\t\t\t\t<div class=\"yuzo-img\" style=\"background:url('https:\/\/redept.org\/blogosfera\/wp-content\/plugins\/yuzo-related-post\/assets\/images\/default.png') 50% 50% no-repeat;width: 125px;height:90px;margin-bottom: 5px;background-size: cover; \"><\/div>\n\t\t\t\t\t\t\t\t\t  <\/div>\n\t\t\t\t\t\t\t\t\t  \n\t\t\t\t\t\t\t\t   <span class=\"yuzo__text--title\" style=\"font-size:13px;\">Em Moscou, Celso Amorim diz que Brasil \u2018n\u00e3o tem qu...<\/span>\n\t\t\t\t\t\t\t  \n\t\t\t\t\t\t\t  \n\t\t\t\t\t\t\t  <\/a>\n\n\t\t\t\t\t\t  <\/div>\n\t\t\t\t\t\t  <div class=\"relatedthumb \" style=\"width:125px;float:left;overflow:hidden;\">  \n\t\t\t\t\t\t\t  \n\t\t\t\t\t\t\t  <a  href=\"https:\/\/redept.com.br\/blogosfera\/audiencia-publica-sobre-hidrovia-do-rio-paraguai-ignora-comunidades-ribeirinhas-que-serao-afetadas-pelas-obras\/\"  >\n\t\t\t\t\t\t\t\t\t  <div class=\"yuzo-img-wrap \" style=\"width: 125px;height:90px;\">\n\t\t\t\t\t\t\t\t\t\t\n\t\t\t\t\t\t\t\t\t\t<div class=\"yuzo-img\" style=\"background:url('https:\/\/redept.org\/blogosfera\/wp-content\/plugins\/yuzo-related-post\/assets\/images\/default.png') 50% 50% no-repeat;width: 125px;height:90px;margin-bottom: 5px;background-size: cover; \"><\/div>\n\t\t\t\t\t\t\t\t\t  <\/div>\n\t\t\t\t\t\t\t\t\t  \n\t\t\t\t\t\t\t\t   <span class=\"yuzo__text--title\" style=\"font-size:13px;\">Audi\u00eancia p\u00fablica sobre hidrovia do rio Paraguai i...<\/span>\n\t\t\t\t\t\t\t  \n\t\t\t\t\t\t\t  \n\t\t\t\t\t\t\t  <\/a>\n\n\t\t\t\t\t\t  <\/div>\n\t\t\t\t\t\t  <div class=\"relatedthumb \" style=\"width:125px;float:left;overflow:hidden;\">  \n\t\t\t\t\t\t\t  \n\t\t\t\t\t\t\t  <a  href=\"https:\/\/redept.com.br\/blogosfera\/equador-a-mascara-democratica-do-autoritarismo\/\"  >\n\t\t\t\t\t\t\t\t\t  <div class=\"yuzo-img-wrap \" style=\"width: 125px;height:90px;\">\n\t\t\t\t\t\t\t\t\t\t\n\t\t\t\t\t\t\t\t\t\t<div class=\"yuzo-img\" style=\"background:url('https:\/\/redept.org\/blogosfera\/wp-content\/plugins\/yuzo-related-post\/assets\/images\/default.png') 50% 50% no-repeat;width: 125px;height:90px;margin-bottom: 5px;background-size: cover; \"><\/div>\n\t\t\t\t\t\t\t\t\t  <\/div>\n\t\t\t\t\t\t\t\t\t  \n\t\t\t\t\t\t\t\t   <span class=\"yuzo__text--title\" style=\"font-size:13px;\">Equador: A m\u00e1scara democr\u00e1tica do autoritarismo<\/span>\n\t\t\t\t\t\t\t  \n\t\t\t\t\t\t\t  \n\t\t\t\t\t\t\t  <\/a>\n\n\t\t\t\t\t\t  <\/div>\n<\/div> <script>\n\t\t\t\t\t\t  jQuery(document).ready(function( $ ){\n\t\t\t\t\t\t\t\/\/jQuery('.yuzo_related_post').equalizer({ overflow : 'relatedthumb' });\n\t\t\t\t\t\t\tjQuery('.yuzo_related_post .yuzo_wraps').equalizer({ columns : '> div' });\n\t\t\t\t\t\t   })\n\t\t\t\t\t\t  <\/script> <!-- End Yuzo :) -->","protected":false},"excerpt":{"rendered":"<p><img decoding=\"async\" width=\"849\" height=\"566\" src=\"https:\/\/averdade.org.br\/wp-content\/uploads\/2026\/04\/sde-teiman-prisoner-wide.webp\" alt=\"\">Lei para legalizar execu\u00e7\u00e3o de palestinos que lutam pela libera\u00e7\u00e3o de seu pa\u00eds mostra o car\u00e1ter fascista do regime sionista israelense. Felipe Annunziata | Reda\u00e7\u00e3o INTERNACIONAL \u2013 A comemora\u00e7\u00e3o efusiva do ministro fascista israelense Itamar Ben-Gvir com direito a champanhe no meio do plen\u00e1rio do Knesset, o parlamento de Israel, j\u00e1 demonstra o que est\u00e1 [\u2026]<\/p>\n","protected":false},"author":2,"featured_media":81259,"comment_status":"open","ping_status":"closed","sticky":false,"template":"","format":"standard","meta":{"fifu_image_url":"","fifu_image_alt":"","footnotes":""},"categories":[1115,50,25,43219,54,51],"tags":[],"class_list":["post-81258","post","type-post","status-publish","format-standard","has-post-thumbnail","hentry","category-imperialismo","category-internacional","category-israel","category-lei-de-pena-de-morte","category-palestina","category-ultimas-noticias"],"_links":{"self":[{"href":"https:\/\/redept.com.br\/blogosfera\/wp-json\/wp\/v2\/posts\/81258","targetHints":{"allow":["GET"]}}],"collection":[{"href":"https:\/\/redept.com.br\/blogosfera\/wp-json\/wp\/v2\/posts"}],"about":[{"href":"https:\/\/redept.com.br\/blogosfera\/wp-json\/wp\/v2\/types\/post"}],"author":[{"embeddable":true,"href":"https:\/\/redept.com.br\/blogosfera\/wp-json\/wp\/v2\/users\/2"}],"replies":[{"embeddable":true,"href":"https:\/\/redept.com.br\/blogosfera\/wp-json\/wp\/v2\/comments?post=81258"}],"version-history":[{"count":0,"href":"https:\/\/redept.com.br\/blogosfera\/wp-json\/wp\/v2\/posts\/81258\/revisions"}],"wp:featuredmedia":[{"embeddable":true,"href":"https:\/\/redept.com.br\/blogosfera\/wp-json\/wp\/v2\/media\/81259"}],"wp:attachment":[{"href":"https:\/\/redept.com.br\/blogosfera\/wp-json\/wp\/v2\/media?parent=81258"}],"wp:term":[{"taxonomy":"category","embeddable":true,"href":"https:\/\/redept.com.br\/blogosfera\/wp-json\/wp\/v2\/categories?post=81258"},{"taxonomy":"post_tag","embeddable":true,"href":"https:\/\/redept.com.br\/blogosfera\/wp-json\/wp\/v2\/tags?post=81258"}],"curies":[{"name":"wp","href":"https:\/\/api.w.org\/{rel}","templated":true}]}}