{"id":81279,"date":"2026-04-02T10:47:35","date_gmt":"2026-04-02T13:47:35","guid":{"rendered":"https:\/\/redept.com.br\/blogosfera\/eua-suspendem-sancoes-contra-presidente-interina-venezuelana-delcy-rodriguez\/"},"modified":"2026-04-02T10:47:35","modified_gmt":"2026-04-02T13:47:35","slug":"eua-suspendem-sancoes-contra-presidente-interina-venezuelana-delcy-rodriguez","status":"publish","type":"post","link":"https:\/\/redept.com.br\/blogosfera\/eua-suspendem-sancoes-contra-presidente-interina-venezuelana-delcy-rodriguez\/","title":{"rendered":"EUA suspendem san\u00e7\u00f5es contra presidente interina venezuelana Delcy Rodr\u00edguez"},"content":{"rendered":"<p>O governo dos Estados Unidos retirou nesta quarta-feira (01\/04) as san\u00e7\u00f5es contra a presidente interina da Venezuela, Delcy Rodr\u00edguez. O nome da governante saiu da Lista de Nacionais Especialmente Designados do Departamento do Tesouro, que restringe as opera\u00e7\u00f5es financeiras e neg\u00f3cios da pessoa no pa\u00eds. Esta lista \u00e9 compilada e atualizada regularmente pelo governo estadunidense com base nas atividades de pa\u00edses ou entidades consideradas hostis aos interesses dos EUA.<\/p>\n<p>Rodr\u00edguez figurava entre os sancionados desde 2018, quando ainda era ministra das Rela\u00e7\u00f5es Exteriores de Maduro. Ela assumiu o comando do pa\u00eds depois da opera\u00e7\u00e3o militar que sequestrou o presidente constitucional do pa\u00eds, Nicol\u00e1s Maduro, e a primeira-dama e deputada nacional, C\u00edlia Flores, em 3 de janeiro de 2026.<\/p>\n<p>A presidente interina comemorou a decis\u00e3o dos Estados Unidos de suspender as san\u00e7\u00f5es contra ela, o que valorizou como a \u201cnormaliza\u00e7\u00e3o e o fortalecimento\u201d das rela\u00e7\u00f5es bilaterais rec\u00e9m-retomadas.<\/p>\n<p>\u201cValorizamos a decis\u00e3o do presidente Donald Trump como um passo na dire\u00e7\u00e3o da normaliza\u00e7\u00e3o e do fortalecimento das rela\u00e7\u00f5es entre nossos pa\u00edses\u201d, escreveu Rodr\u00edguez no X.<\/p>\n<blockquote>\n<p dir=\"ltr\" lang=\"es\">Valoramos la decisi\u00f3n del Pdte. @realDonaldTrump como un paso en la direcci\u00f3n de la normalizaci\u00f3n y fortalecimiento de las relaciones entre nuestros pa\u00edses. Confiamos en que este avance permita el levantamiento de las sanciones vigentes sobre nuestro pa\u00eds, que permita edificar y<\/p>\n<p>\u2014 Delcy Rodr\u00edguez (@delcyrodriguezv) April 1, 2026<\/p>\n<\/blockquote>\n<p>\u201cConfiamos em que este avan\u00e7o permita a suspens\u00e3o das san\u00e7\u00f5es vigentes sobre o nosso pa\u00eds, que permita edificar e garantir uma agenda de coopera\u00e7\u00e3o binacional efetiva em benef\u00edcio dos nossos povos\u201d, acrescentou.<\/p>\n<p>Em quase tr\u00eas meses de gest\u00e3o, a presidenta interina tem promovido mudan\u00e7as legislativas e na estrutura do governo, buscando se aproximar do governo estadunidense e evitar uma maior escalada de agress\u00f5es. Por sua vez, governo de Donald Trump fez acordos para a venda de combust\u00edvel e incentivou investimentos no territ\u00f3rio venezuelano.<\/p>\n<p>Maduro e Cilia Flores seguem sob cust\u00f3dia do governo estadunidense em Nova York. Eles s\u00e3o acusados de possuir rela\u00e7\u00f5es com o tr\u00e1fico de drogas, embora os advogados de defesa denunciem que n\u00e3o foram apresentadas quaisquer provas das acusa\u00e7\u00f5es.<\/p>\n<p>O post EUA suspendem san\u00e7\u00f5es contra presidente interina venezuelana Delcy Rodr\u00edguez apareceu primeiro em Opera Mundi.<\/p>\n<!-- Begin Yuzo --><div class='yuzo_related_post style-1'  data-version='5.12.89'><!-- without result --><div class='yuzo_clearfixed yuzo__title yuzo__title'><h3>Related Post<\/h3><\/div>\n\t\t\t\t\t\t  <div class=\"relatedthumb \" style=\"width:125px;float:left;overflow:hidden;\">  \n\t\t\t\t\t\t\t  \n\t\t\t\t\t\t\t  <a  href=\"https:\/\/redept.com.br\/blogosfera\/governo-lula-investe-r-445-milhoes-no-ita-ceara\/\"  >\n\t\t\t\t\t\t\t\t\t  <div class=\"yuzo-img-wrap \" style=\"width: 125px;height:90px;\">\n\t\t\t\t\t\t\t\t\t\t\n\t\t\t\t\t\t\t\t\t\t<div class=\"yuzo-img\" style=\"background:url('https:\/\/redept.com.br\/blogosfera\/wp-content\/uploads\/2026\/04\/55182023768_52d2eaa496_k-150x150.jpg') 50% 50% no-repeat;width: 125px;height:90px;margin-bottom: 5px;background-size: cover; \"><\/div>\n\t\t\t\t\t\t\t\t\t  <\/div>\n\t\t\t\t\t\t\t\t\t  \n\t\t\t\t\t\t\t\t   <span class=\"yuzo__text--title\" style=\"font-size:13px;\">Governo Lula investe R$ 445 milh\u00f5es no ITA Cear\u00e1<\/span>\n\t\t\t\t\t\t\t  \n\t\t\t\t\t\t\t  \n\t\t\t\t\t\t\t  <\/a>\n\n\t\t\t\t\t\t  <\/div>\n\t\t\t\t\t\t  <div class=\"relatedthumb \" style=\"width:125px;float:left;overflow:hidden;\">  \n\t\t\t\t\t\t\t  \n\t\t\t\t\t\t\t  <a  href=\"https:\/\/redept.com.br\/blogosfera\/presidente-da-funai-sob-bolsonaro-e-condenado-a-10-anos-de-prisao-por-perseguir-servidores-e-indigenas\/\"  >\n\t\t\t\t\t\t\t\t\t  <div class=\"yuzo-img-wrap \" style=\"width: 125px;height:90px;\">\n\t\t\t\t\t\t\t\t\t\t\n\t\t\t\t\t\t\t\t\t\t<div class=\"yuzo-img\" style=\"background:url('https:\/\/redept.org\/blogosfera\/wp-content\/plugins\/yuzo-related-post\/assets\/images\/default.png') 50% 50% no-repeat;width: 125px;height:90px;margin-bottom: 5px;background-size: cover; \"><\/div>\n\t\t\t\t\t\t\t\t\t  <\/div>\n\t\t\t\t\t\t\t\t\t  \n\t\t\t\t\t\t\t\t   <span class=\"yuzo__text--title\" style=\"font-size:13px;\">Presidente da Funai sob Bolsonaro \u00e9 condenado a 10...<\/span>\n\t\t\t\t\t\t\t  \n\t\t\t\t\t\t\t  \n\t\t\t\t\t\t\t  <\/a>\n\n\t\t\t\t\t\t  <\/div>\n\t\t\t\t\t\t  <div class=\"relatedthumb \" style=\"width:125px;float:left;overflow:hidden;\">  \n\t\t\t\t\t\t\t  \n\t\t\t\t\t\t\t  <a  href=\"https:\/\/redept.com.br\/blogosfera\/tarifa-de-trump-e-vista-como-retaliacao-a-cupula-do-brics-por-41-dos-brasileiros-aponta-atlasintel\/\"  >\n\t\t\t\t\t\t\t\t\t  <div class=\"yuzo-img-wrap \" style=\"width: 125px;height:90px;\">\n\t\t\t\t\t\t\t\t\t\t\n\t\t\t\t\t\t\t\t\t\t<div class=\"yuzo-img\" style=\"background:url('https:\/\/redept.org\/blogosfera\/wp-content\/plugins\/yuzo-related-post\/assets\/images\/default.png') 50% 50% no-repeat;width: 125px;height:90px;margin-bottom: 5px;background-size: cover; \"><\/div>\n\t\t\t\t\t\t\t\t\t  <\/div>\n\t\t\t\t\t\t\t\t\t  \n\t\t\t\t\t\t\t\t   <span class=\"yuzo__text--title\" style=\"font-size:13px;\">Tarifa de Trump \u00e9 vista como retalia\u00e7\u00e3o \u00e0 c\u00fapula d...<\/span>\n\t\t\t\t\t\t\t  \n\t\t\t\t\t\t\t  \n\t\t\t\t\t\t\t  <\/a>\n\n\t\t\t\t\t\t  <\/div>\n\t\t\t\t\t\t  <div class=\"relatedthumb \" style=\"width:125px;float:left;overflow:hidden;\">  \n\t\t\t\t\t\t\t  \n\t\t\t\t\t\t\t  <a  href=\"https:\/\/redept.com.br\/blogosfera\/soberania-em-carro-aberto-lula-lidera-desfile-de-7-9-na-esplanada-dos-ministerios-videos\/\"  >\n\t\t\t\t\t\t\t\t\t  <div class=\"yuzo-img-wrap \" style=\"width: 125px;height:90px;\">\n\t\t\t\t\t\t\t\t\t\t\n\t\t\t\t\t\t\t\t\t\t<div class=\"yuzo-img\" style=\"background:url('https:\/\/redept.org\/blogosfera\/wp-content\/plugins\/yuzo-related-post\/assets\/images\/default.png') 50% 50% no-repeat;width: 125px;height:90px;margin-bottom: 5px;background-size: cover; \"><\/div>\n\t\t\t\t\t\t\t\t\t  <\/div>\n\t\t\t\t\t\t\t\t\t  \n\t\t\t\t\t\t\t\t   <span class=\"yuzo__text--title\" style=\"font-size:13px;\">Soberania: em carro aberto, Lula lidera desfile de...<\/span>\n\t\t\t\t\t\t\t  \n\t\t\t\t\t\t\t  \n\t\t\t\t\t\t\t  <\/a>\n\n\t\t\t\t\t\t  <\/div>\n<\/div> <script>\n\t\t\t\t\t\t  jQuery(document).ready(function( $ ){\n\t\t\t\t\t\t\t\/\/jQuery('.yuzo_related_post').equalizer({ overflow : 'relatedthumb' });\n\t\t\t\t\t\t\tjQuery('.yuzo_related_post .yuzo_wraps').equalizer({ columns : '> div' });\n\t\t\t\t\t\t   })\n\t\t\t\t\t\t  <\/script> <!-- End Yuzo :) -->","protected":false},"excerpt":{"rendered":"<p>O governo dos Estados Unidos retirou nesta quarta-feira (01\/04) as san\u00e7\u00f5es contra a presidente interina da Venezuela, Delcy Rodr\u00edguez. O nome da governante saiu da Lista de Nacionais Especialmente Designados do Departamento do Tesouro, que restringe as opera\u00e7\u00f5es financeiras e neg\u00f3cios da pessoa no pa\u00eds. Esta lista \u00e9 compilada e atualizada regularmente pelo governo estadunidense [\u2026]<\/p>\n<p>O post <a href=\"https:\/\/operamundi.uol.com.br\/america-latina\/eua-suspendem-sancoes-contra-presidente-interina-venezuelana-delcy-rodriguez\/\">EUA suspendem san\u00e7\u00f5es contra presidente interina venezuelana Delcy Rodr\u00edguez<\/a> apareceu primeiro em <a href=\"https:\/\/operamundi.uol.com.br\/\">Opera Mundi<\/a>.<\/p>\n","protected":false},"author":2,"featured_media":0,"comment_status":"closed","ping_status":"closed","sticky":false,"template":"","format":"standard","meta":{"fifu_image_url":"","fifu_image_alt":"","footnotes":""},"categories":[347,10157,30954,18628,1023,394,2328,1049],"tags":[],"class_list":["post-81279","post","type-post","status-publish","format-standard","hentry","category-america-latina","category-cilia-flores","category-conflito-eua-x-venezuela","category-delcy-rodriguez","category-donald-trump","category-estados-unidos","category-nicolas-maduro","category-venezuela"],"_links":{"self":[{"href":"https:\/\/redept.com.br\/blogosfera\/wp-json\/wp\/v2\/posts\/81279","targetHints":{"allow":["GET"]}}],"collection":[{"href":"https:\/\/redept.com.br\/blogosfera\/wp-json\/wp\/v2\/posts"}],"about":[{"href":"https:\/\/redept.com.br\/blogosfera\/wp-json\/wp\/v2\/types\/post"}],"author":[{"embeddable":true,"href":"https:\/\/redept.com.br\/blogosfera\/wp-json\/wp\/v2\/users\/2"}],"replies":[{"embeddable":true,"href":"https:\/\/redept.com.br\/blogosfera\/wp-json\/wp\/v2\/comments?post=81279"}],"version-history":[{"count":0,"href":"https:\/\/redept.com.br\/blogosfera\/wp-json\/wp\/v2\/posts\/81279\/revisions"}],"wp:attachment":[{"href":"https:\/\/redept.com.br\/blogosfera\/wp-json\/wp\/v2\/media?parent=81279"}],"wp:term":[{"taxonomy":"category","embeddable":true,"href":"https:\/\/redept.com.br\/blogosfera\/wp-json\/wp\/v2\/categories?post=81279"},{"taxonomy":"post_tag","embeddable":true,"href":"https:\/\/redept.com.br\/blogosfera\/wp-json\/wp\/v2\/tags?post=81279"}],"curies":[{"name":"wp","href":"https:\/\/api.w.org\/{rel}","templated":true}]}}