{"id":81513,"date":"2026-04-06T10:52:29","date_gmt":"2026-04-06T13:52:29","guid":{"rendered":"https:\/\/redept.com.br\/blogosfera\/1o-de-abril-a-verdade-incomoda\/"},"modified":"2026-04-06T10:52:29","modified_gmt":"2026-04-06T13:52:29","slug":"1o-de-abril-a-verdade-incomoda","status":"publish","type":"post","link":"https:\/\/redept.com.br\/blogosfera\/1o-de-abril-a-verdade-incomoda\/","title":{"rendered":"1\u00ba de abril, a verdade inc\u00f4moda"},"content":{"rendered":"<p><img fetchpriority=\"high\" width=\"1024\" height=\"577\"src=\"https:\/\/redept.com.br\/blogosfera\/wp-content\/uploads\/2026\/04\/lossy-page1-1024px-Deposicao_do_Governo_Joao_Goulart__Golpe_de_1964_16tif-e1743295048919jpg.webp\" alt=\"\" decoding=\"async\" srcset=\"https:\/\/redept.com.br\/blogosfera\/wp-content\/uploads\/2026\/04\/lossy-page1-1024px-Deposicao_do_Governo_Joao_Goulart__Golpe_de_1964_16tif-e1743295048919jpg.webp 1024w, https:\/\/vermelho.org.br\/wp-content\/uploads\/2026\/04\/lossy-page1-1024px-Deposicao_do_Governo_Joao_Goulart_\u2013_Golpe_de_1964_16.tif-e1743295048919.jpg-300x169.webp 300w, https:\/\/vermelho.org.br\/wp-content\/uploads\/2026\/04\/lossy-page1-1024px-Deposicao_do_Governo_Joao_Goulart_\u2013_Golpe_de_1964_16.tif-e1743295048919.jpg-768x433.webp 768w\" sizes=\"(max-width: 1024px) 100vw, 1024px\"><\/p>\n<p>H\u00e1 uma disputa, dentre tentas no Pa\u00eds, em curso no Brasil que n\u00e3o \u00e9 apenas pol\u00edtica: \u00e9 hist\u00f3rica, moral e pedag\u00f3gica. E, como toda disputa desse tipo, come\u00e7a pela manipula\u00e7\u00e3o de s\u00edmbolos, inclusive datas.<\/p>\n<p>O golpe civil-militar de 1964 n\u00e3o se consumou em 31 de mar\u00e7o, como a narrativa oficial quis fixar nos calend\u00e1rios e quart\u00e9is, mas em 1\u00ba de abril: o <em>Dia da Mentira<\/em>. Isto n\u00e3o \u00e9 detalhe folcl\u00f3rico: \u00e9 gesto deliberado de constru\u00e7\u00e3o de mem\u00f3ria.<\/p>\n<p>Ao deslocar a data, os pr\u00f3prios protagonistas j\u00e1 ensaiavam a opera\u00e7\u00e3o que marcaria o regime: reescrever fatos para torn\u00e1-los aceit\u00e1veis.<\/p>\n<p>O movimento liderado pelo general Ol\u00edmpio Mour\u00e3o Filho \u2014 o mesmo personagem ligado ao <em>Plano Cohen<\/em> de 1937<strong><sup>1<\/sup><\/strong>, pe\u00e7a forjada para justificar o golpe do Estado Novo \u2014 partiu de Minas Gerais dia 31 de mar\u00e7o, mas o desfecho institucional e pol\u00edtico se consolidou apenas no dia seguinte, quando o poder j\u00e1 estava sequestrado e as resist\u00eancias, neutralizadas.<\/p>\n<p>A cronologia, portanto, desmonta a vers\u00e3o oficial: o golpe n\u00e3o apenas ocorreu sob o signo da mentira, como foi sustentado por essa.<\/p>\n<p><strong>Milagre endividado<\/strong><\/p>\n<p>Entre mitos e mentiras, sim, houve crescimento econ\u00f4mico entre 1969 e 1973. O chamado \u201cmilagre econ\u00f4mico\u201d elevou o PIB a taxas robustas e alimentou a propaganda oficial de efici\u00eancia do regime.<\/p>\n<p>Mas o milagre tinha pre\u00e7o e fiador: d\u00edvida externa em escala in\u00e9dita, concentra\u00e7\u00e3o brutal de renda e arrocho salarial sistem\u00e1tico. O crescimento n\u00e3o foi acompanhado de distribui\u00e7\u00e3o de renda, nem tampouco de sustentabilidade.<\/p>\n<p>Quando o cen\u00e1rio internacional mudou, com o choque do petr\u00f3leo, em 1973, e o encarecimento do cr\u00e9dito externo, a conta chegou de forma devastadora.<\/p>\n<p>O regime militar entregou ao Pa\u00eds infla\u00e7\u00e3o descontrolada, crise fiscal e estagna\u00e7\u00e3o prolongada. O que se vendeu como milagre foi, na pr\u00e1tica, experimento de crescimento artificial sustentado por endividamento e exclus\u00e3o social.<\/p>\n<p><strong>Seguran\u00e7a seletiva<\/strong><\/p>\n<p>A ideia de que \u201co Brasil era mais seguro\u201d no regime militar \u00e9 meia-verdade que, examinada de perto, revela-se constru\u00e7\u00e3o ideol\u00f3gica. Para setores da chamada \u201cclasse m\u00e9dia\u201d que n\u00e3o confrontavam o regime, a sensa\u00e7\u00e3o de ordem podia existir. Ainda que baseada no medo difuso e na aus\u00eancia de liberdade.<\/p>\n<p>Mas para negros, pobres, trabalhadores, estudantes, artistas e qualquer cidad\u00e3o rotulado como \u201csubversivo\u201d, o Estado era amea\u00e7a concreta, cotidiana e institucionalizada.<\/p>\n<p>Pris\u00f5es arbitr\u00e1rias, vigil\u00e2ncia, censura e viol\u00eancia eram instrumentos normais de governo. Seguran\u00e7a que depende da supress\u00e3o de direitos e da intimida\u00e7\u00e3o n\u00e3o \u00e9 seguran\u00e7a: \u00e9 controle social seletivo. Era o privil\u00e9gio de poucos que foi sustentado pelo terror de muitos.<\/p>\n<p><strong>Fantasma do comunismo<\/strong><\/p>\n<p>Outro eixo central da narrativa da ditadura foi o suposto combate ao comunismo iminente. Tratava-se de espantalho pol\u00edtico cuidadosamente inflado. Jo\u00e3o Goulart n\u00e3o era comunista, mas reformista que defendia reformas de base \u2014 agr\u00e1ria, educacional, urbana e financeira \u2014 dentro da ordem institucional.<\/p>\n<p>O \u201cperigo vermelho\u201d foi instrumentalizado como justificativa para interromper processo democr\u00e1tico que amea\u00e7ava interesses consolidados. A ret\u00f3rica anticomunista funcionou como licen\u00e7a para o autoritarismo. At\u00e9 hoje usam o espantalho do comunismo para tentar suprimir as liberdades democr\u00e1ticas.<\/p>\n<p>E mais: a pr\u00f3pria hist\u00f3ria internacional demonstra que o comunismo, como ideal te\u00f3rico, jamais se materializou plenamente, nem mesmo em pa\u00edses que passaram por revolu\u00e7\u00f5es socialistas. O inimigo, portanto, era menos real do que \u00fatil.<\/p>\n<p><strong>Corrup\u00e7\u00e3o e coniv\u00eancia<\/strong><\/p>\n<p>A opacidade do regime militar n\u00e3o eliminou a corrup\u00e7\u00e3o. Ao contr\u00e1rio. Criou as condi\u00e7\u00f5es ideais para sua expans\u00e3o silenciosa. Sem imprensa livre, sem mecanismos de controle e com institui\u00e7\u00f5es capturadas, pr\u00e1ticas il\u00edcitas encontraram terreno f\u00e9rtil.<\/p>\n<p>D\u00e9cadas depois, vieram \u00e0 tona evid\u00eancias dessa promiscuidade entre Estado e interesses privados.<\/p>\n<p>Em 2020, a Volkswagen do Brasil admitiu ao Minist\u00e9rio P\u00fablico que colaborou com a repress\u00e3o, denunciando trabalhadores dentro de suas f\u00e1bricas. N\u00e3o se tratava de desvio isolado, mas de padr\u00e3o: empresas e setores econ\u00f4micos que se beneficiaram do ambiente autorit\u00e1rio em troca de alinhamento pol\u00edtico e operacional.<\/p>\n<p>A corrup\u00e7\u00e3o, nesse contexto, n\u00e3o era exce\u00e7\u00e3o. Era parte da engrenagem.<\/p>\n<p><strong>Viol\u00eancia de estado<\/strong><\/p>\n<p>A narrativa da \u201cditadura branda\u201d talvez seja a mais ofensiva \u00e0 mem\u00f3ria das v\u00edtimas do regime. A CNV (Comiss\u00e3o Nacional da Verdade)<strong><sup>2<\/sup><\/strong> documentou 434 mortos e desaparecidos pol\u00edticos. N\u00famero oficial que, por defini\u00e7\u00e3o, \u00e9 incompleto.<\/p>\n<p>Pesquisas acad\u00eamicas ampliam esse quadro ao incluir popula\u00e7\u00f5es ind\u00edgenas dizimadas por pol\u00edticas de ocupa\u00e7\u00e3o territorial e trabalhadores rurais v\u00edtimas de repress\u00e3o sistem\u00e1tica.<\/p>\n<p>Some-se a isso milhares de presos pol\u00edticos, torturados, exilados e silenciados. A viol\u00eancia n\u00e3o era desvio do sistema. Era o pr\u00f3prio sistema em funcionamento. Quando o Estado transforma a repress\u00e3o em pol\u00edtica p\u00fablica, n\u00e3o h\u00e1 adjetivo suavizador que resista.<\/p>\n<p><strong>N\u00e3o esquecer \u00e9 resistir<\/strong><\/p>\n<p>Revisitar 1964 n\u00e3o \u00e9 exerc\u00edcio de revisionismo ideol\u00f3gico. \u00c9, antes de qualquer aspecto, imperativo democr\u00e1tico.<\/p>\n<p>Sociedades que relativizam seu passado autorit\u00e1rio tendem a flertar com sua repeti\u00e7\u00e3o. A disputa n\u00e3o \u00e9 apenas sobre o que aconteceu, mas sobre como escolhemos lembrar. E, sobretudo, o que estamos dispostos a tolerar no presente.<\/p>\n<p>No fim, a controv\u00e9rsia sobre a data do golpe \u00e9 apenas a superf\u00edcie de problema mais profundo: a dificuldade hist\u00f3rica de o Brasil encarar seus pr\u00f3prios fantasmas.<\/p>\n<p>N\u00e3o \u00e9 sobre calend\u00e1rio. \u00c9 sobre verdade, responsabilidade e mem\u00f3ria. E, enquanto a mentira seguir sendo mais confort\u00e1vel do que os fatos, o 1\u00ba de abril continuar\u00e1 sendo menos coincid\u00eancia. E mais retrato.<\/p>\n<p>_________________<\/p>\n<p><em><strong><sup>1<\/sup><\/strong> O Plano Cohen foi documento forjado, divulgado em 30 de setembro de 1937, que simulava \u201cconspira\u00e7\u00e3o comunista\u201d para tomar o poder no Brasil. Foi utilizado como pretexto pelo ent\u00e3o presidente Get\u00falio Vargas e por setores das For\u00e7as Armadas para instaurar a ditadura do Estado Novo, em 10 de novembro de 1937, que fechou o Congresso Nacional e cancelou as elei\u00e7\u00f5es presidenciais de 1938.<\/em><\/p>\n<p><em><strong><sup>2<\/sup><\/strong> A CNV foi inst\u00e2ncia institu\u00edda pelo Estado brasileiro para investigar e esclarecer graves viola\u00e7\u00f5es de direitos humanos ocorridas entre 1946 e 1988, com foco principal no per\u00edodo da ditadura militar (1964-1985). Foi criada pela Lei 12.528\/11 e instalada em maio de 2012 pela ent\u00e3o presidente Dilma Rousseff. Suas atividades foram encerradas em dezembro de 2014 com a entrega do relat\u00f3rio final.<\/em><\/p>\n<p>O post <a href=\"https:\/\/vermelho.org.br\/2026\/04\/06\/1o-de-abril-a-verdade-incomoda\/\">1\u00ba de abril, a verdade inc\u00f4moda<\/a> apareceu primeiro em <a href=\"https:\/\/vermelho.org.br\/\">Vermelho<\/a>.<\/p>\n<!-- Begin Yuzo --><div class='yuzo_related_post style-1'  data-version='5.12.89'><!-- without result --><div class='yuzo_clearfixed yuzo__title yuzo__title'><h3>Related Post<\/h3><\/div>\n\t\t\t\t\t\t  <div class=\"relatedthumb \" style=\"width:125px;float:left;overflow:hidden;\">  \n\t\t\t\t\t\t\t  \n\t\t\t\t\t\t\t  <a  href=\"https:\/\/redept.com.br\/blogosfera\/prefeitura-publica-decreto-que-regulamenta-proibicao-de-celulares-nas-escolas-municipais\/\"  >\n\t\t\t\t\t\t\t\t\t  <div class=\"yuzo-img-wrap \" style=\"width: 125px;height:90px;\">\n\t\t\t\t\t\t\t\t\t\t\n\t\t\t\t\t\t\t\t\t\t<div class=\"yuzo-img\" style=\"background:url('https:\/\/redept.org\/blogosfera\/wp-content\/plugins\/yuzo-related-post\/assets\/images\/default.png') 50% 50% no-repeat;width: 125px;height:90px;margin-bottom: 5px;background-size: cover; \"><\/div>\n\t\t\t\t\t\t\t\t\t  <\/div>\n\t\t\t\t\t\t\t\t\t  \n\t\t\t\t\t\t\t\t   <span class=\"yuzo__text--title\" style=\"font-size:13px;\">Prefeitura publica decreto que regulamenta proibi\u00e7...<\/span>\n\t\t\t\t\t\t\t  \n\t\t\t\t\t\t\t  \n\t\t\t\t\t\t\t  <\/a>\n\n\t\t\t\t\t\t  <\/div>\n\t\t\t\t\t\t  <div class=\"relatedthumb \" style=\"width:125px;float:left;overflow:hidden;\">  \n\t\t\t\t\t\t\t  \n\t\t\t\t\t\t\t  <a  href=\"https:\/\/redept.com.br\/blogosfera\/mais-de-30-entidades-indigenas-exigem-poder-de-decisao-efetivo-na-cop30-e-protecao-dos-territorios-como-acao-climatica-prioritaria\/\"  >\n\t\t\t\t\t\t\t\t\t  <div class=\"yuzo-img-wrap \" style=\"width: 125px;height:90px;\">\n\t\t\t\t\t\t\t\t\t\t\n\t\t\t\t\t\t\t\t\t\t<div class=\"yuzo-img\" style=\"background:url('https:\/\/redept.org\/blogosfera\/wp-content\/plugins\/yuzo-related-post\/assets\/images\/default.png') 50% 50% no-repeat;width: 125px;height:90px;margin-bottom: 5px;background-size: cover; \"><\/div>\n\t\t\t\t\t\t\t\t\t  <\/div>\n\t\t\t\t\t\t\t\t\t  \n\t\t\t\t\t\t\t\t   <span class=\"yuzo__text--title\" style=\"font-size:13px;\">Mais de 30 entidades ind\u00edgenas exigem poder de dec...<\/span>\n\t\t\t\t\t\t\t  \n\t\t\t\t\t\t\t  \n\t\t\t\t\t\t\t  <\/a>\n\n\t\t\t\t\t\t  <\/div>\n\t\t\t\t\t\t  <div class=\"relatedthumb \" style=\"width:125px;float:left;overflow:hidden;\">  \n\t\t\t\t\t\t\t  \n\t\t\t\t\t\t\t  <a  href=\"https:\/\/redept.com.br\/blogosfera\/enquanto-astronautas-vao-a-lua-bombardeios-matam-civis-lula-cobra-paz-na-hannover-messe\/\"  >\n\t\t\t\t\t\t\t\t\t  <div class=\"yuzo-img-wrap \" style=\"width: 125px;height:90px;\">\n\t\t\t\t\t\t\t\t\t\t\n\t\t\t\t\t\t\t\t\t\t<div class=\"yuzo-img\" style=\"background:url('https:\/\/redept.org\/blogosfera\/wp-content\/plugins\/yuzo-related-post\/assets\/images\/default.png') 50% 50% no-repeat;width: 125px;height:90px;margin-bottom: 5px;background-size: cover; \"><\/div>\n\t\t\t\t\t\t\t\t\t  <\/div>\n\t\t\t\t\t\t\t\t\t  \n\t\t\t\t\t\t\t\t   <span class=\"yuzo__text--title\" style=\"font-size:13px;\">\u201cEnquanto astronautas v\u00e3o \u00e0 Lua, bombardeios matam...<\/span>\n\t\t\t\t\t\t\t  \n\t\t\t\t\t\t\t  \n\t\t\t\t\t\t\t  <\/a>\n\n\t\t\t\t\t\t  <\/div>\n\t\t\t\t\t\t  <div class=\"relatedthumb \" style=\"width:125px;float:left;overflow:hidden;\">  \n\t\t\t\t\t\t\t  \n\t\t\t\t\t\t\t  <a  href=\"https:\/\/redept.com.br\/blogosfera\/concurso-do-tiktok-abre-inscricoes-para-revelar-novos-autores\/\"  >\n\t\t\t\t\t\t\t\t\t  <div class=\"yuzo-img-wrap \" style=\"width: 125px;height:90px;\">\n\t\t\t\t\t\t\t\t\t\t\n\t\t\t\t\t\t\t\t\t\t<div class=\"yuzo-img\" style=\"background:url('https:\/\/redept.com.br\/blogosfera\/wp-content\/uploads\/2025\/08\/concurso-livros-do-futuro-do-tiktok-150x150.jpg') 50% 50% no-repeat;width: 125px;height:90px;margin-bottom: 5px;background-size: cover; \"><\/div>\n\t\t\t\t\t\t\t\t\t  <\/div>\n\t\t\t\t\t\t\t\t\t  \n\t\t\t\t\t\t\t\t   <span class=\"yuzo__text--title\" style=\"font-size:13px;\">Concurso do TikTok abre inscri\u00e7\u00f5es para revelar no...<\/span>\n\t\t\t\t\t\t\t  \n\t\t\t\t\t\t\t  \n\t\t\t\t\t\t\t  <\/a>\n\n\t\t\t\t\t\t  <\/div>\n<\/div> <script>\n\t\t\t\t\t\t  jQuery(document).ready(function( $ ){\n\t\t\t\t\t\t\t\/\/jQuery('.yuzo_related_post').equalizer({ overflow : 'relatedthumb' });\n\t\t\t\t\t\t\tjQuery('.yuzo_related_post .yuzo_wraps').equalizer({ columns : '> div' });\n\t\t\t\t\t\t   })\n\t\t\t\t\t\t  <\/script> <!-- End Yuzo :) -->","protected":false},"excerpt":{"rendered":"<p>H\u00e1 uma disputa, dentre tentas no Pa\u00eds, em curso no Brasil que n\u00e3o \u00e9 apenas pol\u00edtica: \u00e9 hist\u00f3rica, moral e pedag\u00f3gica. E, como toda disputa desse tipo, come\u00e7a pela manipula\u00e7\u00e3o de s\u00edmbolos, inclusive datas. O golpe civil-militar de 1964 n\u00e3o se consumou em 31 de mar\u00e7o, como a narrativa oficial quis fixar nos calend\u00e1rios e [&hellip;]<\/p>\n","protected":false},"author":2,"featured_media":0,"comment_status":"open","ping_status":"closed","sticky":false,"template":"","format":"standard","meta":{"fifu_image_url":"","fifu_image_alt":"","footnotes":""},"categories":[4660,43887,22676,132],"tags":[],"class_list":["post-81513","post","type-post","status-publish","format-standard","hentry","category-1o-de-abril","category-golpe-civil-militar","category-plano-cohen","category-politica"],"_links":{"self":[{"href":"https:\/\/redept.com.br\/blogosfera\/wp-json\/wp\/v2\/posts\/81513","targetHints":{"allow":["GET"]}}],"collection":[{"href":"https:\/\/redept.com.br\/blogosfera\/wp-json\/wp\/v2\/posts"}],"about":[{"href":"https:\/\/redept.com.br\/blogosfera\/wp-json\/wp\/v2\/types\/post"}],"author":[{"embeddable":true,"href":"https:\/\/redept.com.br\/blogosfera\/wp-json\/wp\/v2\/users\/2"}],"replies":[{"embeddable":true,"href":"https:\/\/redept.com.br\/blogosfera\/wp-json\/wp\/v2\/comments?post=81513"}],"version-history":[{"count":0,"href":"https:\/\/redept.com.br\/blogosfera\/wp-json\/wp\/v2\/posts\/81513\/revisions"}],"wp:attachment":[{"href":"https:\/\/redept.com.br\/blogosfera\/wp-json\/wp\/v2\/media?parent=81513"}],"wp:term":[{"taxonomy":"category","embeddable":true,"href":"https:\/\/redept.com.br\/blogosfera\/wp-json\/wp\/v2\/categories?post=81513"},{"taxonomy":"post_tag","embeddable":true,"href":"https:\/\/redept.com.br\/blogosfera\/wp-json\/wp\/v2\/tags?post=81513"}],"curies":[{"name":"wp","href":"https:\/\/api.w.org\/{rel}","templated":true}]}}