{"id":81532,"date":"2026-04-06T12:42:15","date_gmt":"2026-04-06T15:42:15","guid":{"rendered":"https:\/\/redept.com.br\/blogosfera\/50-anos-da-funarte-centro-de-documentacao-e-pesquisa-e-aberto-no-rj\/"},"modified":"2026-04-06T12:42:15","modified_gmt":"2026-04-06T15:42:15","slug":"50-anos-da-funarte-centro-de-documentacao-e-pesquisa-e-aberto-no-rj","status":"publish","type":"post","link":"https:\/\/redept.com.br\/blogosfera\/50-anos-da-funarte-centro-de-documentacao-e-pesquisa-e-aberto-no-rj\/","title":{"rendered":"50 anos da Funarte:  Centro de Documenta\u00e7\u00e3o e Pesquisa \u00e9 aberto no RJ"},"content":{"rendered":"<p>O Centro de Documenta\u00e7\u00e3o e Pesquisa (Cedoc) da <strong>Funda\u00e7\u00e3o Nacional de Artes<\/strong> (Funarte), entidade vinculada ao Minist\u00e9rio da Cultura (MinC), foi aberto na ter\u00e7a-feira (31). Agora, vinculado \u00e0 nova Diretoria de Mem\u00f3ria, Pesquisa e Produ\u00e7\u00e3o de Conte\u00fados (Dimemo), criada em 2025, com a reforma administrativa da Funarte, o Cedoc est\u00e1 instalado em um im\u00f3vel pr\u00f3prio, no casar\u00e3o hist\u00f3rico onde funcionou o Museu da Casa da Moeda, na Pra\u00e7a da Rep\u00fablica, centro do Rio.<\/p>\n<p>A abertura do Cedoc faz parte do encerramento do per\u00edodo de comemora\u00e7\u00f5es dos 50 anos da Funarte. Durante tr\u00eas meses, a entidade promoveu a\u00e7\u00f5es pelo pa\u00eds destacando a sua import\u00e2ncia para a Cultura do Brasil.<\/p>\n<blockquote>\n<p>\u201cA Funarte completa esse circuito de tr\u00eas meses de celebra\u00e7\u00e3o de uma hist\u00f3ria, mas tamb\u00e9m valorizando, sobretudo, o papel formulador de pol\u00edtica p\u00fablica para as artes e agora com um marco de institui\u00e7\u00e3o da nossa Pol\u00edtica Nacional das artes\u201d, disse \u00e0\u00a0<strong><a href=\"https:\/\/agenciabrasil.ebc.com.br\/cultura\/noticia\/2026-03\/comemoracoes-dos-50-anos-da-funarte-fortalecem-cultura-do-brasil\" target=\"_blank\" rel=\"noopener\">Ag\u00eancia Brasil,<\/a><\/strong>\u00a0a presidenta da Funarte, Maria Marighella.<\/p>\n<\/blockquote>\n<p>\u201cO Cedoc sai de um espa\u00e7o e de uma sede que n\u00e3o era sua, se transfere para um pr\u00e9dio que era o antigo Museu da Casa da Moeda, mas que hoje \u00e9 um pr\u00e9dio do Cedoc, um pr\u00e9dio pr\u00f3prio, um patrim\u00f4nio no centro do Rio de Janeiro vocacionado a preservar esse acervo\u201d, completou.<\/p>\n<p>Conforme informou, o Centro de Documenta\u00e7\u00e3o e Pesquisa guarda mais de 2 milh\u00f5es de itens que preservam a mem\u00f3ria das artes brasileiras e da pr\u00f3pria institui\u00e7\u00e3o, como acervos fundamentais para a hist\u00f3ria das artes do Brasil. Entre eles, o do dramaturgo Oduvaldo Vianna (1892-1972), o do produtor e autor de teatro de revista Walter Pinto (1913-1994) e o do ator, produtor, diretor e pesquisador Fernando Peixoto (1937-2012), est\u00e3o registrados no Programa Mem\u00f3ria do Mundo da Unesco.<\/p>\n<blockquote>\n<p>\u201c\u00c9 um acervo muit\u00edssimo vasto e amplo que nos d\u00e1 a dimens\u00e3o e a grandeza dessa riqueza\u201d, destacou.<\/p>\n<\/blockquote>\n<p>Maria Marighella disse ainda que essa abertura vai tamb\u00e9m convocar e mobilizar institui\u00e7\u00f5es culturais, que promovem a preserva\u00e7\u00e3o, a mem\u00f3ria e a prote\u00e7\u00e3o dos acervos, que sendo p\u00fablicos ou privados s\u00e3o de interesse p\u00fablico.<\/p>\n<p>\u201cAo convocarmos, chamarmos e unirmos as institui\u00e7\u00f5es estamos inaugurando um ambiente de rede, dizendo que o papel da mem\u00f3ria \u00e9 o que s\u00f3 pode se dar se ele for na rela\u00e7\u00e3o federativa, no sistema nacional de cultura, com os entes federados, mas sobretudo com os agentes culturais e as suas institui\u00e7\u00f5es\u201d, afirmou a presidenta.<\/p>\n<p>Ela destacou que na busca desse ambiente de rede de prote\u00e7\u00e3o e mem\u00f3ria das artes, a Funarte vai assinar protocolos de inten\u00e7\u00e3o com institui\u00e7\u00f5es que tenham esta voca\u00e7\u00e3o.<\/p>\n<h4>Grande Otelo<\/h4>\n<p>Desde 2008, o Cedoc guarda tamb\u00e9m o acervo pessoal de Sebasti\u00e3o Bernardes de Souza Prata, o ator Grande Otelo (1915-1993). A partir desta cole\u00e7\u00e3o foi montada a\u00a0<em>Ocupa\u00e7\u00e3o Grande Othelo<\/em>, uma parceria da Funarte com o Ita\u00fa Cultural, que a levou para a sua sede na cidade de S\u00e3o Paulo, e abriu a mostra ao p\u00fablico entre dezembro do ano passado e mar\u00e7o deste ano.<\/p>\n<p>Agora, instalada na nova sede do Cedoc, no Rio, os visitantes t\u00eam a possibilidade de fazerem, por meio de mais de 160 itens, uma imers\u00e3o na vida e obra do primeiro artista negro a ocupar um lugar de destaque tanto no teatro, como no r\u00e1dio, no cinema e na televis\u00e3o no Brasil.<\/p>\n<blockquote>\n<p>\u201cCom talento, humor e sagacidade, Othelo abriu caminhos nas artes e pautou discuss\u00f5es importantes, reivindicando direitos e representatividade. Uma presen\u00e7a marcante para a cultura do Brasil, de alcance e reconhecimento internacional\u201d, ressalta a Funarte em nota.<\/p>\n<\/blockquote>\n<p>A concep\u00e7\u00e3o e a curadoria ficaram sob a responsabilidade do Ita\u00fa Cultural e contou ainda com consultoria da pesquisadora Deise de Brito. O projeto expogr\u00e1fico \u00e9 de Kleber Montanheiro. Entre as pe\u00e7as da mostra, o p\u00fablico pode se encantar com rascunhos de poemas ou outros conclu\u00eddos, como:\u00a0<em>Cad\u00ea voc\u00ea, Gonzag\u00e3o?<\/em>\u00a0Uma homenagem que Otelo fez a Luiz Gonzaga.<\/p>\n<p>O visitante ver\u00e1 ainda, segundo a entidade, \u201cpartituras originais dos anos 1940, roteiros, objetos, cartas, fotografias, indument\u00e1rias, suas agendas para recados e outros cadernos pessoais, documentos hist\u00f3ricos como um contrato com a Rede Globo, de 1967, um diploma de cidad\u00e3o paulistano, de 1978, e trof\u00e9us como o Velho Guerreiro, que Chacrinha lhe ofereceu em seu programa dominical\u201d.<\/p>\n<p><strong>A visita\u00e7\u00e3o gratuita \u00e0 Ocupa\u00e7\u00e3o Grande Othelo estar\u00e1 aberta at\u00e9 30 de setembro, de segunda a sexta-feira, das 10h \u00e0s 16h. A partir de maio, por meio do Programa Educativo do Cedoc, as escolas poder\u00e3o agendar visitas guiadas.<\/strong><\/p>\n<p>\u201cO Cedoc abre suas portas com esta exposi\u00e7\u00e3o de difus\u00e3o desse acervo, e essa \u00e9 uma alegria enorme. Nunca se falou tanto sobre a urg\u00eancia e a necessidade de protegermos, formularmos e executarmos pol\u00edticas p\u00fablicas de prote\u00e7\u00e3o da mem\u00f3ria das artes\u201d, afirmou Maria Marighella.<\/p>\n<p>De acordo com a presidenta, assim como tem as pol\u00edticas nacionais de Patrim\u00f4nio, da Cultura Viva, a Setorial do Audiovisual e a de Museus, vai ter pela primeira vez na sua hist\u00f3ria, uma pol\u00edtica para as artes tendo o circo, a dan\u00e7a o teatro, a literatura, a m\u00fasica e o cinema como parte desse conte\u00fado cultural brasileiro.<\/p>\n<blockquote>\n<p>\u201cA democracia do Brasil se renova com as artes, a soberania do Brasil se projeta por meio das suas artes. O Brasil que quer se contar por si mesmo, um Brasil soberano ter\u00e1 a sua pol\u00edtica de valor e reconhecimento das artes como bem coletivo\u201d, comentou.<\/p>\n<\/blockquote>\n<!-- Begin Yuzo --><div class='yuzo_related_post style-1'  data-version='5.12.89'><!-- without result --><div class='yuzo_clearfixed yuzo__title yuzo__title'><h3>Related Post<\/h3><\/div>\n\t\t\t\t\t\t  <div class=\"relatedthumb \" style=\"width:125px;float:left;overflow:hidden;\">  \n\t\t\t\t\t\t\t  \n\t\t\t\t\t\t\t  <a  href=\"https:\/\/redept.com.br\/blogosfera\/para-compreender-a-galaxia-transhumanista\/\"  >\n\t\t\t\t\t\t\t\t\t  <div class=\"yuzo-img-wrap \" style=\"width: 125px;height:90px;\">\n\t\t\t\t\t\t\t\t\t\t\n\t\t\t\t\t\t\t\t\t\t<div class=\"yuzo-img\" style=\"background:url('https:\/\/redept.com.br\/blogosfera\/wp-content\/uploads\/2025\/05\/49564704241500606241-1-1024x614-1-150x150.jpg') 50% 50% no-repeat;width: 125px;height:90px;margin-bottom: 5px;background-size: cover; \"><\/div>\n\t\t\t\t\t\t\t\t\t  <\/div>\n\t\t\t\t\t\t\t\t\t  \n\t\t\t\t\t\t\t\t   <span class=\"yuzo__text--title\" style=\"font-size:13px;\">Para compreender a gal\u00e1xia transhumanista<\/span>\n\t\t\t\t\t\t\t  \n\t\t\t\t\t\t\t  \n\t\t\t\t\t\t\t  <\/a>\n\n\t\t\t\t\t\t  <\/div>\n\t\t\t\t\t\t  <div class=\"relatedthumb \" style=\"width:125px;float:left;overflow:hidden;\">  \n\t\t\t\t\t\t\t  \n\t\t\t\t\t\t\t  <a  href=\"https:\/\/redept.com.br\/blogosfera\/cpmi-revela-como-gestao-bolsonaro-abriu-caminho-para-avanco-das-fraudes-no-inss\/\"  >\n\t\t\t\t\t\t\t\t\t  <div class=\"yuzo-img-wrap \" style=\"width: 125px;height:90px;\">\n\t\t\t\t\t\t\t\t\t\t\n\t\t\t\t\t\t\t\t\t\t<div class=\"yuzo-img\" style=\"background:url('https:\/\/redept.org\/blogosfera\/wp-content\/plugins\/yuzo-related-post\/assets\/images\/default.png') 50% 50% no-repeat;width: 125px;height:90px;margin-bottom: 5px;background-size: cover; \"><\/div>\n\t\t\t\t\t\t\t\t\t  <\/div>\n\t\t\t\t\t\t\t\t\t  \n\t\t\t\t\t\t\t\t   <span class=\"yuzo__text--title\" style=\"font-size:13px;\">CPMI revela como gest\u00e3o Bolsonaro abriu caminho pa...<\/span>\n\t\t\t\t\t\t\t  \n\t\t\t\t\t\t\t  \n\t\t\t\t\t\t\t  <\/a>\n\n\t\t\t\t\t\t  <\/div>\n\t\t\t\t\t\t  <div class=\"relatedthumb \" style=\"width:125px;float:left;overflow:hidden;\">  \n\t\t\t\t\t\t\t  \n\t\t\t\t\t\t\t  <a  href=\"https:\/\/redept.com.br\/blogosfera\/terra-indigena-kayapo-esta-invadida-por-faccoes-criminosas-diz-lideranca\/\"  >\n\t\t\t\t\t\t\t\t\t  <div class=\"yuzo-img-wrap \" style=\"width: 125px;height:90px;\">\n\t\t\t\t\t\t\t\t\t\t\n\t\t\t\t\t\t\t\t\t\t<div class=\"yuzo-img\" style=\"background:url('https:\/\/redept.org\/blogosfera\/wp-content\/plugins\/yuzo-related-post\/assets\/images\/default.png') 50% 50% no-repeat;width: 125px;height:90px;margin-bottom: 5px;background-size: cover; \"><\/div>\n\t\t\t\t\t\t\t\t\t  <\/div>\n\t\t\t\t\t\t\t\t\t  \n\t\t\t\t\t\t\t\t   <span class=\"yuzo__text--title\" style=\"font-size:13px;\">Terra ind\u00edgena Kayap\u00f3 est\u00e1 invadida por fac\u00e7\u00f5es cr...<\/span>\n\t\t\t\t\t\t\t  \n\t\t\t\t\t\t\t  \n\t\t\t\t\t\t\t  <\/a>\n\n\t\t\t\t\t\t  <\/div>\n\t\t\t\t\t\t  <div class=\"relatedthumb \" style=\"width:125px;float:left;overflow:hidden;\">  \n\t\t\t\t\t\t\t  \n\t\t\t\t\t\t\t  <a  href=\"https:\/\/redept.com.br\/blogosfera\/brasilia-recebe-mostra-de-jorge-bodanzky-com-registros-da-ditadura-militar\/\"  >\n\t\t\t\t\t\t\t\t\t  <div class=\"yuzo-img-wrap \" style=\"width: 125px;height:90px;\">\n\t\t\t\t\t\t\t\t\t\t\n\t\t\t\t\t\t\t\t\t\t<div class=\"yuzo-img\" style=\"background:url('https:\/\/redept.com.br\/blogosfera\/wp-content\/uploads\/2025\/06\/Imagem-Exposicao-Que-Pais-e-Este-4-150x150.jpg') 50% 50% no-repeat;width: 125px;height:90px;margin-bottom: 5px;background-size: cover; \"><\/div>\n\t\t\t\t\t\t\t\t\t  <\/div>\n\t\t\t\t\t\t\t\t\t  \n\t\t\t\t\t\t\t\t   <span class=\"yuzo__text--title\" style=\"font-size:13px;\">Bras\u00edlia recebe mostra de Jorge Bodanzky com regis...<\/span>\n\t\t\t\t\t\t\t  \n\t\t\t\t\t\t\t  \n\t\t\t\t\t\t\t  <\/a>\n\n\t\t\t\t\t\t  <\/div>\n<\/div> <script>\n\t\t\t\t\t\t  jQuery(document).ready(function( $ ){\n\t\t\t\t\t\t\t\/\/jQuery('.yuzo_related_post').equalizer({ overflow : 'relatedthumb' });\n\t\t\t\t\t\t\tjQuery('.yuzo_related_post .yuzo_wraps').equalizer({ columns : '> div' });\n\t\t\t\t\t\t   })\n\t\t\t\t\t\t  <\/script> <!-- End Yuzo :) -->","protected":false},"excerpt":{"rendered":"<p>O Centro de Documenta\u00e7\u00e3o e Pesquisa (Cedoc) da Funda\u00e7\u00e3o Nacional de Artes (Funarte), entidade vinculada ao Minist\u00e9rio da Cultura (MinC), foi aberto na ter\u00e7a-feira (31). Agora, vinculado \u00e0 nova Diretoria de Mem\u00f3ria, Pesquisa e Produ\u00e7\u00e3o de Conte\u00fados (Dimemo), criada em 2025, com a reforma administrativa da Funarte, o Cedoc est\u00e1 instalado em um im\u00f3vel pr\u00f3prio, [&hellip;]<\/p>\n","protected":false},"author":2,"featured_media":0,"comment_status":"open","ping_status":"closed","sticky":false,"template":"","format":"standard","meta":{"fifu_image_url":"","fifu_image_alt":"","footnotes":""},"categories":[26566,29041,8620,49],"tags":[],"class_list":["post-81532","post","type-post","status-publish","format-standard","hentry","category-artes","category-funarte","category-noticia","category-rio-de-janeiro"],"_links":{"self":[{"href":"https:\/\/redept.com.br\/blogosfera\/wp-json\/wp\/v2\/posts\/81532","targetHints":{"allow":["GET"]}}],"collection":[{"href":"https:\/\/redept.com.br\/blogosfera\/wp-json\/wp\/v2\/posts"}],"about":[{"href":"https:\/\/redept.com.br\/blogosfera\/wp-json\/wp\/v2\/types\/post"}],"author":[{"embeddable":true,"href":"https:\/\/redept.com.br\/blogosfera\/wp-json\/wp\/v2\/users\/2"}],"replies":[{"embeddable":true,"href":"https:\/\/redept.com.br\/blogosfera\/wp-json\/wp\/v2\/comments?post=81532"}],"version-history":[{"count":0,"href":"https:\/\/redept.com.br\/blogosfera\/wp-json\/wp\/v2\/posts\/81532\/revisions"}],"wp:attachment":[{"href":"https:\/\/redept.com.br\/blogosfera\/wp-json\/wp\/v2\/media?parent=81532"}],"wp:term":[{"taxonomy":"category","embeddable":true,"href":"https:\/\/redept.com.br\/blogosfera\/wp-json\/wp\/v2\/categories?post=81532"},{"taxonomy":"post_tag","embeddable":true,"href":"https:\/\/redept.com.br\/blogosfera\/wp-json\/wp\/v2\/tags?post=81532"}],"curies":[{"name":"wp","href":"https:\/\/api.w.org\/{rel}","templated":true}]}}