{"id":81564,"date":"2026-04-06T14:02:19","date_gmt":"2026-04-06T17:02:19","guid":{"rendered":"https:\/\/redept.com.br\/blogosfera\/petro-pede-ao-brasil-extensao-do-pix-a-colombia-e-condena-obstaculos-dos-eua\/"},"modified":"2026-04-06T14:02:19","modified_gmt":"2026-04-06T17:02:19","slug":"petro-pede-ao-brasil-extensao-do-pix-a-colombia-e-condena-obstaculos-dos-eua","status":"publish","type":"post","link":"https:\/\/redept.com.br\/blogosfera\/petro-pede-ao-brasil-extensao-do-pix-a-colombia-e-condena-obstaculos-dos-eua\/","title":{"rendered":"Petro pede ao Brasil \u201cextens\u00e3o do Pix \u00e0 Col\u00f4mbia\u201d e condena obst\u00e1culos dos EUA"},"content":{"rendered":"<p><img fetchpriority=\"high\" width=\"1024\" height=\"683\"src=\"https:\/\/redept.com.br\/blogosfera\/wp-content\/uploads\/2026\/04\/52941148545_fa13721cc3_o-2048x1365-1.jpg\" alt=\"\" decoding=\"async\" srcset=\"https:\/\/vermelho.org.br\/wp-content\/uploads\/2026\/04\/52941148545_fa13721cc3_o-1024x683.jpg 1024w, https:\/\/vermelho.org.br\/wp-content\/uploads\/2026\/04\/52941148545_fa13721cc3_o-300x200.jpg 300w, https:\/\/vermelho.org.br\/wp-content\/uploads\/2026\/04\/52941148545_fa13721cc3_o-768x512.jpg 768w, https:\/\/vermelho.org.br\/wp-content\/uploads\/2026\/04\/52941148545_fa13721cc3_o-1536x1024.jpg 1536w, https:\/\/redept.com.br\/blogosfera\/wp-content\/uploads\/2026\/04\/52941148545_fa13721cc3_o-2048x1365-1.jpg 2048w, https:\/\/vermelho.org.br\/wp-content\/uploads\/2026\/04\/52941148545_fa13721cc3_o-272x182.jpg 272w\" sizes=\"(max-width: 1024px) 100vw, 1024px\"><\/p>\n<p>O presidente da Col\u00f4mbia, Gustavo Petro, defendeu neste s\u00e1bado (4) o sistema brasileiro de pagamentos instant\u00e2neos Pix como uma alternativa mais eficiente e condenou o relat\u00f3rio divulgado pelo Escrit\u00f3rio do Representante de Com\u00e9rcio dos Estados Unidos \u2013 \u00f3rg\u00e3o ligado ao governo Trump \u2013 de que o mecanismo representaria uma barreira comercial.<\/p>\n<p>A alega\u00e7\u00e3o da Casa Branca \u00e9 que o sistema, criado e operado pelo Banco Central, poderia favorecer a plataforma p\u00fablica em detrimento de empresas privadas estrangeiras, como Visa e Mastercard.<\/p>\n<p>Em dezembro, o Pix bateu recorde com mais de 300 milh\u00f5es de opera\u00e7\u00f5es em um \u00fanico dia, o que refor\u00e7a sua import\u00e2ncia \u201ccomo infraestrutura digital p\u00fablica, para o funcionamento da economia nacional\u201d, esclareceu o BC. Al\u00e9m da supremacia absoluta no n\u00famero de opera\u00e7\u00f5es, tamb\u00e9m foi registrado o teto em volume de dinheiro movimentado, com R$ 179,9 bilh\u00f5es em 24 horas, sendo utilizado por mais de 170 milh\u00f5es de pessoas f\u00edsicas, o que corresponde a 80% da nossa popula\u00e7\u00e3o.<\/p>\n<p>Como demonstra\u00e7\u00e3o do \u00eaxito do sistema, o PIX caiu nas gra\u00e7as dos estabelecimentos de diversos continentes, especialmente nos pa\u00edses onde h\u00e1 enorme fluxo de brasileiros, como Argentina, Uruguai, Portugal, Fran\u00e7a e nos pr\u00f3prios Estados Unidos.<\/p>\n<p>\u201cPe\u00e7o ao Brasil que estenda o sistema Pix \u00e0 Col\u00f4mbia, e que deixe de considerar a lista de san\u00e7\u00f5es do Escrit\u00f3rio de Controle de Ativos Estrangeiros (Ofac), que n\u00e3o serve mais\u201d, sustentou Petro, para quem a ferramenta \u201cj\u00e1 n\u00e3o \u00e9 uma arma contra o narcotr\u00e1fico\u201d. Em pronunciamento contundente, o presidente afirmou que o \u00f3rg\u00e3o serve apenas para \u201cperseguir e subjugar a oposi\u00e7\u00e3o pol\u00edtica em todo o mundo\u201d.<\/p>\n<p>Trocando em mi\u00fados, exemplificou o mandat\u00e1rio, o Ofac \u00e9 \u201cum sistema aberrante de controle pol\u00edtico\u201d, pois l\u00edderes do tr\u00e1fico internacional, que deveriam ser punidos pelo \u00f3rg\u00e3o, conseguem burl\u00e1-lo. \u201cOs traficantes a ridicularizam e permanecem em Dubai, onde compram resid\u00eancias por quatro milh\u00f5es de d\u00f3lares e passam a viver no luxo\u201d, salientou.<\/p>\n<p><strong>Aumento asfixiante nos juros<\/strong><\/p>\n<p>Em um contundente pronunciamento, Gustavo Petro recha\u00e7ou o aumento \u201cextorsivo\u201d da taxa de juros decretado na semana passada pelo Banco da Rep\u00fablica (Banco Central), e defendeu a necessidade da realiza\u00e7\u00e3o de uma Assembleia Nacional Constituinte para p\u00f4r fim \u00e0 pretensa \u201cautonomia e independ\u00eancia\u201d da institui\u00e7\u00e3o.<\/p>\n<p>Petro enfatizou que \u201cn\u00e3o se deixar\u00e1 extorquir\u201d por um Conselho de Administra\u00e7\u00e3o do BC que vem agindo como instrumento do neoliberalismo e da extrema-direita. S\u00e3o pessoas que tentam \u201caumentar os lucros dos donos da d\u00edvida p\u00fablica, que s\u00e3o os mesmos banqueiros\u201d. Esses senhores, disse, enriquecem com a desvaloriza\u00e7\u00e3o do peso, com o aumento dos custos financeiros e das exporta\u00e7\u00f5es, \u201ccolocando em risco o padr\u00e3o de vida e o emprego da popula\u00e7\u00e3o colombiana\u201d.<\/p>\n<p>Pelo fato de existir um impasse institucional \u2013 que atualmente prev\u00ea a independ\u00eancia do BC -, sustentou o l\u00edder colombiano, \u00e9 necess\u00e1rio que o governo seja o catalisador de uma discuss\u00e3o profunda e mobilize a sociedade, que \u201cdeve culminar em uma Assembleia Constituinte Popular\u201d que rompa de vez com a submiss\u00e3o aos banqueiros. Afinal, \u201cpor mandato constitucional, o Banco Central est\u00e1 sujeito \u00e0 soberania popular\u201d.<\/p>\n<p>O pronunciamento em favor da atua\u00e7\u00e3o do Estado neste setor estrat\u00e9gico da economia refor\u00e7a o papel do executivo e da mobiliza\u00e7\u00e3o da milit\u00e2ncia h\u00e1 dois meses das elei\u00e7\u00f5es presidenciais, quando Iv\u00e1n Cepeda, candidato do Pacto Hist\u00f3rico (partido de Petro), \u00e9 considerado o favorito.<\/p>\n<p><strong>Pesquisa feita sob encomenda da extrema direita<\/strong><\/p>\n<p>O presidente considera que os sucessivos aumentos dos juros \u2013 que ridiculamente t\u00eam por base t\u00e9cnica uma \u201cpesquisa\u201d com 26 figuras-chave que s\u00e3o os pr\u00f3prios propriet\u00e1rios dos bancos \u2013 s\u00e3o o \u201cpior erro da hist\u00f3ria da na\u00e7\u00e3o\u201d. Afinal, alertou, n\u00e3o passa de uma arma\u00e7\u00e3o que t\u00eam por objetivo \u201casfixiar\u201d, \u201cdesacelerar e economia\u201d, causar uma \u201cestagfla\u00e7\u00e3o artificial\u201d e culpar o governo, \u201cmatando a economia\u201d. Evidente, \u201cs\u00e3o economistas a servi\u00e7o da extrema-direita\u201d.<\/p>\n<p>Esta foi a raz\u00e3o do ministro da Fazenda e Cr\u00e9dito P\u00fablico, Germ\u00e1n \u00c1vila, esclareceu o mandat\u00e1rio, ter deixado a \u00faltima reuni\u00e3o do Conselho de Administra\u00e7\u00e3o do BC, n\u00e3o sendo c\u00famplice da sabotagem em curso. O presidente anunciou que seu governo havia se retirado do Conselho pelo fato do BC ter assumido uma \u201coposi\u00e7\u00e3o suicida\u201d, abertamente contr\u00e1ria \u00e0 economia nacional.<\/p>\n<p><strong>Grupelho ligado \u00e0 esc\u00f3ria de Iv\u00e1n Duque<\/strong><\/p>\n<p>A maior parte dos dirigentes do BC \u00e9 composta pelas esc\u00f3rias ligadas aos ex-presidentes Iv\u00e1n Duque M\u00e1rquez (2018-2022) e \u00c1lvaro Uribe (2002-2010), e a vassalos do sistema financeiro. Portanto, o aumento para 11,25% na taxa de juros quando a economia necessita se desenvolver, revela uma \u201cest\u00fapida alian\u00e7a\u201d entre setores rentistas e ultraneoliberais para manter a Col\u00f4mbia como um dos pa\u00edses mais desiguais do mundo, protestou Petro.<\/p>\n<p>Na pr\u00e1tica sustentou, esta significa uma agenda pol\u00edtica herdada da administra\u00e7\u00e3o anterior, \u201cum ato eleitoral, n\u00e3o cient\u00edfico\u201d, pois n\u00e3o tem qualquer sustenta\u00e7\u00e3o. E reiterou: \u201co BC est\u00e1 tentando aumentar os lucros dos donos da d\u00edvida p\u00fablica, que s\u00e3o os mesmos banqueiros\u201d.<\/p>\n<p>Para o presidente, elevar as taxas de juros enquanto o Federal Reserve (Fed) dos EUA as mant\u00eam inalteradas \u00e9 um \u201cabsurdo\u201d que beneficia exclusivamente os detentores da d\u00edvida p\u00fablica, em detrimento do trabalho das fam\u00edlias colombianas.<\/p>\n<p><strong>\u201cA distribui\u00e7\u00e3o da renda nacional prioriza os trabalhadores\u201d<\/strong><\/p>\n<p>\u201cO establishment colombiano quer o fim imediato do per\u00edodo progressista porque ele distribui a renda nacional priorizando os trabalhadores; portanto, por meio da fac\u00e7\u00e3o Duque no conselho, querem que seu modelo econ\u00f4mico seja imposto novamente ao pa\u00eds, desconsiderando o mandato popular das elei\u00e7\u00f5es de 2022\u201d, explicou Petro.<\/p>\n<p>O confronto entre o executivo e a diretoria do BC ocorre dois meses antes das elei\u00e7\u00f5es presidenciais, nas quais Iv\u00e1n Cepeda, candidato do Pacto Hist\u00f3rico (partido de Petro), \u00e9 considerado o favorito.<\/p>\n<p>A pol\u00edtica que o Conselho do BC busca implementar, advertiu Gustavo Petro, \u201cnada mais \u00e9 do que um uribismo conservador, viciado em ideias neoliberais que j\u00e1 fracassaram no mundo todo\u201d.<\/p>\n<p><strong>\u201cConselho de Administra\u00e7\u00e3o do BC perdeu sua independ\u00eancia\u201d<\/strong><\/p>\n<p>\u201cO Conselho de Administra\u00e7\u00e3o do Banco Central perdeu sua independ\u00eancia. A maioria do conselho desconsiderou a Constitui\u00e7\u00e3o de 1991, que exige coordena\u00e7\u00e3o com o governo. Ele o subjugou com sua decis\u00e3o ignorante\u201d, enfatizou o presidente.<\/p>\n<p>Al\u00e9m disso, o mandat\u00e1rio apontou conflitos de interesses diretos, mencionando que a presen\u00e7a de Bibiana Taobada, filha da ex-ministra Alicia Arango no conselho (nomeada por Iv\u00e1n Duque), vincula as decis\u00f5es do BC \u00e0 campanha eleitoral da oposi\u00e7\u00e3o, especificamente \u00e0 da senador Paloma Valencia, candidata uribista pelo \u201cCentro Democr\u00e1tico\u201d. \u201cN\u00e3o \u00e9 independente da pol\u00edtica eleitoral da m\u00e3e Alicia, que agora \u00e9 a coordenadora de campanha da candidata Paloma Valencia\u201d, recordou.<\/p>\n<p>Em 2025, o Produto Interno Bruto (PIB) colombiano cresceu 2,6%, mas \u201cespecialistas\u201d e \u201ccolunistas\u201d da grande m\u00eddia \u2013 cartas marcadas dos EUA e da oposi\u00e7\u00e3o \u2013 esbravejaram que isso provocaria um \u201celevado d\u00e9ficit fiscal\u201d devido ao \u201caumento dos gastos p\u00fablicos\u201d e \u201caos investimentos significativos em programas sociais\u201d.<\/p>\n<p>Outra pretensa \u201cpreocupa\u00e7\u00e3o\u201d da extrema direita \u00e9 que Petro decretou um aumento hist\u00f3rico de 23,7% no sal\u00e1rio m\u00ednimo em 2026, medida que, segundo seus \u201canalistas\u201d, \u201cpoder\u00e1 pressionar a infla\u00e7\u00e3o para cima\u201d. Na verdade, o que temem \u00e9 que ao elevar o piso para 2 milh\u00f5es de pesos colombianos (cerca de R$ 2.819), o \u201csal\u00e1rio vital\u201d tenha ampliado de forma significativa o poder de compra, gerado emprego e contribu\u00eddo para a redu\u00e7\u00e3o da desigualdade. O aumento supera em muito a infla\u00e7\u00e3o projetada (5,1%) e \u00e9 o maior desde 1997. <\/p>\n<p>Em carta de apoio ao governo, economistas, acad\u00eamicos, movimentos sociais, sindicais e organiza\u00e7\u00f5es comunit\u00e1rias sustentam que o aumento abusivo na taxa de juros imposto pelo BC ao longo do ano tem sido \u201cuma rea\u00e7\u00e3o direta ao aumento do sal\u00e1rio m\u00ednimo\u201d, que penaliza fam\u00edlias e pequenas empresas.<\/p>\n<p>O post <a href=\"https:\/\/vermelho.org.br\/2026\/04\/06\/petro-pede-ao-brasil-extensao-do-pix-a-colombia-e-condena-obstaculos-dos-eua\/\">Petro pede ao Brasil \u201cextens\u00e3o do Pix \u00e0 Col\u00f4mbia\u201d e condena obst\u00e1culos dos EUA<\/a> apareceu primeiro em <a href=\"https:\/\/vermelho.org.br\/\">Vermelho<\/a>.<\/p>\n<!-- Begin Yuzo --><div class='yuzo_related_post style-1'  data-version='5.12.89'><!-- without result --><div class='yuzo_clearfixed yuzo__title yuzo__title'><h3>Related Post<\/h3><\/div>\n\t\t\t\t\t\t  <div class=\"relatedthumb \" style=\"width:125px;float:left;overflow:hidden;\">  \n\t\t\t\t\t\t\t  \n\t\t\t\t\t\t\t  <a  href=\"https:\/\/redept.com.br\/blogosfera\/desconhecimento-sobre-acoes-e-fake-news-impactam-na-avaliacao-do-governo\/\"  >\n\t\t\t\t\t\t\t\t\t  <div class=\"yuzo-img-wrap \" style=\"width: 125px;height:90px;\">\n\t\t\t\t\t\t\t\t\t\t\n\t\t\t\t\t\t\t\t\t\t<div class=\"yuzo-img\" style=\"background:url('https:\/\/redept.com.br\/blogosfera\/wp-content\/uploads\/2025\/06\/Captura-de-Tela-2025-06-05-as-154744-150x150.png') 50% 50% no-repeat;width: 125px;height:90px;margin-bottom: 5px;background-size: cover; \"><\/div>\n\t\t\t\t\t\t\t\t\t  <\/div>\n\t\t\t\t\t\t\t\t\t  \n\t\t\t\t\t\t\t\t   <span class=\"yuzo__text--title\" style=\"font-size:13px;\">Desconhecimento sobre a\u00e7\u00f5es e fake news impactam n...<\/span>\n\t\t\t\t\t\t\t  \n\t\t\t\t\t\t\t  \n\t\t\t\t\t\t\t  <\/a>\n\n\t\t\t\t\t\t  <\/div>\n\t\t\t\t\t\t  <div class=\"relatedthumb \" style=\"width:125px;float:left;overflow:hidden;\">  \n\t\t\t\t\t\t\t  \n\t\t\t\t\t\t\t  <a  href=\"https:\/\/redept.com.br\/blogosfera\/china-da-resposta-forte-e-decisiva-as-ameacas-de-trump-se-voce-quer-guerra-estamos-prontos\/\"  >\n\t\t\t\t\t\t\t\t\t  <div class=\"yuzo-img-wrap \" style=\"width: 125px;height:90px;\">\n\t\t\t\t\t\t\t\t\t\t\n\t\t\t\t\t\t\t\t\t\t<div class=\"yuzo-img\" style=\"background:url('https:\/\/redept.org\/blogosfera\/wp-content\/plugins\/yuzo-related-post\/assets\/images\/default.png') 50% 50% no-repeat;width: 125px;height:90px;margin-bottom: 5px;background-size: cover; \"><\/div>\n\t\t\t\t\t\t\t\t\t  <\/div>\n\t\t\t\t\t\t\t\t\t  \n\t\t\t\t\t\t\t\t   <span class=\"yuzo__text--title\" style=\"font-size:13px;\">China d\u00e1 resposta forte e decisiva as amea\u00e7as de T...<\/span>\n\t\t\t\t\t\t\t  \n\t\t\t\t\t\t\t  \n\t\t\t\t\t\t\t  <\/a>\n\n\t\t\t\t\t\t  <\/div>\n\t\t\t\t\t\t  <div class=\"relatedthumb \" style=\"width:125px;float:left;overflow:hidden;\">  \n\t\t\t\t\t\t\t  \n\t\t\t\t\t\t\t  <a  href=\"https:\/\/redept.com.br\/blogosfera\/apagao-em-portugal-e-espanha-afeta-trens-uniao-europeia-investiga-causas\/\"  >\n\t\t\t\t\t\t\t\t\t  <div class=\"yuzo-img-wrap \" style=\"width: 125px;height:90px;\">\n\t\t\t\t\t\t\t\t\t\t\n\t\t\t\t\t\t\t\t\t\t<div class=\"yuzo-img\" style=\"background:url('https:\/\/redept.org\/blogosfera\/wp-content\/plugins\/yuzo-related-post\/assets\/images\/default.png') 50% 50% no-repeat;width: 125px;height:90px;margin-bottom: 5px;background-size: cover; \"><\/div>\n\t\t\t\t\t\t\t\t\t  <\/div>\n\t\t\t\t\t\t\t\t\t  \n\t\t\t\t\t\t\t\t   <span class=\"yuzo__text--title\" style=\"font-size:13px;\">Apag\u00e3o em Portugal e Espanha afeta trens; Uni\u00e3o Eu...<\/span>\n\t\t\t\t\t\t\t  \n\t\t\t\t\t\t\t  \n\t\t\t\t\t\t\t  <\/a>\n\n\t\t\t\t\t\t  <\/div>\n\t\t\t\t\t\t  <div class=\"relatedthumb \" style=\"width:125px;float:left;overflow:hidden;\">  \n\t\t\t\t\t\t\t  \n\t\t\t\t\t\t\t  <a  href=\"https:\/\/redept.com.br\/blogosfera\/bom-dia-fim-do-mundo-novo-programa-explora-os-impactos-da-politica-na-crise-climatica\/\"  >\n\t\t\t\t\t\t\t\t\t  <div class=\"yuzo-img-wrap \" style=\"width: 125px;height:90px;\">\n\t\t\t\t\t\t\t\t\t\t\n\t\t\t\t\t\t\t\t\t\t<div class=\"yuzo-img\" style=\"background:url('https:\/\/redept.com.br\/blogosfera\/wp-content\/uploads\/2025\/04\/2-Bom-Dia-Fim-do-Mundo-150x150.jpg') 50% 50% no-repeat;width: 125px;height:90px;margin-bottom: 5px;background-size: cover; \"><\/div>\n\t\t\t\t\t\t\t\t\t  <\/div>\n\t\t\t\t\t\t\t\t\t  \n\t\t\t\t\t\t\t\t   <span class=\"yuzo__text--title\" style=\"font-size:13px;\">Bom Dia, Fim do Mundo: novo programa explora os im...<\/span>\n\t\t\t\t\t\t\t  \n\t\t\t\t\t\t\t  \n\t\t\t\t\t\t\t  <\/a>\n\n\t\t\t\t\t\t  <\/div>\n<\/div> <script>\n\t\t\t\t\t\t  jQuery(document).ready(function( $ ){\n\t\t\t\t\t\t\t\/\/jQuery('.yuzo_related_post').equalizer({ overflow : 'relatedthumb' });\n\t\t\t\t\t\t\tjQuery('.yuzo_related_post .yuzo_wraps').equalizer({ columns : '> div' });\n\t\t\t\t\t\t   })\n\t\t\t\t\t\t  <\/script> <!-- End Yuzo :) -->","protected":false},"excerpt":{"rendered":"<p>O presidente da Col\u00f4mbia, Gustavo Petro, defendeu neste s\u00e1bado (4) o sistema brasileiro de pagamentos instant\u00e2neos Pix como uma alternativa mais eficiente e condenou o relat\u00f3rio divulgado pelo Escrit\u00f3rio do Representante de Com\u00e9rcio dos Estados Unidos \u2013 \u00f3rg\u00e3o ligado ao governo Trump \u2013 de que o mecanismo representaria uma barreira comercial. A alega\u00e7\u00e3o da Casa [&hellip;]<\/p>\n","protected":false},"author":2,"featured_media":0,"comment_status":"open","ping_status":"closed","sticky":false,"template":"","format":"standard","meta":{"fifu_image_url":"","fifu_image_alt":"","footnotes":""},"categories":[221,2953,50,124,1731],"tags":[],"class_list":["post-81564","post","type-post","status-publish","format-standard","hentry","category-economia","category-gustavo-petro","category-internacional","category-juros","category-pix"],"_links":{"self":[{"href":"https:\/\/redept.com.br\/blogosfera\/wp-json\/wp\/v2\/posts\/81564","targetHints":{"allow":["GET"]}}],"collection":[{"href":"https:\/\/redept.com.br\/blogosfera\/wp-json\/wp\/v2\/posts"}],"about":[{"href":"https:\/\/redept.com.br\/blogosfera\/wp-json\/wp\/v2\/types\/post"}],"author":[{"embeddable":true,"href":"https:\/\/redept.com.br\/blogosfera\/wp-json\/wp\/v2\/users\/2"}],"replies":[{"embeddable":true,"href":"https:\/\/redept.com.br\/blogosfera\/wp-json\/wp\/v2\/comments?post=81564"}],"version-history":[{"count":0,"href":"https:\/\/redept.com.br\/blogosfera\/wp-json\/wp\/v2\/posts\/81564\/revisions"}],"wp:attachment":[{"href":"https:\/\/redept.com.br\/blogosfera\/wp-json\/wp\/v2\/media?parent=81564"}],"wp:term":[{"taxonomy":"category","embeddable":true,"href":"https:\/\/redept.com.br\/blogosfera\/wp-json\/wp\/v2\/categories?post=81564"},{"taxonomy":"post_tag","embeddable":true,"href":"https:\/\/redept.com.br\/blogosfera\/wp-json\/wp\/v2\/tags?post=81564"}],"curies":[{"name":"wp","href":"https:\/\/api.w.org\/{rel}","templated":true}]}}