{"id":81600,"date":"2026-04-06T17:04:16","date_gmt":"2026-04-06T20:04:16","guid":{"rendered":"https:\/\/redept.com.br\/blogosfera\/em-3-tres-meses-mp-do-bom-condutor-gera-economia-de-mais-de-r-12-bi\/"},"modified":"2026-04-06T17:04:16","modified_gmt":"2026-04-06T20:04:16","slug":"em-3-tres-meses-mp-do-bom-condutor-gera-economia-de-mais-de-r-12-bi","status":"publish","type":"post","link":"https:\/\/redept.com.br\/blogosfera\/em-3-tres-meses-mp-do-bom-condutor-gera-economia-de-mais-de-r-12-bi\/","title":{"rendered":"Em 3 tr\u00eas meses, MP do Bom Condutor gera economia de mais de R$ 1,2 bi"},"content":{"rendered":"<p>Mais de 1,6 milh\u00e3o de brasileiros deixaram de pagar pela renova\u00e7\u00e3o da Carteira Nacional de Habilita\u00e7\u00e3o (CNH), o que gerou uma economia de R$ 1.248.943.777, entre 10 de dezembro de 2025 e 19 de mar\u00e7o de 2026.\u00a0Viabilizada pela Medida Provis\u00f3ria n\u00ba 1.327\/2025, conhecida como MP do Bom Condutor, a renova\u00e7\u00e3o autom\u00e1tica do documento \u00e9 permitida para condutores que n\u00e3o cometeram infra\u00e7\u00f5es sujeitas \u00e0 pontua\u00e7\u00e3o nos \u00faltimos 12 meses, entre outros crit\u00e9rios. Leia em\u00a0<strong><a href=\"https:\/\/tvtnews.com.br\/\">TVT News<\/a><\/strong>.<\/p>\n<p>A iniciativa, que integra o programa CNH do Brasil, elimina custos e simplifica o processo de renova\u00e7\u00e3o da carteira de motorista, reduz etapas burocr\u00e1ticas e amplia o acesso aos servi\u00e7os digitais.<\/p>\n<p><a href=\"https:\/\/chat.whatsapp.com\/HC8TJaWXK8t4wNAG0oRwZI?mode=gi_t\" target=\"_blank\" rel=\"noreferrer noopener nofollow\">&gt;&gt; Siga o grupo da\u00a0<strong>TVT News\u00a0<\/strong>no WhatsApp<\/a><\/p>\n<p><strong>REGI\u00d5ES<\/strong>\u00a0\u2013 O Sudeste lidera o ranking de economia, com R$ 606,5 milh\u00f5es, seguido do Nordeste, com R$ 255,2 milh\u00f5es, impulsionado pela forte ades\u00e3o em estados como Bahia, Cear\u00e1 e Pernambuco. O Sul aparece na sequ\u00eancia, com R$ 224,4 milh\u00f5es. No Centro-Oeste, a economia soma R$ 105 milh\u00f5es, enquanto a regi\u00e3o Norte registra R$ 57,6 milh\u00f5es em economia com a renova\u00e7\u00e3o autom\u00e1tica da CNH.<\/p>\n<p><strong>ESTADOS<\/strong>\u00a0\u2013 S\u00e3o Paulo lidera entre as unidades da Federa\u00e7\u00e3o, com R$ 302,2 milh\u00f5es em economia, seguido por Rio de Janeiro (R$ 131,4 milh\u00f5es) e Minas Gerais (R$ 121,2 milh\u00f5es). Na sequ\u00eancia aparecem Rio Grande do Sul (R$ 93,8 milh\u00f5es), Paran\u00e1 (R$ 79,1 milh\u00f5es) e Bahia (R$ 73,6 milh\u00f5es). Completam os dez primeiros colocados os estados do Esp\u00edrito Santo (R$ 51,6 milh\u00f5es), Santa Catarina (R$ 51,4 milh\u00f5es), Cear\u00e1 (R$ 43 milh\u00f5es) e Goi\u00e1s (R$ 41,6 milh\u00f5es).<\/p>\n<p><strong>PROCESSAMENTO EM LOTES<\/strong>\u00a0\u2014 A renova\u00e7\u00e3o est\u00e1 em andamento por meio de processamento em lotes e respeita o prazo legal de at\u00e9 30 dias ap\u00f3s o vencimento do documento. Nesse per\u00edodo, o condutor pode circular normalmente, conforme a legisla\u00e7\u00e3o de tr\u00e2nsito.<\/p>\n<p><strong>CNH DO BRASIL<\/strong>\u00a0\u2014 Os dados refor\u00e7am a forte ades\u00e3o ao programa nas diferentes regi\u00f5es do pa\u00eds. O aplicativo CNH do Brasil j\u00e1 soma mais de 56 milh\u00f5es de usu\u00e1rios ativos e oferece cursos te\u00f3ricos gratuitos para quem deseja se tornar condutor. Alinhada ao programa, a MP do Bom Condutor contribui para a redu\u00e7\u00e3o de custos, a amplia\u00e7\u00e3o do uso de solu\u00e7\u00f5es digitais e incentiva comportamentos mais seguros no tr\u00e2nsito.<\/p>\n<p>Desde o lan\u00e7amento, mais de 2 milh\u00f5es de pessoas finalizaram os cursos dispon\u00edveis na plataforma e mais de meio milh\u00e3o de brasileiros emitiram a primeira carteira de motorista.<\/p>\n<p><em>Via <a href=\"https:\/\/www.gov.br\/secom\/pt-br\/acompanhe-a-secom\/noticias\/2026\/04\/em-apenas-tres-meses-mp-do-bom-condutor-gera-economia-de-mais-de-r-1-2-bilhao-aos-brasileiros\" target=\"_blank\" rel=\"noopener noreferrer nofollow\">Secom<\/a><\/em><\/p>\n<p>The post <a rel=\"nofollow\" href=\"https:\/\/tvtnews.com.br\/em-3-tres-meses-mp-do-bom-condutor-gera-economia-de-mais-de-r-12-bi\/\">Em 3 tr\u00eas meses, MP do Bom Condutor gera economia de mais de R$ 1,2 bi<\/a> appeared first on <a rel=\"nofollow\" href=\"https:\/\/tvtnews.com.br\/\">TVT News<\/a>.<\/p>\n<!-- Begin Yuzo --><div class='yuzo_related_post style-1'  data-version='5.12.89'><!-- without result --><div class='yuzo_clearfixed yuzo__title yuzo__title'><h3>Related Post<\/h3><\/div>\n\t\t\t\t\t\t  <div class=\"relatedthumb \" style=\"width:125px;float:left;overflow:hidden;\">  \n\t\t\t\t\t\t\t  \n\t\t\t\t\t\t\t  <a  href=\"https:\/\/redept.com.br\/blogosfera\/victor-jara-resistencia-e-coragem-na-musica-chilena\/\"  >\n\t\t\t\t\t\t\t\t\t  <div class=\"yuzo-img-wrap \" style=\"width: 125px;height:90px;\">\n\t\t\t\t\t\t\t\t\t\t\n\t\t\t\t\t\t\t\t\t\t<div class=\"yuzo-img\" style=\"background:url('https:\/\/redept.com.br\/blogosfera\/wp-content\/uploads\/2025\/09\/victor-jara-guitarra-color-1400x78880-1-150x150.jpg') 50% 50% no-repeat;width: 125px;height:90px;margin-bottom: 5px;background-size: cover; \"><\/div>\n\t\t\t\t\t\t\t\t\t  <\/div>\n\t\t\t\t\t\t\t\t\t  \n\t\t\t\t\t\t\t\t   <span class=\"yuzo__text--title\" style=\"font-size:13px;\">Victor Jara: resist\u00eancia e coragem na m\u00fasica chile...<\/span>\n\t\t\t\t\t\t\t  \n\t\t\t\t\t\t\t  \n\t\t\t\t\t\t\t  <\/a>\n\n\t\t\t\t\t\t  <\/div>\n\t\t\t\t\t\t  <div class=\"relatedthumb \" style=\"width:125px;float:left;overflow:hidden;\">  \n\t\t\t\t\t\t\t  \n\t\t\t\t\t\t\t  <a  href=\"https:\/\/redept.com.br\/blogosfera\/camara-aprova-projeto-que-torna-crime-hediondo-falsificacao-de-bebida\/\"  >\n\t\t\t\t\t\t\t\t\t  <div class=\"yuzo-img-wrap \" style=\"width: 125px;height:90px;\">\n\t\t\t\t\t\t\t\t\t\t\n\t\t\t\t\t\t\t\t\t\t<div class=\"yuzo-img\" style=\"background:url('https:\/\/redept.com.br\/blogosfera\/wp-content\/uploads\/2025\/10\/Bebida-falsificada-150x150.jpg') 50% 50% no-repeat;width: 125px;height:90px;margin-bottom: 5px;background-size: cover; \"><\/div>\n\t\t\t\t\t\t\t\t\t  <\/div>\n\t\t\t\t\t\t\t\t\t  \n\t\t\t\t\t\t\t\t   <span class=\"yuzo__text--title\" style=\"font-size:13px;\">C\u00e2mara aprova projeto que torna crime hediondo fal...<\/span>\n\t\t\t\t\t\t\t  \n\t\t\t\t\t\t\t  \n\t\t\t\t\t\t\t  <\/a>\n\n\t\t\t\t\t\t  <\/div>\n\t\t\t\t\t\t  <div class=\"relatedthumb \" style=\"width:125px;float:left;overflow:hidden;\">  \n\t\t\t\t\t\t\t  \n\t\t\t\t\t\t\t  <a  href=\"https:\/\/redept.com.br\/blogosfera\/mst-encerra-o-38-encontro-estadual-na-capital-baiana\/\"  >\n\t\t\t\t\t\t\t\t\t  <div class=\"yuzo-img-wrap \" style=\"width: 125px;height:90px;\">\n\t\t\t\t\t\t\t\t\t\t\n\t\t\t\t\t\t\t\t\t\t<div class=\"yuzo-img\" style=\"background:url('https:\/\/redept.com.br\/blogosfera\/wp-content\/uploads\/2025\/12\/image-2-150x150.jpg') 50% 50% no-repeat;width: 125px;height:90px;margin-bottom: 5px;background-size: cover; \"><\/div>\n\t\t\t\t\t\t\t\t\t  <\/div>\n\t\t\t\t\t\t\t\t\t  \n\t\t\t\t\t\t\t\t   <span class=\"yuzo__text--title\" style=\"font-size:13px;\">MST encerra o 38\u00b0 Encontro Estadual na capital bai...<\/span>\n\t\t\t\t\t\t\t  \n\t\t\t\t\t\t\t  \n\t\t\t\t\t\t\t  <\/a>\n\n\t\t\t\t\t\t  <\/div>\n\t\t\t\t\t\t  <div class=\"relatedthumb \" style=\"width:125px;float:left;overflow:hidden;\">  \n\t\t\t\t\t\t\t  \n\t\t\t\t\t\t\t  <a  href=\"https:\/\/redept.com.br\/blogosfera\/passagem-de-onibus-confira-o-valor-da-passagem-na-sua-cidade-em-2026\/\"  >\n\t\t\t\t\t\t\t\t\t  <div class=\"yuzo-img-wrap \" style=\"width: 125px;height:90px;\">\n\t\t\t\t\t\t\t\t\t\t\n\t\t\t\t\t\t\t\t\t\t<div class=\"yuzo-img\" style=\"background:url('https:\/\/redept.com.br\/blogosfera\/wp-content\/uploads\/2026\/01\/vereradores_tarifa_zero-2-2048x1152-1-150x150.jpg') 50% 50% no-repeat;width: 125px;height:90px;margin-bottom: 5px;background-size: cover; \"><\/div>\n\t\t\t\t\t\t\t\t\t  <\/div>\n\t\t\t\t\t\t\t\t\t  \n\t\t\t\t\t\t\t\t   <span class=\"yuzo__text--title\" style=\"font-size:13px;\">Passagem de \u00f4nibus: confira o valor da passagem na...<\/span>\n\t\t\t\t\t\t\t  \n\t\t\t\t\t\t\t  \n\t\t\t\t\t\t\t  <\/a>\n\n\t\t\t\t\t\t  <\/div>\n<\/div> <script>\n\t\t\t\t\t\t  jQuery(document).ready(function( $ ){\n\t\t\t\t\t\t\t\/\/jQuery('.yuzo_related_post').equalizer({ overflow : 'relatedthumb' });\n\t\t\t\t\t\t\tjQuery('.yuzo_related_post .yuzo_wraps').equalizer({ columns : '> div' });\n\t\t\t\t\t\t   })\n\t\t\t\t\t\t  <\/script> <!-- End Yuzo :) -->","protected":false},"excerpt":{"rendered":"<p>Mais de 1,6 milh\u00e3o de brasileiros deixaram de pagar pela renova\u00e7\u00e3o da Carteira Nacional de Habilita\u00e7\u00e3o (CNH), o que gerou uma economia de R$ 1.248.943.777, entre 10 de dezembro de 2025 e 19 de mar\u00e7o de 2026.\u00a0Viabilizada pela Medida Provis\u00f3ria n\u00ba 1.327\/2025, conhecida como MP do Bom Condutor, a renova\u00e7\u00e3o autom\u00e1tica do documento \u00e9 permitida [&hellip;]<\/p>\n","protected":false},"author":2,"featured_media":0,"comment_status":"open","ping_status":"closed","sticky":false,"template":"","format":"standard","meta":{"fifu_image_url":"","fifu_image_alt":"","footnotes":""},"categories":[489,94,17,2921],"tags":[],"class_list":["post-81600","post","type-post","status-publish","format-standard","hentry","category-destaque-pequeno","category-geral","category-governo-lula","category-transportes"],"_links":{"self":[{"href":"https:\/\/redept.com.br\/blogosfera\/wp-json\/wp\/v2\/posts\/81600","targetHints":{"allow":["GET"]}}],"collection":[{"href":"https:\/\/redept.com.br\/blogosfera\/wp-json\/wp\/v2\/posts"}],"about":[{"href":"https:\/\/redept.com.br\/blogosfera\/wp-json\/wp\/v2\/types\/post"}],"author":[{"embeddable":true,"href":"https:\/\/redept.com.br\/blogosfera\/wp-json\/wp\/v2\/users\/2"}],"replies":[{"embeddable":true,"href":"https:\/\/redept.com.br\/blogosfera\/wp-json\/wp\/v2\/comments?post=81600"}],"version-history":[{"count":0,"href":"https:\/\/redept.com.br\/blogosfera\/wp-json\/wp\/v2\/posts\/81600\/revisions"}],"wp:attachment":[{"href":"https:\/\/redept.com.br\/blogosfera\/wp-json\/wp\/v2\/media?parent=81600"}],"wp:term":[{"taxonomy":"category","embeddable":true,"href":"https:\/\/redept.com.br\/blogosfera\/wp-json\/wp\/v2\/categories?post=81600"},{"taxonomy":"post_tag","embeddable":true,"href":"https:\/\/redept.com.br\/blogosfera\/wp-json\/wp\/v2\/tags?post=81600"}],"curies":[{"name":"wp","href":"https:\/\/api.w.org\/{rel}","templated":true}]}}