{"id":81683,"date":"2026-04-07T06:53:50","date_gmt":"2026-04-07T09:53:50","guid":{"rendered":"https:\/\/redept.com.br\/blogosfera\/candidatissimo-sidonio-desmente-materia-de-andreza-matais-do-metropoles-esta-conversa-nao-existe\/"},"modified":"2026-04-07T06:53:50","modified_gmt":"2026-04-07T09:53:50","slug":"candidatissimo-sidonio-desmente-materia-de-andreza-matais-do-metropoles-esta-conversa-nao-existe","status":"publish","type":"post","link":"https:\/\/redept.com.br\/blogosfera\/candidatissimo-sidonio-desmente-materia-de-andreza-matais-do-metropoles-esta-conversa-nao-existe\/","title":{"rendered":"\u201cCandidat\u00edssimo\u201d: Sid\u00f4nio desmente mat\u00e9ria de Andreza Matais, do Metr\u00f3poles: \u201cEsta conversa n\u00e3o existe\u201d"},"content":{"rendered":"<p>Ministro da Secom rebate especula\u00e7\u00f5es de bastidores noticiados em mat\u00e9ria de Andreza Matais sobre eventual recuo do presidente e refor\u00e7a que ele \u00e9 o candidato natural para 2026<\/p>\n<p>O post \u201cCandidat\u00edssimo\u201d: Sid\u00f4nio desmente mat\u00e9ria de Andreza Matais, do Metr\u00f3poles: \u201cEsta conversa n\u00e3o existe\u201d apareceu primeiro em .<\/p>\n<!-- Begin Yuzo --><div class='yuzo_related_post style-1'  data-version='5.12.89'><!-- without result --><div class='yuzo_clearfixed yuzo__title yuzo__title'><h3>Related Post<\/h3><\/div>\n\t\t\t\t\t\t  <div class=\"relatedthumb \" style=\"width:125px;float:left;overflow:hidden;\">  \n\t\t\t\t\t\t\t  \n\t\t\t\t\t\t\t  <a  href=\"https:\/\/redept.com.br\/blogosfera\/defender-a-vida-e-combater-o-agronegocio-sao-temas-da-12a-da-jornada-universitaria-em-defesa-da-reforma-agraria\/\"  >\n\t\t\t\t\t\t\t\t\t  <div class=\"yuzo-img-wrap \" style=\"width: 125px;height:90px;\">\n\t\t\t\t\t\t\t\t\t\t\n\t\t\t\t\t\t\t\t\t\t<div class=\"yuzo-img\" style=\"background:url('https:\/\/redept.org\/blogosfera\/wp-content\/plugins\/yuzo-related-post\/assets\/images\/default.png') 50% 50% no-repeat;width: 125px;height:90px;margin-bottom: 5px;background-size: cover; \"><\/div>\n\t\t\t\t\t\t\t\t\t  <\/div>\n\t\t\t\t\t\t\t\t\t  \n\t\t\t\t\t\t\t\t   <span class=\"yuzo__text--title\" style=\"font-size:13px;\">\u2018Defender a vida e combater o agroneg\u00f3cio\u2019 s\u00e3o tem...<\/span>\n\t\t\t\t\t\t\t  \n\t\t\t\t\t\t\t  \n\t\t\t\t\t\t\t  <\/a>\n\n\t\t\t\t\t\t  <\/div>\n\t\t\t\t\t\t  <div class=\"relatedthumb \" style=\"width:125px;float:left;overflow:hidden;\">  \n\t\t\t\t\t\t\t  \n\t\t\t\t\t\t\t  <a  href=\"https:\/\/redept.com.br\/blogosfera\/israel-aprova-registros-de-terras-na-cisjordania-como-propriedade-do-estado\/\"  >\n\t\t\t\t\t\t\t\t\t  <div class=\"yuzo-img-wrap \" style=\"width: 125px;height:90px;\">\n\t\t\t\t\t\t\t\t\t\t\n\t\t\t\t\t\t\t\t\t\t<div class=\"yuzo-img\" style=\"background:url('https:\/\/redept.com.br\/blogosfera\/wp-content\/uploads\/2026\/02\/cisjordania-ocupada-dvirraz-wikimedia-commons-150x150.jpg') 50% 50% no-repeat;width: 125px;height:90px;margin-bottom: 5px;background-size: cover; \"><\/div>\n\t\t\t\t\t\t\t\t\t  <\/div>\n\t\t\t\t\t\t\t\t\t  \n\t\t\t\t\t\t\t\t   <span class=\"yuzo__text--title\" style=\"font-size:13px;\">Israel aprova registros de terras na Cisjord\u00e2nia c...<\/span>\n\t\t\t\t\t\t\t  \n\t\t\t\t\t\t\t  \n\t\t\t\t\t\t\t  <\/a>\n\n\t\t\t\t\t\t  <\/div>\n\t\t\t\t\t\t  <div class=\"relatedthumb \" style=\"width:125px;float:left;overflow:hidden;\">  \n\t\t\t\t\t\t\t  \n\t\t\t\t\t\t\t  <a  href=\"https:\/\/redept.com.br\/blogosfera\/terromoto-no-tibete-chines-deixa-pelo-menos-126-mortos-e-quase-200-feridos\/\"  >\n\t\t\t\t\t\t\t\t\t  <div class=\"yuzo-img-wrap \" style=\"width: 125px;height:90px;\">\n\t\t\t\t\t\t\t\t\t\t\n\t\t\t\t\t\t\t\t\t\t<div class=\"yuzo-img\" style=\"background:url('https:\/\/redept.org\/blogosfera\/wp-content\/plugins\/yuzo-related-post\/assets\/images\/default.png') 50% 50% no-repeat;width: 125px;height:90px;margin-bottom: 5px;background-size: cover; \"><\/div>\n\t\t\t\t\t\t\t\t\t  <\/div>\n\t\t\t\t\t\t\t\t\t  \n\t\t\t\t\t\t\t\t   <span class=\"yuzo__text--title\" style=\"font-size:13px;\">Terromoto no Tibete chin\u00eas deixa pelo menos 126 mo...<\/span>\n\t\t\t\t\t\t\t  \n\t\t\t\t\t\t\t  \n\t\t\t\t\t\t\t  <\/a>\n\n\t\t\t\t\t\t  <\/div>\n\t\t\t\t\t\t  <div class=\"relatedthumb \" style=\"width:125px;float:left;overflow:hidden;\">  \n\t\t\t\t\t\t\t  \n\t\t\t\t\t\t\t  <a  href=\"https:\/\/redept.com.br\/blogosfera\/cemiterio-virou-parque-e-igreja-avenida-pesquisadores-resgatam-memorias-negras-no-sul-de-mg\/\"  >\n\t\t\t\t\t\t\t\t\t  <div class=\"yuzo-img-wrap \" style=\"width: 125px;height:90px;\">\n\t\t\t\t\t\t\t\t\t\t\n\t\t\t\t\t\t\t\t\t\t<div class=\"yuzo-img\" style=\"background:url('https:\/\/redept.org\/blogosfera\/wp-content\/plugins\/yuzo-related-post\/assets\/images\/default.png') 50% 50% no-repeat;width: 125px;height:90px;margin-bottom: 5px;background-size: cover; \"><\/div>\n\t\t\t\t\t\t\t\t\t  <\/div>\n\t\t\t\t\t\t\t\t\t  \n\t\t\t\t\t\t\t\t   <span class=\"yuzo__text--title\" style=\"font-size:13px;\">Cemit\u00e9rio virou parque e igreja avenida: pesquisad...<\/span>\n\t\t\t\t\t\t\t  \n\t\t\t\t\t\t\t  \n\t\t\t\t\t\t\t  <\/a>\n\n\t\t\t\t\t\t  <\/div>\n<\/div> <script>\n\t\t\t\t\t\t  jQuery(document).ready(function( $ ){\n\t\t\t\t\t\t\t\/\/jQuery('.yuzo_related_post').equalizer({ overflow : 'relatedthumb' });\n\t\t\t\t\t\t\tjQuery('.yuzo_related_post .yuzo_wraps').equalizer({ columns : '> div' });\n\t\t\t\t\t\t   })\n\t\t\t\t\t\t  <\/script> <!-- End Yuzo :) -->","protected":false},"excerpt":{"rendered":"<p>Ministro da Secom rebate especula\u00e7\u00f5es de bastidores noticiados em mat\u00e9ria de Andreza Matais sobre eventual recuo do presidente e refor\u00e7a que ele \u00e9 o candidato natural para 2026<\/p>\n<p>O post <a rel=\"nofollow\" href=\"https:\/\/urbsmagna.com\/lula-candidatissimo-reeleicao-sidonio-palmeira-desmente-materia-2026\/\">\u201cCandidat\u00edssimo\u201d: Sid\u00f4nio desmente mat\u00e9ria de Andreza Matais, do Metr\u00f3poles: \u201cEsta conversa n\u00e3o existe\u201d<\/a> apareceu primeiro em <a rel=\"nofollow\" href=\"https:\/\/urbsmagna.com\/\"><\/a>.<\/p>\n","protected":false},"author":2,"featured_media":0,"comment_status":"open","ping_status":"closed","sticky":false,"template":"","format":"standard","meta":{"fifu_image_url":"","fifu_image_alt":"","footnotes":""},"categories":[284,498,44422,395,536,44423,1760,44424,161,112,44425,44426,44427,25845,191,7551,132,5471,1059,1035,3081,44428,44429,44430],"tags":[],"class_list":["post-81683","post","type-post","status-publish","format-standard","hentry","category-agricultura","category-brasilia","category-centao-especulacoes-lula","category-centrao","category-democracia","category-democracia-brasil-2026","category-eleicoes-2026","category-eleicoes-2026-pt","category-governo-federal","category-lula","category-lula-candidatissimo","category-lula-candidato-natural","category-lula-nao-recua-2026","category-lula-reeleicao-2026","category-noticias","category-palacio-do-planalto","category-politica","category-politica-nacional","category-pt","category-reeleicao","category-secom","category-secom-palacio-do-planalto","category-sidonio-desmente-rumores","category-sidonio-palmeira-secom"],"_links":{"self":[{"href":"https:\/\/redept.com.br\/blogosfera\/wp-json\/wp\/v2\/posts\/81683","targetHints":{"allow":["GET"]}}],"collection":[{"href":"https:\/\/redept.com.br\/blogosfera\/wp-json\/wp\/v2\/posts"}],"about":[{"href":"https:\/\/redept.com.br\/blogosfera\/wp-json\/wp\/v2\/types\/post"}],"author":[{"embeddable":true,"href":"https:\/\/redept.com.br\/blogosfera\/wp-json\/wp\/v2\/users\/2"}],"replies":[{"embeddable":true,"href":"https:\/\/redept.com.br\/blogosfera\/wp-json\/wp\/v2\/comments?post=81683"}],"version-history":[{"count":0,"href":"https:\/\/redept.com.br\/blogosfera\/wp-json\/wp\/v2\/posts\/81683\/revisions"}],"wp:attachment":[{"href":"https:\/\/redept.com.br\/blogosfera\/wp-json\/wp\/v2\/media?parent=81683"}],"wp:term":[{"taxonomy":"category","embeddable":true,"href":"https:\/\/redept.com.br\/blogosfera\/wp-json\/wp\/v2\/categories?post=81683"},{"taxonomy":"post_tag","embeddable":true,"href":"https:\/\/redept.com.br\/blogosfera\/wp-json\/wp\/v2\/tags?post=81683"}],"curies":[{"name":"wp","href":"https:\/\/api.w.org\/{rel}","templated":true}]}}