{"id":81715,"date":"2026-04-07T11:18:26","date_gmt":"2026-04-07T14:18:26","guid":{"rendered":"https:\/\/redept.com.br\/blogosfera\/aneel-deve-propor-fim-da-concessao-da-enel-em-sp-apos-falhas-e-apagoes\/"},"modified":"2026-04-07T11:18:26","modified_gmt":"2026-04-07T14:18:26","slug":"aneel-deve-propor-fim-da-concessao-da-enel-em-sp-apos-falhas-e-apagoes","status":"publish","type":"post","link":"https:\/\/redept.com.br\/blogosfera\/aneel-deve-propor-fim-da-concessao-da-enel-em-sp-apos-falhas-e-apagoes\/","title":{"rendered":"Aneel deve propor fim da concess\u00e3o da Enel em SP ap\u00f3s falhas e apag\u00f5es"},"content":{"rendered":"<p>A Ag\u00eancia Nacional de Energia El\u00e9trica (ANEEL) deve propor nesta ter\u00e7a-feira (7) o fim da concess\u00e3o da Enel em S\u00e3o Paulo. O processo de caducidade ser\u00e1 analisado pela diretoria da ag\u00eancia reguladora. Mais informa\u00e7\u00f5es em <a href=\"https:\/\/tvtnews.com.br\/tag\/tvt\/\" data-type=\"post_tag\" data-id=\"4316\">TVT News<\/a>.<\/p>\n<p>O diretor da <a href=\"https:\/\/www.gov.br\/aneel\/pt-br\" data-type=\"link\" data-id=\"https:\/\/www.gov.br\/aneel\/pt-br\" target=\"_blank\" rel=\"noopener noreferrer nofollow\">Aneel<\/a>, Gentil Nogueira, j\u00e1 indicou que deve votar pelo encerramento da concess\u00e3o, podendo ser acompanhado por outros tr\u00eas diretores. Com maioria, a ag\u00eancia pode autorizar a sa\u00edda da empresa do estado.<\/p>\n<p>A an\u00e1lise havia sido interrompida em fevereiro, ap\u00f3s pedido de vista de Nogueira. Al\u00e9m disso, a Enel mantinha uma liminar que suspendia o processo, derrubada pela Justi\u00e7a Federal do Distrito Federal no fim de mar\u00e7o.<\/p>\n<p>Em seu voto, o diretor destacou falhas recorrentes no fornecimento de energia na capital paulista. \u201cForam registradas interrup\u00e7\u00f5es superiores a 147 horas (mais de seis dias), caracterizando eventos extremos de longa dura\u00e7\u00e3o, e similares aos verificados nos eventos de novembro de 2023 e outubro de 2024.\u201d<\/p>\n<p>O diretor da Aneel completou dizendo que, apesar de todos as notifica\u00e7\u00f5es encaminhada \u00e0 Enel, n\u00e3o houve melhora no servi\u00e7o, com desempenho \u201csignificativamente inferior ao observado em outras distribuidoras em situa\u00e7\u00f5es compar\u00e1veis\u201d. disse Gentil Nogueira.<\/p>\n<p>A distribuidora \u00e9 apontada como principal respons\u00e1vel por apag\u00f5es na Grande S\u00e3o Paulo. Desde 2023, epis\u00f3dios frequentes deixaram mais de 2,1 milh\u00f5es de im\u00f3veis sem energia. Em 2025, novos temporais provocaram apag\u00f5es que atingiram mais de 4 milh\u00f5es de clientes, muitos deles por v\u00e1rios dias.<\/p>\n<figure><img fetchpriority=\"high\" decoding=\"async\" width=\"1024\" height=\"683\"src=\"https:\/\/redept.com.br\/blogosfera\/wp-content\/uploads\/2026\/04\/bom_retiro_luz06-2048x1365-1.jpg\" alt=\"na-capital-paulista-em-diversas-ocasioes-comercios-e-residencias-atendidas-pela-enel-ficaram-sem-luz-foto-paulo-pinto-agencia-brasil-tvt-news\" title=\"Aneel deve propor fim da concess\u00e3o da Enel em SP ap\u00f3s falhas e apag\u00f5es 5\" srcset=\"https:\/\/tvtnews.com.br\/wp-content\/uploads\/2026\/04\/bom_retiro_luz06-1024x683.jpg 1024w, https:\/\/tvtnews.com.br\/wp-content\/uploads\/2026\/04\/bom_retiro_luz06-300x200.jpg 300w, https:\/\/tvtnews.com.br\/wp-content\/uploads\/2026\/04\/bom_retiro_luz06-768x512.jpg 768w, https:\/\/tvtnews.com.br\/wp-content\/uploads\/2026\/04\/bom_retiro_luz06-1536x1024.jpg 1536w, https:\/\/redept.com.br\/blogosfera\/wp-content\/uploads\/2026\/04\/bom_retiro_luz06-2048x1365-1.jpg 2048w\" sizes=\"(max-width: 1024px) 100vw, 1024px\"><figcaption>Na capital paulista, em diversas ocasi\u00f5es, com\u00e9rcios e resid\u00eancias atendidas pela Enel ficaram sem luz. \u2013 Foto: Paulo Pinto\/Ag\u00eancia Brasil<\/figcaption><\/figure>\n<p>Diante das falhas, o Minist\u00e9rio de Minas e Energia passou a revisar concess\u00f5es e deixou de recomendar a renova\u00e7\u00e3o dos contratos em \u00e1reas atendidas pela Enel, como S\u00e3o Paulo, Cear\u00e1 e Rio de Janeiro.<\/p>\n<p>A Aneel j\u00e1 aplicou multa de R$ 95,8 milh\u00f5es \u00e0 Enel S\u00e3o Paulo por problemas na qualidade do servi\u00e7o em 2023. A empresa contestou o valor, mas perdeu na Justi\u00e7a estadual. Al\u00e9m disso, responde a processo administrativo que prev\u00ea multa de cerca de R$ 165 milh\u00f5es pelos apag\u00f5es \u2014 valor ainda suspenso por decis\u00e3o judicial.<\/p>\n<h2>Enel contesta processo de caducidade da concess\u00e3o pela Aneel<\/h2>\n<p>A Enel S\u00e3o Paulo apresentou contesta\u00e7\u00e3o \u00e0 ag\u00eancia antes da decis\u00e3o final, questionando a metodologia utilizada na an\u00e1lise t\u00e9cnica que embasa o processo de caducidade.<\/p>\n<p>Segundo a empresa, houve uso de dados inadequados e cria\u00e7\u00e3o de crit\u00e9rios que n\u00e3o estariam previstos na regula\u00e7\u00e3o.<\/p>\n<p>\u201cEssa mudan\u00e7a \u00e9 ainda mais grave porque: n\u00e3o existe regra que obrigue uma distribuidora a ser melhor que as outras; a pr\u00f3pria regula\u00e7\u00e3o da ANEEL n\u00e3o definiu metas de restabelecimento para eventos clim\u00e1ticos extremos; e a ANEEL sequer respondeu de forma objetiva \u00e0s manifesta\u00e7\u00f5es apresentadas pela Enel SP dentro do processo\u201d, afirma a distribuidora.<\/p>\n<p>A empresa tamb\u00e9m argumenta que vem melhorando seus indicadores, com redu\u00e7\u00e3o de 86% nas interrup\u00e7\u00f5es superiores a 24 horas e queda de 47% no tempo m\u00e9dio de atendimento emergencial.<\/p>\n<p>Com isso, sustenta que n\u00e3o h\u00e1 justificativa para a penalidade m\u00e1xima.<\/p>\n<p>\u201cN\u00e3o se sustenta, sob qualquer perspectiva t\u00e9cnica, regulat\u00f3ria ou jur\u00eddica, a caracteriza\u00e7\u00e3o de falha grave ou a recomenda\u00e7\u00e3o da medida mais gravosa, impondo-se a revis\u00e3o das conclus\u00f5es da Nota T\u00e9cnica n\u00ba 36\/2026 \u00e0 luz dos dados efetivamente comprovados, da coer\u00eancia regulat\u00f3ria e dos princ\u00edpios da razoabilidade, proporcionalidade e seguran\u00e7a jur\u00eddica\u201d, diz a empresa.<\/p>\n<p>Mesmo com eventual maioria na Aneel pelo fim da concess\u00e3o, a decis\u00e3o final caber\u00e1 ao Minist\u00e9rio de Minas e Energia.<\/p>\n<figure>\n<div>\n<\/div>\n<\/figure>\n<p>The post <a rel=\"nofollow\" href=\"https:\/\/tvtnews.com.br\/aneel-deve-propor-fim-da-concessao-da-enel-em-sp\/\">Aneel deve propor fim da concess\u00e3o da Enel em SP ap\u00f3s falhas e apag\u00f5es<\/a> appeared first on <a rel=\"nofollow\" href=\"https:\/\/tvtnews.com.br\/\">TVT News<\/a>.<\/p>\n<!-- Begin Yuzo --><div class='yuzo_related_post style-1'  data-version='5.12.89'><!-- without result --><div class='yuzo_clearfixed yuzo__title yuzo__title'><h3>Related Post<\/h3><\/div>\n\t\t\t\t\t\t  <div class=\"relatedthumb \" style=\"width:125px;float:left;overflow:hidden;\">  \n\t\t\t\t\t\t\t  \n\t\t\t\t\t\t\t  <a  href=\"https:\/\/redept.com.br\/blogosfera\/mortes-no-campo-cairam-72-desde-o-comeco-do-governo-lula\/\"  >\n\t\t\t\t\t\t\t\t\t  <div class=\"yuzo-img-wrap \" style=\"width: 125px;height:90px;\">\n\t\t\t\t\t\t\t\t\t\t\n\t\t\t\t\t\t\t\t\t\t<div class=\"yuzo-img\" style=\"background:url('https:\/\/redept.org\/blogosfera\/wp-content\/plugins\/yuzo-related-post\/assets\/images\/default.png') 50% 50% no-repeat;width: 125px;height:90px;margin-bottom: 5px;background-size: cover; \"><\/div>\n\t\t\t\t\t\t\t\t\t  <\/div>\n\t\t\t\t\t\t\t\t\t  \n\t\t\t\t\t\t\t\t   <span class=\"yuzo__text--title\" style=\"font-size:13px;\">Mortes no campo ca\u00edram 72% desde o come\u00e7o do gover...<\/span>\n\t\t\t\t\t\t\t  \n\t\t\t\t\t\t\t  \n\t\t\t\t\t\t\t  <\/a>\n\n\t\t\t\t\t\t  <\/div>\n\t\t\t\t\t\t  <div class=\"relatedthumb \" style=\"width:125px;float:left;overflow:hidden;\">  \n\t\t\t\t\t\t\t  \n\t\t\t\t\t\t\t  <a  href=\"https:\/\/redept.com.br\/blogosfera\/golpes-com-anuncios-pagos-reforcam-urgencia-de-regulacao-na-internet\/\"  >\n\t\t\t\t\t\t\t\t\t  <div class=\"yuzo-img-wrap \" style=\"width: 125px;height:90px;\">\n\t\t\t\t\t\t\t\t\t\t\n\t\t\t\t\t\t\t\t\t\t<div class=\"yuzo-img\" style=\"background:url('https:\/\/redept.com.br\/blogosfera\/wp-content\/uploads\/2025\/07\/Captura-de-Tela-2025-07-09-as-181042-150x150.png') 50% 50% no-repeat;width: 125px;height:90px;margin-bottom: 5px;background-size: cover; \"><\/div>\n\t\t\t\t\t\t\t\t\t  <\/div>\n\t\t\t\t\t\t\t\t\t  \n\t\t\t\t\t\t\t\t   <span class=\"yuzo__text--title\" style=\"font-size:13px;\">Golpes com an\u00fancios pagos refor\u00e7am urg\u00eancia de reg...<\/span>\n\t\t\t\t\t\t\t  \n\t\t\t\t\t\t\t  \n\t\t\t\t\t\t\t  <\/a>\n\n\t\t\t\t\t\t  <\/div>\n\t\t\t\t\t\t  <div class=\"relatedthumb \" style=\"width:125px;float:left;overflow:hidden;\">  \n\t\t\t\t\t\t\t  \n\t\t\t\t\t\t\t  <a  href=\"https:\/\/redept.com.br\/blogosfera\/projeto-que-afrouxa-regras-ambientais-avanca-no-senado\/\"  >\n\t\t\t\t\t\t\t\t\t  <div class=\"yuzo-img-wrap \" style=\"width: 125px;height:90px;\">\n\t\t\t\t\t\t\t\t\t\t\n\t\t\t\t\t\t\t\t\t\t<div class=\"yuzo-img\" style=\"background:url('https:\/\/redept.org\/blogosfera\/wp-content\/plugins\/yuzo-related-post\/assets\/images\/default.png') 50% 50% no-repeat;width: 125px;height:90px;margin-bottom: 5px;background-size: cover; \"><\/div>\n\t\t\t\t\t\t\t\t\t  <\/div>\n\t\t\t\t\t\t\t\t\t  \n\t\t\t\t\t\t\t\t   <span class=\"yuzo__text--title\" style=\"font-size:13px;\">Projeto que afrouxa regras ambientais avan\u00e7a no Se...<\/span>\n\t\t\t\t\t\t\t  \n\t\t\t\t\t\t\t  \n\t\t\t\t\t\t\t  <\/a>\n\n\t\t\t\t\t\t  <\/div>\n\t\t\t\t\t\t  <div class=\"relatedthumb \" style=\"width:125px;float:left;overflow:hidden;\">  \n\t\t\t\t\t\t\t  \n\t\t\t\t\t\t\t  <a  href=\"https:\/\/redept.com.br\/blogosfera\/preco-do-petroleo-brent-se-aproxima-dos-120-dolares\/\"  >\n\t\t\t\t\t\t\t\t\t  <div class=\"yuzo-img-wrap \" style=\"width: 125px;height:90px;\">\n\t\t\t\t\t\t\t\t\t\t\n\t\t\t\t\t\t\t\t\t\t<div class=\"yuzo-img\" style=\"background:url('https:\/\/redept.com.br\/blogosfera\/wp-content\/uploads\/2026\/03\/Mulheres-continuam-minoria-e-recebem-menos-que-os-homens-no-setor-de-petroleo-e-gas-2-150x150.jpg') 50% 50% no-repeat;width: 125px;height:90px;margin-bottom: 5px;background-size: cover; \"><\/div>\n\t\t\t\t\t\t\t\t\t  <\/div>\n\t\t\t\t\t\t\t\t\t  \n\t\t\t\t\t\t\t\t   <span class=\"yuzo__text--title\" style=\"font-size:13px;\">Pre\u00e7o do petr\u00f3leo brent se aproxima dos 120 d\u00f3lare...<\/span>\n\t\t\t\t\t\t\t  \n\t\t\t\t\t\t\t  \n\t\t\t\t\t\t\t  <\/a>\n\n\t\t\t\t\t\t  <\/div>\n<\/div> <script>\n\t\t\t\t\t\t  jQuery(document).ready(function( $ ){\n\t\t\t\t\t\t\t\/\/jQuery('.yuzo_related_post').equalizer({ overflow : 'relatedthumb' });\n\t\t\t\t\t\t\tjQuery('.yuzo_related_post .yuzo_wraps').equalizer({ columns : '> div' });\n\t\t\t\t\t\t   })\n\t\t\t\t\t\t  <\/script> <!-- End Yuzo :) -->","protected":false},"excerpt":{"rendered":"<p>A Ag\u00eancia Nacional de Energia El\u00e9trica (ANEEL) deve propor nesta ter\u00e7a-feira (7) o fim da concess\u00e3o da Enel em S\u00e3o Paulo. O processo de caducidade ser\u00e1 analisado pela diretoria da ag\u00eancia reguladora. Mais informa\u00e7\u00f5es em TVT News. O diretor da Aneel, Gentil Nogueira, j\u00e1 indicou que deve votar pelo encerramento da concess\u00e3o, podendo ser acompanhado [&hellip;]<\/p>\n","protected":false},"author":2,"featured_media":0,"comment_status":"open","ping_status":"closed","sticky":false,"template":"","format":"standard","meta":{"fifu_image_url":"","fifu_image_alt":"","footnotes":""},"categories":[473,94,4040,29],"tags":[],"class_list":["post-81715","post","type-post","status-publish","format-standard","hentry","category-destaque-medio","category-geral","category-grande-sao-paulo","category-sao-paulo"],"_links":{"self":[{"href":"https:\/\/redept.com.br\/blogosfera\/wp-json\/wp\/v2\/posts\/81715","targetHints":{"allow":["GET"]}}],"collection":[{"href":"https:\/\/redept.com.br\/blogosfera\/wp-json\/wp\/v2\/posts"}],"about":[{"href":"https:\/\/redept.com.br\/blogosfera\/wp-json\/wp\/v2\/types\/post"}],"author":[{"embeddable":true,"href":"https:\/\/redept.com.br\/blogosfera\/wp-json\/wp\/v2\/users\/2"}],"replies":[{"embeddable":true,"href":"https:\/\/redept.com.br\/blogosfera\/wp-json\/wp\/v2\/comments?post=81715"}],"version-history":[{"count":0,"href":"https:\/\/redept.com.br\/blogosfera\/wp-json\/wp\/v2\/posts\/81715\/revisions"}],"wp:attachment":[{"href":"https:\/\/redept.com.br\/blogosfera\/wp-json\/wp\/v2\/media?parent=81715"}],"wp:term":[{"taxonomy":"category","embeddable":true,"href":"https:\/\/redept.com.br\/blogosfera\/wp-json\/wp\/v2\/categories?post=81715"},{"taxonomy":"post_tag","embeddable":true,"href":"https:\/\/redept.com.br\/blogosfera\/wp-json\/wp\/v2\/tags?post=81715"}],"curies":[{"name":"wp","href":"https:\/\/api.w.org\/{rel}","templated":true}]}}