{"id":81892,"date":"2026-04-07T16:10:57","date_gmt":"2026-04-07T19:10:57","guid":{"rendered":"https:\/\/redept.com.br\/blogosfera\/petro-anuncia-concessao-de-terras-a-13-mil-familias-indigenas-na-colombia\/"},"modified":"2026-04-07T16:10:57","modified_gmt":"2026-04-07T19:10:57","slug":"petro-anuncia-concessao-de-terras-a-13-mil-familias-indigenas-na-colombia","status":"publish","type":"post","link":"https:\/\/redept.com.br\/blogosfera\/petro-anuncia-concessao-de-terras-a-13-mil-familias-indigenas-na-colombia\/","title":{"rendered":"Petro anuncia concess\u00e3o de terras a 1,3 mil fam\u00edlias ind\u00edgenas na Col\u00f4mbia"},"content":{"rendered":"<p data-start=\"135\" data-end=\"345\">O governo da Col\u00f4mbia anunciou nesta segunda-feira (06\/04) que cerca de 1.300 fam\u00edlias ind\u00edgenas ser\u00e3o beneficiadas com a entrega e a expans\u00e3o de 126 mil hectares de terra nas regi\u00f5es da Amaz\u00f4nia e da costa do Pac\u00edfico.<\/p>\n<p data-start=\"347\" data-end=\"614\">Segundo a<em> Ag\u00eancia Nacional de Terras (ANT), a<\/em> medida inclui a cria\u00e7\u00e3o da reserva ind\u00edgena San Juan de Minisiare, localizado entre os departamentos de Guain\u00eda e Vichada, bem como a amplia\u00e7\u00e3o das reservas El Itilla, em Guaviare, e Gran S\u00e1balo, em Nari\u00f1o.<\/p>\n<p data-start=\"616\" data-end=\"868\">A reserva San Juan de Minisiare ser\u00e1 constitu\u00edda em uma \u00e1rea de mais de 33 mil hectares. J\u00e1 o territ\u00f3rio de Itilla passar\u00e1 por expans\u00e3o, somando-se a uma \u00e1rea formalizada de 8.720 hectares, beneficiando 42 fam\u00edlias de povos ind\u00edgenas da fam\u00edlia Tukano Oriental.<\/p>\n<p data-start=\"870\" data-end=\"1040\">Da mesma forma, a reserva Gran S\u00e1balo ter\u00e1 o acr\u00e9scimo de 174 hectares a um territ\u00f3rio j\u00e1 formalizado de mais de 56 mil hectares, beneficiando 275 fam\u00edlias do povo Aw\u00e1.<\/p>\n<p data-start=\"1042\" data-end=\"1314\">As medidas foram adotadas em resposta a demandas das comunidades, com o objetivo de fortalecer o controle territorial dos povos ind\u00edgenas, conter a expans\u00e3o da fronteira agr\u00edcola e consolidar processos de restaura\u00e7\u00e3o e conserva\u00e7\u00e3o ambiental liderados por essas popula\u00e7\u00f5es.<\/p>\n<blockquote data-media-max-width=\"560\">\n<p dir=\"ltr\" lang=\"es\">En Planeta Rica, entregamos 300 hect\u00e1reas a tres asociaciones campesinas afectadas por las inundaciones.<\/p>\n<p>Estamos recuperando tierras que antes estaban concentradas en pocas manos para ponerlas al servicio de quienes han vivido y trabajado el campo toda su vida.<\/p>\n<p>Con este paso\u2026 pic.twitter.com\/YQz3ytl8vi<\/p>\n<p>\u2014 Agencia Nacional de Tierras (@AgenciaTierras) April 6, 2026<\/p>\n<\/blockquote>\n<p data-start=\"1316\" data-end=\"1695\">Al\u00e9m disso, as a\u00e7\u00f5es fazem parte da pol\u00edtica do governo do presidente colombiano <span><span>Gustavo Petro<\/span><\/span>, que busca devolver terras \u00e0 popula\u00e7\u00e3o como parte da implementa\u00e7\u00e3o dos Acordo de Paz assinados em 2017, e que estabelecem tais pol\u00edticas como forma de promover justi\u00e7a social e repara\u00e7\u00e3o \u00e0s v\u00edtimas da espolia\u00e7\u00e3o hist\u00f3rica associada ao per\u00edodo colonial. A iniciativa tamb\u00e9m se insere no \u00e2mbito do programa de reforma agr\u00e1ria.<\/p>\n<p data-start=\"1697\" data-end=\"2064\">Como parte dessas medidas, o governo tem promovido a recupera\u00e7\u00e3o de sementes nativas, al\u00e9m da implementa\u00e7\u00e3o da Pol\u00edtica Nacional de Agroecologia, em coordena\u00e7\u00e3o com comit\u00eas consultivos que incluem agricultores, povos ind\u00edgenas e comunidades afro-colombianas.<\/p>\n<p data-start=\"1697\" data-end=\"2064\">Essas a\u00e7\u00f5es se apresentam como instrumentos para enfrentar a desigualdade e a viol\u00eancia no campo.<\/p>\n<p data-start=\"1697\" data-end=\"2064\">(*) <em>Com Telesur<\/em><\/p>\n<p>O post Petro anuncia concess\u00e3o de terras a 1,3 mil fam\u00edlias ind\u00edgenas na Col\u00f4mbia apareceu primeiro em Opera Mundi.<\/p>\n<!-- Begin Yuzo --><div class='yuzo_related_post style-1'  data-version='5.12.89'><!-- without result --><div class='yuzo_clearfixed yuzo__title yuzo__title'><h3>Related Post<\/h3><\/div>\n\t\t\t\t\t\t  <div class=\"relatedthumb \" style=\"width:125px;float:left;overflow:hidden;\">  \n\t\t\t\t\t\t\t  \n\t\t\t\t\t\t\t  <a  href=\"https:\/\/redept.com.br\/blogosfera\/comissao-mista-de-combate-a-violencia-contra-a-mulher-aprova-relatorio\/\"  >\n\t\t\t\t\t\t\t\t\t  <div class=\"yuzo-img-wrap \" style=\"width: 125px;height:90px;\">\n\t\t\t\t\t\t\t\t\t\t\n\t\t\t\t\t\t\t\t\t\t<div class=\"yuzo-img\" style=\"background:url('https:\/\/redept.org\/blogosfera\/wp-content\/plugins\/yuzo-related-post\/assets\/images\/default.png') 50% 50% no-repeat;width: 125px;height:90px;margin-bottom: 5px;background-size: cover; \"><\/div>\n\t\t\t\t\t\t\t\t\t  <\/div>\n\t\t\t\t\t\t\t\t\t  \n\t\t\t\t\t\t\t\t   <span class=\"yuzo__text--title\" style=\"font-size:13px;\">Comiss\u00e3o Mista de Combate \u00e0 Viol\u00eancia contra a Mul...<\/span>\n\t\t\t\t\t\t\t  \n\t\t\t\t\t\t\t  \n\t\t\t\t\t\t\t  <\/a>\n\n\t\t\t\t\t\t  <\/div>\n\t\t\t\t\t\t  <div class=\"relatedthumb \" style=\"width:125px;float:left;overflow:hidden;\">  \n\t\t\t\t\t\t\t  \n\t\t\t\t\t\t\t  <a  href=\"https:\/\/redept.com.br\/blogosfera\/brasil-cresceu-38-em-2024-aponta-previa-do-pib-do-banco-central\/\"  >\n\t\t\t\t\t\t\t\t\t  <div class=\"yuzo-img-wrap \" style=\"width: 125px;height:90px;\">\n\t\t\t\t\t\t\t\t\t\t\n\t\t\t\t\t\t\t\t\t\t<div class=\"yuzo-img\" style=\"background:url('https:\/\/redept.org\/blogosfera\/wp-content\/plugins\/yuzo-related-post\/assets\/images\/default.png') 50% 50% no-repeat;width: 125px;height:90px;margin-bottom: 5px;background-size: cover; \"><\/div>\n\t\t\t\t\t\t\t\t\t  <\/div>\n\t\t\t\t\t\t\t\t\t  \n\t\t\t\t\t\t\t\t   <span class=\"yuzo__text--title\" style=\"font-size:13px;\">Brasil cresceu 3,8% em 2024, aponta pr\u00e9via do PIB ...<\/span>\n\t\t\t\t\t\t\t  \n\t\t\t\t\t\t\t  \n\t\t\t\t\t\t\t  <\/a>\n\n\t\t\t\t\t\t  <\/div>\n\t\t\t\t\t\t  <div class=\"relatedthumb \" style=\"width:125px;float:left;overflow:hidden;\">  \n\t\t\t\t\t\t\t  \n\t\t\t\t\t\t\t  <a  href=\"https:\/\/redept.com.br\/blogosfera\/cesar-michiles-apresenta-duo-frevo-no-teatro-do-parque-com-dialogo-entre-flauta-e-piano\/\"  >\n\t\t\t\t\t\t\t\t\t  <div class=\"yuzo-img-wrap \" style=\"width: 125px;height:90px;\">\n\t\t\t\t\t\t\t\t\t\t\n\t\t\t\t\t\t\t\t\t\t<div class=\"yuzo-img\" style=\"background:url('https:\/\/redept.org\/blogosfera\/wp-content\/plugins\/yuzo-related-post\/assets\/images\/default.png') 50% 50% no-repeat;width: 125px;height:90px;margin-bottom: 5px;background-size: cover; \"><\/div>\n\t\t\t\t\t\t\t\t\t  <\/div>\n\t\t\t\t\t\t\t\t\t  \n\t\t\t\t\t\t\t\t   <span class=\"yuzo__text--title\" style=\"font-size:13px;\">C\u00e9sar Michiles apresenta Duo Frevo no Teatro do Pa...<\/span>\n\t\t\t\t\t\t\t  \n\t\t\t\t\t\t\t  \n\t\t\t\t\t\t\t  <\/a>\n\n\t\t\t\t\t\t  <\/div>\n\t\t\t\t\t\t  <div class=\"relatedthumb \" style=\"width:125px;float:left;overflow:hidden;\">  \n\t\t\t\t\t\t\t  \n\t\t\t\t\t\t\t  <a  href=\"https:\/\/redept.com.br\/blogosfera\/sessenta-anos-depois\/\"  >\n\t\t\t\t\t\t\t\t\t  <div class=\"yuzo-img-wrap \" style=\"width: 125px;height:90px;\">\n\t\t\t\t\t\t\t\t\t\t\n\t\t\t\t\t\t\t\t\t\t<div class=\"yuzo-img\" style=\"background:url('https:\/\/redept.org\/blogosfera\/wp-content\/plugins\/yuzo-related-post\/assets\/images\/default.png') 50% 50% no-repeat;width: 125px;height:90px;margin-bottom: 5px;background-size: cover; \"><\/div>\n\t\t\t\t\t\t\t\t\t  <\/div>\n\t\t\t\t\t\t\t\t\t  \n\t\t\t\t\t\t\t\t   <span class=\"yuzo__text--title\" style=\"font-size:13px;\">Sessenta anos depois<\/span>\n\t\t\t\t\t\t\t  \n\t\t\t\t\t\t\t  \n\t\t\t\t\t\t\t  <\/a>\n\n\t\t\t\t\t\t  <\/div>\n<\/div> <script>\n\t\t\t\t\t\t  jQuery(document).ready(function( $ ){\n\t\t\t\t\t\t\t\/\/jQuery('.yuzo_related_post').equalizer({ overflow : 'relatedthumb' });\n\t\t\t\t\t\t\tjQuery('.yuzo_related_post .yuzo_wraps').equalizer({ columns : '> div' });\n\t\t\t\t\t\t   })\n\t\t\t\t\t\t  <\/script> <!-- End Yuzo :) -->","protected":false},"excerpt":{"rendered":"<p>O governo da Col\u00f4mbia anunciou nesta segunda-feira (06\/04) que cerca de 1.300 fam\u00edlias ind\u00edgenas ser\u00e3o beneficiadas com a entrega e a expans\u00e3o de 126 mil hectares de terra nas regi\u00f5es da Amaz\u00f4nia e da costa do Pac\u00edfico. Segundo a Ag\u00eancia Nacional de Terras (ANT), a medida inclui a cria\u00e7\u00e3o da reserva ind\u00edgena San Juan de [\u2026]<\/p>\n<p>O post <a href=\"https:\/\/operamundi.uol.com.br\/direitos-humanos\/petro-anuncia-concessao-de-terras-a-13-mil-familias-indigenas-na-colombia\/\">Petro anuncia concess\u00e3o de terras a 1,3 mil fam\u00edlias ind\u00edgenas na Col\u00f4mbia<\/a> apareceu primeiro em <a href=\"https:\/\/operamundi.uol.com.br\/\">Opera Mundi<\/a>.<\/p>\n","protected":false},"author":2,"featured_media":0,"comment_status":"closed","ping_status":"closed","sticky":false,"template":"","format":"standard","meta":{"fifu_image_url":"","fifu_image_alt":"","footnotes":""},"categories":[44884,42322,109,347,1787,307,2953,18,7397],"tags":[],"class_list":["post-81892","post","type-post","status-publish","format-standard","hentry","category-acordos-de-paz","category-agencia-nacional-de-terras","category-amazonia","category-america-latina","category-colombia","category-direitos-humanos","category-gustavo-petro","category-meio-ambiente","category-pacifico"],"_links":{"self":[{"href":"https:\/\/redept.com.br\/blogosfera\/wp-json\/wp\/v2\/posts\/81892","targetHints":{"allow":["GET"]}}],"collection":[{"href":"https:\/\/redept.com.br\/blogosfera\/wp-json\/wp\/v2\/posts"}],"about":[{"href":"https:\/\/redept.com.br\/blogosfera\/wp-json\/wp\/v2\/types\/post"}],"author":[{"embeddable":true,"href":"https:\/\/redept.com.br\/blogosfera\/wp-json\/wp\/v2\/users\/2"}],"replies":[{"embeddable":true,"href":"https:\/\/redept.com.br\/blogosfera\/wp-json\/wp\/v2\/comments?post=81892"}],"version-history":[{"count":0,"href":"https:\/\/redept.com.br\/blogosfera\/wp-json\/wp\/v2\/posts\/81892\/revisions"}],"wp:attachment":[{"href":"https:\/\/redept.com.br\/blogosfera\/wp-json\/wp\/v2\/media?parent=81892"}],"wp:term":[{"taxonomy":"category","embeddable":true,"href":"https:\/\/redept.com.br\/blogosfera\/wp-json\/wp\/v2\/categories?post=81892"},{"taxonomy":"post_tag","embeddable":true,"href":"https:\/\/redept.com.br\/blogosfera\/wp-json\/wp\/v2\/tags?post=81892"}],"curies":[{"name":"wp","href":"https:\/\/api.w.org\/{rel}","templated":true}]}}