{"id":82022,"date":"2026-04-08T17:31:17","date_gmt":"2026-04-08T20:31:17","guid":{"rendered":"https:\/\/redept.com.br\/blogosfera\/brigada-de-solidariedade-se-mobiliza-em-territorios-comunais-de-toda-a-venezuela\/"},"modified":"2026-04-08T17:31:17","modified_gmt":"2026-04-08T20:31:17","slug":"brigada-de-solidariedade-se-mobiliza-em-territorios-comunais-de-toda-a-venezuela","status":"publish","type":"post","link":"https:\/\/redept.com.br\/blogosfera\/brigada-de-solidariedade-se-mobiliza-em-territorios-comunais-de-toda-a-venezuela\/","title":{"rendered":"Brigada de Solidariedade se mobiliza em territ\u00f3rios comunais de toda a Venezuela"},"content":{"rendered":"<figure><img fetchpriority=\"high\" fetchpriority=\"high\" decoding=\"async\" width=\"1024\" height=\"473\"src=\"https:\/\/redept.com.br\/blogosfera\/wp-content\/uploads\/2026\/04\/WhatsApp-Image-2026-03-31-at-173000.jpeg\" alt=\"\" srcset=\"https:\/\/mst.org.br\/wp-content\/uploads\/2026\/04\/WhatsApp-Image-2026-03-31-at-17.30.00-1024x473.jpeg 1024w, https:\/\/mst.org.br\/wp-content\/uploads\/2026\/04\/WhatsApp-Image-2026-03-31-at-17.30.00-300x139.jpeg 300w, https:\/\/mst.org.br\/wp-content\/uploads\/2026\/04\/WhatsApp-Image-2026-03-31-at-17.30.00-768x355.jpeg 768w, https:\/\/mst.org.br\/wp-content\/uploads\/2026\/04\/WhatsApp-Image-2026-03-31-at-17.30.00-1536x710.jpeg 1536w, https:\/\/redept.com.br\/blogosfera\/wp-content\/uploads\/2026\/04\/WhatsApp-Image-2026-03-31-at-173000.jpeg 1920w\" sizes=\"(max-width: 1024px) 100vw, 1024px\"><figcaption><em>Foto: Brigada Internacionalista de Solidariedade Hugo Ch\u00e1vez<\/em><\/figcaption><\/figure>\n<p><em>Por Brigada Internacionalista de Solidariedade Hugo Ch\u00e1vez<br \/>Da P\u00e1gina do MST<\/em><\/p>\n<p>Formada por 83 militantes de diversos movimentos sociais do Brasil (Movimento dos Trabalhadores Rurais Sem Terra, Central das Trabalhadoras e Trabalhadores do Brasil, Levante Popular da Juventude, Marcha Mundial das Mulheres, Movimento Brasileiro de Solidariedade com Cuba e Centro Brasileiro de Solidariedade aos Povos e Luta pela Paz) e da Venezuela (Uni\u00f3n Comunera e Bloco das Comunas), a Brigada Internacionalista de Solidariedade Hugo Ch\u00e1vez encontra-se em territ\u00f3rio venezuelano desde o \u00faltimo dia 20 de mar\u00e7o, em um processo de forma\u00e7\u00e3o, trabalho e estudo coletivo sobre a conjuntura atual do pa\u00eds. O processo de organiza\u00e7\u00e3o popular das Comunas acontece em apoio ao povo venezuelano.<\/p>\n<p>Nas duas primeiras semanas, o grupo permaneceu em Caracas e se dedicou a conhecer e compreender o contexto e a conjuntura atual do pa\u00eds, atravessada pelos acontecimentos de 3 de janeiro de 2026, que resultaram em mais de 100 mortos, dezenas de feridos e no sequestro do Presidente Nicol\u00e1s Maduro e da Deputada e Primeira-Combatente, Cilia Flores. Entre os temas estudados, destacaram-se o processo hist\u00f3rico da Venezuela, a soberania popular, a organiza\u00e7\u00e3o e o poder popular, o chavismo e o socialismo bolivariano, o trabalho de base, a ativa\u00e7\u00e3o territorial, o feminismo comunit\u00e1rio, a comunica\u00e7\u00e3o popular e a quest\u00e3o da constru\u00e7\u00e3o da identidade da Brigada, que recebeu o nome de Hugo Ch\u00e1vez.<\/p>\n<p>Durantes estes dias, os participantes da Brigada puderam compreender como o sequestro do Presidente da Rep\u00fablica Bolivariana da Venezuela se relaciona com a estrat\u00e9gia estadunidense de dom\u00ednio do continente sul-americano, para o controle das riquezas naturais e a inviabiliza\u00e7\u00e3o de projetos alternativos ao capitalismo, como o socialismo bolivariano. Assim, o estudo sobre a organiza\u00e7\u00e3o das comunas e a constru\u00e7\u00e3o do poder popular t\u00eam sido elementos de forma\u00e7\u00e3o para que a solidariedade, na pr\u00e1tica, possa contribuir com o processo revolucion\u00e1rio em curso.<\/p>\n<figure><img decoding=\"async\" width=\"1024\" height=\"576\"src=\"https:\/\/redept.com.br\/blogosfera\/wp-content\/uploads\/2026\/04\/WhatsApp-Image-2026-04-04-at-155746.jpeg\" alt=\"\" srcset=\"https:\/\/mst.org.br\/wp-content\/uploads\/2026\/04\/WhatsApp-Image-2026-04-04-at-15.57.46-1024x576.jpeg 1024w, https:\/\/mst.org.br\/wp-content\/uploads\/2026\/04\/WhatsApp-Image-2026-04-04-at-15.57.46-300x169.jpeg 300w, https:\/\/mst.org.br\/wp-content\/uploads\/2026\/04\/WhatsApp-Image-2026-04-04-at-15.57.46-768x432.jpeg 768w, https:\/\/mst.org.br\/wp-content\/uploads\/2026\/04\/WhatsApp-Image-2026-04-04-at-15.57.46-1536x864.jpeg 1536w, https:\/\/redept.com.br\/blogosfera\/wp-content\/uploads\/2026\/04\/WhatsApp-Image-2026-04-04-at-155746.jpeg 1920w\" sizes=\"(max-width: 1024px) 100vw, 1024px\"><\/figure>\n<figure><img decoding=\"async\" width=\"1024\" height=\"564\"src=\"https:\/\/redept.com.br\/blogosfera\/wp-content\/uploads\/2026\/04\/photo_5071416943134313321_y1.jpg\" alt=\"\" srcset=\"https:\/\/mst.org.br\/wp-content\/uploads\/2026\/04\/photo_5071416943134313321_y1-1024x564.jpg 1024w, https:\/\/mst.org.br\/wp-content\/uploads\/2026\/04\/photo_5071416943134313321_y1-300x165.jpg 300w, https:\/\/mst.org.br\/wp-content\/uploads\/2026\/04\/photo_5071416943134313321_y1-768x423.jpg 768w, https:\/\/redept.com.br\/blogosfera\/wp-content\/uploads\/2026\/04\/photo_5071416943134313321_y1.jpg 1153w\" sizes=\"(max-width: 1024px) 100vw, 1024px\"><figcaption><em>Fotos: Brigada Internacionalista de Solidariedade Hugo Ch\u00e1vez<\/em><\/figcaption><\/figure>\n<p>Como gesto de apoio e solidariedade internacionalista, os militantes aderiram \u00e0s manifesta\u00e7\u00f5es de luta do povo venezuelano. Primeiro, na manifesta\u00e7\u00e3o contra os bloqueios estadunidenses \u00e0 economia do pa\u00eds e, no dia 26 de mar\u00e7o, \u00e0 concentra\u00e7\u00e3o na Pra\u00e7a Bol\u00edvar, em Caracas, pela audi\u00eancia do presidente Nicol\u00e1s Maduro e da deputada Cilia Flores, que ocorreu em Nova York, EUA.<\/p>\n<p>Em ambos os momentos, testemunharam o apoio do povo a Maduro e Cilia, bem como \u00e0 presidente encarregada, Delcy Rodr\u00edguez, que hoje lidera o processo da Revolu\u00e7\u00e3o Bolivariana. Da mesma forma, presenciaram a clara den\u00fancia ao imperialismo, que viola de forma cruel e constante a soberania do pa\u00eds.<\/p>\n<p>Para vivenciar ainda mais a cultura local, compreender a hist\u00f3ria do povo venezuelano e os processos de luta e organiza\u00e7\u00e3o popular, a Brigada tamb\u00e9m p\u00f4de conhecer alguns pontos importantes de Caracas e do Estado de Miranda, tais como: o Quartel da Montanha, mais conhecido como 4F, o bairro de San Agust\u00edn, famoso por sua resist\u00eancia cultural, pelo turismo comunit\u00e1rio e por uma forte identidade baseada na m\u00fasica e na arte urbana, bem como o Centro Cultural Nativa Crea e a Comuna Jos\u00e9 F\u00e9lix Ribas, em Guarenas, al\u00e9m de participarem do programa \u201cCon el Mazo Dando\u201d, do Ministro de Rela\u00e7\u00f5es Internas, Justi\u00e7a e Paz, Diosdado Cabello.<\/p>\n<figure><img decoding=\"async\" width=\"1000\" height=\"450\"src=\"https:\/\/redept.com.br\/blogosfera\/wp-content\/uploads\/2026\/04\/WhatsApp-Image-2026-04-06-at-135756.jpeg\" alt=\"\" srcset=\"https:\/\/redept.com.br\/blogosfera\/wp-content\/uploads\/2026\/04\/WhatsApp-Image-2026-04-06-at-135756.jpeg 1000w, https:\/\/mst.org.br\/wp-content\/uploads\/2026\/04\/WhatsApp-Image-2026-04-06-at-13.57.56-300x135.jpeg 300w, https:\/\/mst.org.br\/wp-content\/uploads\/2026\/04\/WhatsApp-Image-2026-04-06-at-13.57.56-768x346.jpeg 768w\" sizes=\"(max-width: 1000px) 100vw, 1000px\"><\/figure>\n<figure><img loading=\"lazy\" decoding=\"async\" width=\"1024\" height=\"617\"src=\"https:\/\/redept.com.br\/blogosfera\/wp-content\/uploads\/2026\/04\/WhatsApp-Image-2026-04-06-at-042209.jpeg\" alt=\"\" srcset=\"https:\/\/mst.org.br\/wp-content\/uploads\/2026\/04\/WhatsApp-Image-2026-04-06-at-04.22.09-1024x617.jpeg 1024w, https:\/\/mst.org.br\/wp-content\/uploads\/2026\/04\/WhatsApp-Image-2026-04-06-at-04.22.09-300x181.jpeg 300w, https:\/\/mst.org.br\/wp-content\/uploads\/2026\/04\/WhatsApp-Image-2026-04-06-at-04.22.09-768x463.jpeg 768w, https:\/\/redept.com.br\/blogosfera\/wp-content\/uploads\/2026\/04\/WhatsApp-Image-2026-04-06-at-042209.jpeg 1080w\" sizes=\"(max-width: 1024px) 100vw, 1024px\"><figcaption><em>Fotos: Brigada Internacionalista de Solidariedade Hugo Ch\u00e1vez<\/em><\/figcaption><\/figure>\n<p>No Quartel da Montanha, os militantes se emocionaram com a mem\u00f3ria do presidente Hugo Ch\u00e1vez e conseguiram \u201csentir a m\u00edstica\u201d que se cria em cada venezuelano quando seu nome \u00e9 mencionado. No bairro de San Agust\u00edn, no Centro Cultural Nativa Crea e na Comuna Jos\u00e9 F\u00e9lix Ribas, foi poss\u00edvel observar alguns processos de apropria\u00e7\u00e3o da cidade pelo poder popular. San Agustin, bairro de afrodescendentes com rota tur\u00edstica e cultural, murais que destacam a cultura do bairro e um teatro administrado pela comunidade. Nativa, tamb\u00e9m um espa\u00e7o cultural apropriado por e para jovens, com oficinas que envolvem os moradores em atividades art\u00edsticas e esportivas. J\u00e1 a Comuna Jos\u00e9 F\u00e9lix Ribas compartilhou sobre as culturas musical e gastron\u00f4mica.<\/p>\n<p>No programa \u201cCon el Mazo Dando\u201d, os brigadistas puderam observar e vivenciar uma das estrat\u00e9gias de comunica\u00e7\u00e3o de massa da esquerda venezuelana. Os s\u00edmbolos das organiza\u00e7\u00f5es do Brasil e da Venezuela captados pelas c\u00e2meras demonstraram o apoio e a solidariedade ao povo irm\u00e3o do pa\u00eds caribenho.<\/p>\n<figure><img loading=\"lazy\" decoding=\"async\" width=\"1024\" height=\"461\"src=\"https:\/\/redept.com.br\/blogosfera\/wp-content\/uploads\/2026\/04\/WhatsApp-Image-2026-04-08-at-000741.jpeg\" alt=\"\" srcset=\"https:\/\/mst.org.br\/wp-content\/uploads\/2026\/04\/WhatsApp-Image-2026-04-08-at-00.07.41-1024x461.jpeg 1024w, https:\/\/mst.org.br\/wp-content\/uploads\/2026\/04\/WhatsApp-Image-2026-04-08-at-00.07.41-300x135.jpeg 300w, https:\/\/mst.org.br\/wp-content\/uploads\/2026\/04\/WhatsApp-Image-2026-04-08-at-00.07.41-768x346.jpeg 768w, https:\/\/mst.org.br\/wp-content\/uploads\/2026\/04\/WhatsApp-Image-2026-04-08-at-00.07.41-1536x691.jpeg 1536w, https:\/\/redept.com.br\/blogosfera\/wp-content\/uploads\/2026\/04\/WhatsApp-Image-2026-04-08-at-000741.jpeg 1920w\" sizes=\"(max-width: 1024px) 100vw, 1024px\"><figcaption><em>Foto: Brigada Internacionalista de Solidariedade Hugo Ch\u00e1vez<\/em><\/figcaption><\/figure>\n<p>Conclu\u00edda essa primeira etapa, os participantes da brigada partiram para os territ\u00f3rios a fim de conhecer e contribuir nos processos desenvolvidos pelas comunidades. Nas comunas das seis regi\u00f5es da Venezuela: Los Llanos, Los Andes, Regi\u00e3o Guayana, Centro Capital, Centro Ocidental e Oriente, os militantes v\u00e3o passar cerca de 40 dias conhecendo e trocando conhecimentos e experi\u00eancias com os comuneros e comuneras.<\/p>\n<p>Como j\u00e1 disse o comandante Hugo Ch\u00e1vez: \u201cA comuna \u00e9 o espa\u00e7o onde vamos conceber e dar \u00e0 luz ao socialismo a partir do pequeno; grama a grama, pedra a pedra, vai-se formando a montanha\u201d.\u00a0<\/p>\n<p>A p\u00e1tria segue, com solidariedade, organiza\u00e7\u00e3o, trabalho e luta.<\/p>\n<p><em>*Editado por Solange Engelmann<\/em><\/p>\n<p>O post <a href=\"https:\/\/mst.org.br\/2026\/04\/08\/brigada-de-solidariedade-se-mobiliza-em-territorios-comunais-de-toda-a-venezuela\/\">Brigada de Solidariedade se mobiliza em territ\u00f3rios comunais de toda a Venezuela<\/a> apareceu primeiro em <a href=\"https:\/\/mst.org.br\/\">MST<\/a>.<\/p>\n<!-- Begin Yuzo --><div class='yuzo_related_post style-1'  data-version='5.12.89'><!-- without result --><div class='yuzo_clearfixed yuzo__title yuzo__title'><h3>Related Post<\/h3><\/div>\n\t\t\t\t\t\t  <div class=\"relatedthumb \" style=\"width:125px;float:left;overflow:hidden;\">  \n\t\t\t\t\t\t\t  \n\t\t\t\t\t\t\t  <a  href=\"https:\/\/redept.com.br\/blogosfera\/alemanha-partido-ultradireitista-readmite-deputados-expulsos-por-falas-nazistas\/\"  >\n\t\t\t\t\t\t\t\t\t  <div class=\"yuzo-img-wrap \" style=\"width: 125px;height:90px;\">\n\t\t\t\t\t\t\t\t\t\t\n\t\t\t\t\t\t\t\t\t\t<div class=\"yuzo-img\" style=\"background:url('https:\/\/redept.com.br\/blogosfera\/wp-content\/uploads\/2025\/02\/copia-de-nao-deletar-fotos-pb-breno-redacao-1-150x150.png') 50% 50% no-repeat;width: 125px;height:90px;margin-bottom: 5px;background-size: cover; \"><\/div>\n\t\t\t\t\t\t\t\t\t  <\/div>\n\t\t\t\t\t\t\t\t\t  \n\t\t\t\t\t\t\t\t   <span class=\"yuzo__text--title\" style=\"font-size:13px;\">Alemanha: partido ultradireitista readmite deputad...<\/span>\n\t\t\t\t\t\t\t  \n\t\t\t\t\t\t\t  \n\t\t\t\t\t\t\t  <\/a>\n\n\t\t\t\t\t\t  <\/div>\n\t\t\t\t\t\t  <div class=\"relatedthumb \" style=\"width:125px;float:left;overflow:hidden;\">  \n\t\t\t\t\t\t\t  \n\t\t\t\t\t\t\t  <a  href=\"https:\/\/redept.com.br\/blogosfera\/dez-anos-um-partido-e-um-livro-ou-por-que-a-gente-precisa-se-meter-nisso\/\"  >\n\t\t\t\t\t\t\t\t\t  <div class=\"yuzo-img-wrap \" style=\"width: 125px;height:90px;\">\n\t\t\t\t\t\t\t\t\t\t\n\t\t\t\t\t\t\t\t\t\t<div class=\"yuzo-img\" style=\"background:url('https:\/\/redept.org\/blogosfera\/wp-content\/plugins\/yuzo-related-post\/assets\/images\/default.png') 50% 50% no-repeat;width: 125px;height:90px;margin-bottom: 5px;background-size: cover; \"><\/div>\n\t\t\t\t\t\t\t\t\t  <\/div>\n\t\t\t\t\t\t\t\t\t  \n\t\t\t\t\t\t\t\t   <span class=\"yuzo__text--title\" style=\"font-size:13px;\">Dez anos, um partido e um livro \u2013 ou por que a gen...<\/span>\n\t\t\t\t\t\t\t  \n\t\t\t\t\t\t\t  \n\t\t\t\t\t\t\t  <\/a>\n\n\t\t\t\t\t\t  <\/div>\n\t\t\t\t\t\t  <div class=\"relatedthumb \" style=\"width:125px;float:left;overflow:hidden;\">  \n\t\t\t\t\t\t\t  \n\t\t\t\t\t\t\t  <a  href=\"https:\/\/redept.com.br\/blogosfera\/putin-tera-reunioes-com-lula-maduro-e-xi-antes-de-celebracao-do-dia-da-vitoria\/\"  >\n\t\t\t\t\t\t\t\t\t  <div class=\"yuzo-img-wrap \" style=\"width: 125px;height:90px;\">\n\t\t\t\t\t\t\t\t\t\t\n\t\t\t\t\t\t\t\t\t\t<div class=\"yuzo-img\" style=\"background:url('https:\/\/redept.com.br\/blogosfera\/wp-content\/uploads\/2025\/05\/maduro-putin-150x150.jpg') 50% 50% no-repeat;width: 125px;height:90px;margin-bottom: 5px;background-size: cover; \"><\/div>\n\t\t\t\t\t\t\t\t\t  <\/div>\n\t\t\t\t\t\t\t\t\t  \n\t\t\t\t\t\t\t\t   <span class=\"yuzo__text--title\" style=\"font-size:13px;\">Putin ter\u00e1 reuni\u00f5es com Lula, Maduro e Xi antes de...<\/span>\n\t\t\t\t\t\t\t  \n\t\t\t\t\t\t\t  \n\t\t\t\t\t\t\t  <\/a>\n\n\t\t\t\t\t\t  <\/div>\n\t\t\t\t\t\t  <div class=\"relatedthumb \" style=\"width:125px;float:left;overflow:hidden;\">  \n\t\t\t\t\t\t\t  \n\t\t\t\t\t\t\t  <a  href=\"https:\/\/redept.com.br\/blogosfera\/erika-hilton-processa-ratinho-por-discurso-transfobico\/\"  >\n\t\t\t\t\t\t\t\t\t  <div class=\"yuzo-img-wrap \" style=\"width: 125px;height:90px;\">\n\t\t\t\t\t\t\t\t\t\t\n\t\t\t\t\t\t\t\t\t\t<div class=\"yuzo-img\" style=\"background:url('https:\/\/redept.org\/blogosfera\/wp-content\/plugins\/yuzo-related-post\/assets\/images\/default.png') 50% 50% no-repeat;width: 125px;height:90px;margin-bottom: 5px;background-size: cover; \"><\/div>\n\t\t\t\t\t\t\t\t\t  <\/div>\n\t\t\t\t\t\t\t\t\t  \n\t\t\t\t\t\t\t\t   <span class=\"yuzo__text--title\" style=\"font-size:13px;\">Erika Hilton processa Ratinho por discurso transf\u00f3...<\/span>\n\t\t\t\t\t\t\t  \n\t\t\t\t\t\t\t  \n\t\t\t\t\t\t\t  <\/a>\n\n\t\t\t\t\t\t  <\/div>\n<\/div> <script>\n\t\t\t\t\t\t  jQuery(document).ready(function( $ ){\n\t\t\t\t\t\t\t\/\/jQuery('.yuzo_related_post').equalizer({ overflow : 'relatedthumb' });\n\t\t\t\t\t\t\tjQuery('.yuzo_related_post .yuzo_wraps').equalizer({ columns : '> div' });\n\t\t\t\t\t\t   })\n\t\t\t\t\t\t  <\/script> <!-- End Yuzo :) -->","protected":false},"excerpt":{"rendered":"<p>Foto: Brigada Internacionalista de Solidariedade Hugo Ch\u00e1vez Por Brigada Internacionalista de Solidariedade Hugo Ch\u00e1vezDa P\u00e1gina do MST Formada por 83 militantes de diversos movimentos sociais do Brasil (Movimento dos Trabalhadores Rurais Sem Terra, Central das Trabalhadoras e Trabalhadores do Brasil, Levante Popular da Juventude, Marcha Mundial das Mulheres, Movimento Brasileiro de Solidariedade com Cuba e [&hellip;]<\/p>\n","protected":false},"author":2,"featured_media":0,"comment_status":"open","ping_status":"closed","sticky":false,"template":"","format":"standard","meta":{"fifu_image_url":"","fifu_image_alt":"","footnotes":""},"categories":[1520,2770,1065,572,191,32909],"tags":[],"class_list":["post-82022","post","type-post","status-publish","format-standard","hentry","category-brigada-venezuela","category-formacao-politica","category-intercambio","category-internacionalismo","category-noticias","category-venezuela-resiste"],"_links":{"self":[{"href":"https:\/\/redept.com.br\/blogosfera\/wp-json\/wp\/v2\/posts\/82022","targetHints":{"allow":["GET"]}}],"collection":[{"href":"https:\/\/redept.com.br\/blogosfera\/wp-json\/wp\/v2\/posts"}],"about":[{"href":"https:\/\/redept.com.br\/blogosfera\/wp-json\/wp\/v2\/types\/post"}],"author":[{"embeddable":true,"href":"https:\/\/redept.com.br\/blogosfera\/wp-json\/wp\/v2\/users\/2"}],"replies":[{"embeddable":true,"href":"https:\/\/redept.com.br\/blogosfera\/wp-json\/wp\/v2\/comments?post=82022"}],"version-history":[{"count":0,"href":"https:\/\/redept.com.br\/blogosfera\/wp-json\/wp\/v2\/posts\/82022\/revisions"}],"wp:attachment":[{"href":"https:\/\/redept.com.br\/blogosfera\/wp-json\/wp\/v2\/media?parent=82022"}],"wp:term":[{"taxonomy":"category","embeddable":true,"href":"https:\/\/redept.com.br\/blogosfera\/wp-json\/wp\/v2\/categories?post=82022"},{"taxonomy":"post_tag","embeddable":true,"href":"https:\/\/redept.com.br\/blogosfera\/wp-json\/wp\/v2\/tags?post=82022"}],"curies":[{"name":"wp","href":"https:\/\/api.w.org\/{rel}","templated":true}]}}