{"id":82029,"date":"2026-04-08T17:38:48","date_gmt":"2026-04-08T20:38:48","guid":{"rendered":"https:\/\/redept.com.br\/blogosfera\/brigada-de-solidaridad-se-despliega-a-los-territorios-comunales-en-toda-venezuela\/"},"modified":"2026-04-08T17:38:48","modified_gmt":"2026-04-08T20:38:48","slug":"brigada-de-solidaridad-se-despliega-a-los-territorios-comunales-en-toda-venezuela","status":"publish","type":"post","link":"https:\/\/redept.com.br\/blogosfera\/brigada-de-solidaridad-se-despliega-a-los-territorios-comunales-en-toda-venezuela\/","title":{"rendered":"Brigada de Solidaridad se despliega a los territorios comunales en toda Venezuela"},"content":{"rendered":"<figure><img fetchpriority=\"high\" fetchpriority=\"high\" decoding=\"async\" width=\"1024\" height=\"473\"src=\"https:\/\/redept.com.br\/blogosfera\/wp-content\/uploads\/2026\/04\/WhatsApp-Image-2026-03-31-at-173000-1.jpeg\" alt=\"\" srcset=\"https:\/\/mst.org.br\/wp-content\/uploads\/2026\/04\/WhatsApp-Image-2026-03-31-at-17.30.00-1024x473.jpeg 1024w, https:\/\/mst.org.br\/wp-content\/uploads\/2026\/04\/WhatsApp-Image-2026-03-31-at-17.30.00-300x139.jpeg 300w, https:\/\/mst.org.br\/wp-content\/uploads\/2026\/04\/WhatsApp-Image-2026-03-31-at-17.30.00-768x355.jpeg 768w, https:\/\/mst.org.br\/wp-content\/uploads\/2026\/04\/WhatsApp-Image-2026-03-31-at-17.30.00-1536x710.jpeg 1536w, https:\/\/redept.com.br\/blogosfera\/wp-content\/uploads\/2026\/04\/WhatsApp-Image-2026-03-31-at-173000-1.jpeg 1920w\" sizes=\"(max-width: 1024px) 100vw, 1024px\"><figcaption><em>Foto: Brigada Internacionalista de Solidariedade Hugo Ch\u00e1vez<\/em><\/figcaption><\/figure>\n<p><em>Por Brigada Internacionalista de Solidariedade Hugo Ch\u00e1vez<br \/>De l\u00e1 P\u00e1gina do MST<\/em><\/p>\n<p>Conformada por 83 militantes de diversos movimientos sociales de Brasil (el Movimiento de los Trabajadores Rurales Sin Tierra, Central de las Trabajadoras y Trabajadores de Brasil, Levante Popular de la Juventude,\u00a0 Marcha Mundial de las Mujeres, Movimiento Brasile\u00f1o de Solidaridad com Cuba y Centro Brasile\u00f1o de Solidaridad a los Pueblos y Lucha por la Paz) y de Venezuela (Uni\u00f3n Comunera y Bloque de Comunas), la Brigada Internacionalista de Solidaridad Hugo Ch\u00e1vez, se encuentra en territorio venezolano desde el \u00faltimo 20 de marzo, en un proceso de formaci\u00f3n, estudio y trabajo colectivo acerca de la actual coyuntura del pa\u00eds, del proceso de organizaci\u00f3n popular de las Comunas y en apoyo al pueblo venezolano.<\/p>\n<p>En las primeras dos semanas, el grupo se qued\u00f3 en Caracas y se dedic\u00f3 a conocer y entender el contexto y la coyuntura actual del pa\u00eds, atravesada por los acontecimientos del 3 de enero de 2026, que result\u00f3 en m\u00e1s de 100 muertos, decenas de heridos y en el secuestro del Presidente Nicol\u00e1s Maduro y la Diputada y Primera Combatiente Cilia Flores. Dentre los temas estudiados en estos d\u00edas, estuvieron el proceso historico de Venezuela, soberan\u00eda popular, organizaci\u00f3n y poder popular, chavismo y socialismo bolivariano, trabajo de base, activaci\u00f3n territorial, feminismo comunal, la comunicaci\u00f3n popular y el tema de la construcci\u00f3n de la identidad de la Brigada, que recebi\u00f3 el nombre de Hugo Ch\u00e1vez.<\/p>\n<p>En estos d\u00edas, la Brigada pudo comprender como el secuestro del Presidente de la Republica Bolivariana de Venezuela se relaciona con la estrategia estadounidense de dominio del continente sudamericano, para el control de las riquezas naturales y la inviabilizaci\u00f3n de proyectos alternativos al capitalismo, como el socialismo bolivariano. As\u00ed, el estudio sobre la organizaci\u00f3n de las comunas y la construcci\u00f3n del poder popular, han sido elementos de formaci\u00f3n para que la solidaridad, en la pr\u00e1ctica, pueda contribuir con el proceso revolucionario en curso.<\/p>\n<figure><img decoding=\"async\" width=\"1024\" height=\"576\"src=\"https:\/\/redept.com.br\/blogosfera\/wp-content\/uploads\/2026\/04\/WhatsApp-Image-2026-04-04-at-155746-1.jpeg\" alt=\"\" srcset=\"https:\/\/mst.org.br\/wp-content\/uploads\/2026\/04\/WhatsApp-Image-2026-04-04-at-15.57.46-1-1024x576.jpeg 1024w, https:\/\/mst.org.br\/wp-content\/uploads\/2026\/04\/WhatsApp-Image-2026-04-04-at-15.57.46-1-300x169.jpeg 300w, https:\/\/mst.org.br\/wp-content\/uploads\/2026\/04\/WhatsApp-Image-2026-04-04-at-15.57.46-1-768x432.jpeg 768w, https:\/\/mst.org.br\/wp-content\/uploads\/2026\/04\/WhatsApp-Image-2026-04-04-at-15.57.46-1-1536x864.jpeg 1536w, https:\/\/redept.com.br\/blogosfera\/wp-content\/uploads\/2026\/04\/WhatsApp-Image-2026-04-04-at-155746-1.jpeg 1920w\" sizes=\"(max-width: 1024px) 100vw, 1024px\"><\/figure>\n<figure><img decoding=\"async\" width=\"1024\" height=\"768\"src=\"https:\/\/redept.com.br\/blogosfera\/wp-content\/uploads\/2026\/04\/WhatsApp-Image-2026-04-05-at-213207.jpeg\" alt=\"\" srcset=\"https:\/\/mst.org.br\/wp-content\/uploads\/2026\/04\/WhatsApp-Image-2026-04-05-at-21.32.07-1024x768.jpeg 1024w, https:\/\/mst.org.br\/wp-content\/uploads\/2026\/04\/WhatsApp-Image-2026-04-05-at-21.32.07-300x225.jpeg 300w, https:\/\/mst.org.br\/wp-content\/uploads\/2026\/04\/WhatsApp-Image-2026-04-05-at-21.32.07-768x576.jpeg 768w, https:\/\/redept.com.br\/blogosfera\/wp-content\/uploads\/2026\/04\/WhatsApp-Image-2026-04-05-at-213207.jpeg 1080w\" sizes=\"(max-width: 1024px) 100vw, 1024px\"><figcaption><em>Fotos: Brigada Internacionalista de Solidariedade Hugo Ch\u00e1vez<\/em><\/figcaption><\/figure>\n<p>Como gesto de apoyo y solidaridad internacionalista, los militantes se sumaron a las manifestaciones de lucha del pueblo venezolano. Primero, a la manifestaci\u00f3n en contra de los bloqueos estadounidenses a la econom\u00eda del pa\u00eds, y el d\u00eda 26 de marzo, en la concentraci\u00f3n en la Plaza Bol\u00edvar, en Caracas, por la audiencia del Presidente Nicol\u00e1s Maduro y la diputada Cilia Flores, que ocurri\u00f3 en Nueva York, EE.UU.<\/p>\n<p>En ambos momentos vivenciaron el apoyo del pueblo a Maduro y Cilia, y a la presidente encargada, Delcy Rodriguez, que se encuentra hoy al frente del proceso de la Revoluci\u00f3n Bolivariana. As\u00ed como presenciaron la clara denuncia al imperialismo que violenta cruel y constantemente la soberan\u00eda del pa\u00eds.<\/p>\n<p>Como forma de vivenciar a\u00fan m\u00e1s la cultura local, la historia del pueblo venezolano y los procesos de lucha y organizaci\u00f3n popular, la Brigada tamb\u00ed\u00e9n pudo conocer algunos puntos importantes de Caracas y del Estado Miranda, como ser: el Cuartel de la Monta\u00f1a, m\u00e1s conocido como el 4F, el Barrio San Agust\u00edn, famoso por su resistencia cultural, el turismo comunitario y una fuerte identidad basada en la m\u00fasica y el arte urbana, tambi\u00e9n el Centro Cultural Nativa Crea y la Comuna Jos\u00e9 Felix Ribas, en Guarenas, adem\u00e1s de participaren en el Programa \u201cCon el Mazo Dando\u201d, del Ministro de Relaciones Interiores, Justicia y Paz, Diosdado Cabello.<\/p>\n<figure><img decoding=\"async\" width=\"1024\" height=\"461\"src=\"https:\/\/redept.com.br\/blogosfera\/wp-content\/uploads\/2026\/04\/WhatsApp-Image-2026-04-08-at-000741-1.jpeg\" alt=\"\" srcset=\"https:\/\/mst.org.br\/wp-content\/uploads\/2026\/04\/WhatsApp-Image-2026-04-08-at-00.07.41-1-1024x461.jpeg 1024w, https:\/\/mst.org.br\/wp-content\/uploads\/2026\/04\/WhatsApp-Image-2026-04-08-at-00.07.41-1-300x135.jpeg 300w, https:\/\/mst.org.br\/wp-content\/uploads\/2026\/04\/WhatsApp-Image-2026-04-08-at-00.07.41-1-768x346.jpeg 768w, https:\/\/mst.org.br\/wp-content\/uploads\/2026\/04\/WhatsApp-Image-2026-04-08-at-00.07.41-1-1536x691.jpeg 1536w, https:\/\/redept.com.br\/blogosfera\/wp-content\/uploads\/2026\/04\/WhatsApp-Image-2026-04-08-at-000741-1.jpeg 1920w\" sizes=\"(max-width: 1024px) 100vw, 1024px\"><\/figure>\n<figure><img loading=\"lazy\" decoding=\"async\" width=\"1024\" height=\"564\"src=\"https:\/\/redept.com.br\/blogosfera\/wp-content\/uploads\/2026\/04\/photo_5071416943134313321_y1-1.jpg\" alt=\"\" srcset=\"https:\/\/mst.org.br\/wp-content\/uploads\/2026\/04\/photo_5071416943134313321_y1-1024x564.jpg 1024w, https:\/\/mst.org.br\/wp-content\/uploads\/2026\/04\/photo_5071416943134313321_y1-300x165.jpg 300w, https:\/\/mst.org.br\/wp-content\/uploads\/2026\/04\/photo_5071416943134313321_y1-768x423.jpg 768w, https:\/\/redept.com.br\/blogosfera\/wp-content\/uploads\/2026\/04\/photo_5071416943134313321_y1-1.jpg 1153w\" sizes=\"(max-width: 1024px) 100vw, 1024px\"><figcaption><em>Fotos: Brigada Internacionalista de Solidariedade Hugo Ch\u00e1vez<\/em><\/figcaption><\/figure>\n<p>En el Cuartel de la Monta\u00f1a los militantes se emocionaron con la memoria del presidente Hugo Ch\u00e1vez y lograron \u201csentir la mistica\u201d que se crea en cada venezolano cuando mencionado su nombre. En el barrio San Agustin, el Centro Cultural Nativa Crea y la Comuna Jos\u00e9 Felix Ribas, se pudo observar procesos de apropiaci\u00f3n de la ciudad por el poder popular. San Agustin, barrio de afrodescendientes con la ruta tur\u00edstica y cultural, murales que resaltan la cultura del barrio y un teatro gestionado por la comunidad. Nativa, tambi\u00e9n un espacio cultural apropiado por y para j\u00f3venes, con talleres que involucran a los vecinos en actividades art\u00edsticas y deportivas. Ya la Comuna Jos\u00e9 F\u00e9lix Ribas, comparti\u00f3 sobre las culturas musical y gastron\u00f3mica.<\/p>\n<p>En el Programa \u201cCon el Mazo Dando\u201d, los brigadistas pudieran observar y vivenciar una de las estrategias de comunicaci\u00f3n de masas de la izquierda venezolana. Los simbolos de las organizaciones de Brasil y Venezuela captados por las c\u00e1maras demostraron el apoyo y solidaridad al pueblo hermano del pa\u00eds caribe\u00f1o.<\/p>\n<figure><img loading=\"lazy\" decoding=\"async\" width=\"1000\" height=\"450\"src=\"https:\/\/redept.com.br\/blogosfera\/wp-content\/uploads\/2026\/04\/WhatsApp-Image-2026-04-06-at-135756-1.jpeg\" alt=\"\" srcset=\"https:\/\/redept.com.br\/blogosfera\/wp-content\/uploads\/2026\/04\/WhatsApp-Image-2026-04-06-at-135756-1.jpeg 1000w, https:\/\/mst.org.br\/wp-content\/uploads\/2026\/04\/WhatsApp-Image-2026-04-06-at-13.57.56-300x135.jpeg 300w, https:\/\/mst.org.br\/wp-content\/uploads\/2026\/04\/WhatsApp-Image-2026-04-06-at-13.57.56-768x346.jpeg 768w\" sizes=\"(max-width: 1000px) 100vw, 1000px\"><\/figure>\n<figure><img loading=\"lazy\" decoding=\"async\" width=\"1024\" height=\"617\"src=\"https:\/\/redept.com.br\/blogosfera\/wp-content\/uploads\/2026\/04\/WhatsApp-Image-2026-04-06-at-042209-1.jpeg\" alt=\"\" srcset=\"https:\/\/mst.org.br\/wp-content\/uploads\/2026\/04\/WhatsApp-Image-2026-04-06-at-04.22.09-1024x617.jpeg 1024w, https:\/\/mst.org.br\/wp-content\/uploads\/2026\/04\/WhatsApp-Image-2026-04-06-at-04.22.09-300x181.jpeg 300w, https:\/\/mst.org.br\/wp-content\/uploads\/2026\/04\/WhatsApp-Image-2026-04-06-at-04.22.09-768x463.jpeg 768w, https:\/\/redept.com.br\/blogosfera\/wp-content\/uploads\/2026\/04\/WhatsApp-Image-2026-04-06-at-042209-1.jpeg 1080w\" sizes=\"(max-width: 1024px) 100vw, 1024px\"><figcaption><em>Fotos: Brigada Internacionalista de Solidariedade Hugo Ch\u00e1vez<\/em><\/figcaption><\/figure>\n<p>Finalizada esa primera etapa, la brigada sali\u00f3 a los territ\u00f3rios a conocer y contribuyer en los procesos desarollados por las comunidades. Ah\u00ed, en las comunas de las seis regiones de Venezuela: Los Llanos, Los Andes, Regi\u00f3n Guayana, Centro Capital, Centro Occidente y Oriente, los militantes pasar\u00e1n cerca de 40 d\u00edas conociendo y intercambiando saberes y vivencias con los comuneros y comuneras.\u00a0<\/p>\n<p>Como ya lo dijo el comandante Hugo Ch\u00e1vez: \u201cLa comuna es el espacio donde vamos a engendrar y parir el socialismo desde lo peque\u00f1o, gramo a gramo, piedra a piedra se va haciendo la monta\u00f1a\u201d.<\/p>\n<p>La patria sigue, con solidaridad, organizaci\u00f3n, trabajo y lucha.<\/p>\n<p>O post <a href=\"https:\/\/mst.org.br\/2026\/04\/08\/brigada-de-solidaridad-se-despliega-a-los-territorios-comunales-en-toda-venezuela\/\">Brigada de Solidaridad se despliega a los territorios comunales en toda Venezuela<\/a> apareceu primeiro em <a href=\"https:\/\/mst.org.br\/\">MST<\/a>.<\/p>\n<!-- Begin Yuzo --><div class='yuzo_related_post style-1'  data-version='5.12.89'><!-- without result --><div class='yuzo_clearfixed yuzo__title yuzo__title'><h3>Related Post<\/h3><\/div>\n\t\t\t\t\t\t  <div class=\"relatedthumb \" style=\"width:125px;float:left;overflow:hidden;\">  \n\t\t\t\t\t\t\t  \n\t\t\t\t\t\t\t  <a  href=\"https:\/\/redept.com.br\/blogosfera\/com-o-brasil-sob-ataque-de-trump-e-de-bolsonaro-e-aliados-e-hora-de-reafirmar-a-soberania-nacional-destaca-zarattini\/\"  >\n\t\t\t\t\t\t\t\t\t  <div class=\"yuzo-img-wrap \" style=\"width: 125px;height:90px;\">\n\t\t\t\t\t\t\t\t\t\t\n\t\t\t\t\t\t\t\t\t\t<div class=\"yuzo-img\" style=\"background:url('https:\/\/redept.org\/blogosfera\/wp-content\/plugins\/yuzo-related-post\/assets\/images\/default.png') 50% 50% no-repeat;width: 125px;height:90px;margin-bottom: 5px;background-size: cover; \"><\/div>\n\t\t\t\t\t\t\t\t\t  <\/div>\n\t\t\t\t\t\t\t\t\t  \n\t\t\t\t\t\t\t\t   <span class=\"yuzo__text--title\" style=\"font-size:13px;\">Com o Brasil sob ataque de Trump e de Bolsonaro e ...<\/span>\n\t\t\t\t\t\t\t  \n\t\t\t\t\t\t\t  \n\t\t\t\t\t\t\t  <\/a>\n\n\t\t\t\t\t\t  <\/div>\n\t\t\t\t\t\t  <div class=\"relatedthumb \" style=\"width:125px;float:left;overflow:hidden;\">  \n\t\t\t\t\t\t\t  \n\t\t\t\t\t\t\t  <a  href=\"https:\/\/redept.com.br\/blogosfera\/morre-francisco-o-papa-que-pediu-por-terra-teto-e-trabalho\/\"  >\n\t\t\t\t\t\t\t\t\t  <div class=\"yuzo-img-wrap \" style=\"width: 125px;height:90px;\">\n\t\t\t\t\t\t\t\t\t\t\n\t\t\t\t\t\t\t\t\t\t<div class=\"yuzo-img\" style=\"background:url('https:\/\/redept.com.br\/blogosfera\/wp-content\/uploads\/2025\/04\/image-1-34-150x92.png') 50% 50% no-repeat;width: 125px;height:90px;margin-bottom: 5px;background-size: cover; \"><\/div>\n\t\t\t\t\t\t\t\t\t  <\/div>\n\t\t\t\t\t\t\t\t\t  \n\t\t\t\t\t\t\t\t   <span class=\"yuzo__text--title\" style=\"font-size:13px;\">Morre Francisco, o Papa que pediu por Terra, Teto ...<\/span>\n\t\t\t\t\t\t\t  \n\t\t\t\t\t\t\t  \n\t\t\t\t\t\t\t  <\/a>\n\n\t\t\t\t\t\t  <\/div>\n\t\t\t\t\t\t  <div class=\"relatedthumb \" style=\"width:125px;float:left;overflow:hidden;\">  \n\t\t\t\t\t\t\t  \n\t\t\t\t\t\t\t  <a  href=\"https:\/\/redept.com.br\/blogosfera\/motta-quer-instalar-esta-semana-comissao-especial-do-fim-da-escala-6x1\/\"  >\n\t\t\t\t\t\t\t\t\t  <div class=\"yuzo-img-wrap \" style=\"width: 125px;height:90px;\">\n\t\t\t\t\t\t\t\t\t\t\n\t\t\t\t\t\t\t\t\t\t<div class=\"yuzo-img\" style=\"background:url('https:\/\/redept.com.br\/blogosfera\/wp-content\/uploads\/2026\/04\/Conclat-150x150.jpg') 50% 50% no-repeat;width: 125px;height:90px;margin-bottom: 5px;background-size: cover; \"><\/div>\n\t\t\t\t\t\t\t\t\t  <\/div>\n\t\t\t\t\t\t\t\t\t  \n\t\t\t\t\t\t\t\t   <span class=\"yuzo__text--title\" style=\"font-size:13px;\">Motta quer instalar esta semana comiss\u00e3o especial ...<\/span>\n\t\t\t\t\t\t\t  \n\t\t\t\t\t\t\t  \n\t\t\t\t\t\t\t  <\/a>\n\n\t\t\t\t\t\t  <\/div>\n\t\t\t\t\t\t  <div class=\"relatedthumb \" style=\"width:125px;float:left;overflow:hidden;\">  \n\t\t\t\t\t\t\t  \n\t\t\t\t\t\t\t  <a  href=\"https:\/\/redept.com.br\/blogosfera\/com-eduardo-bolsonaro-na-mira-alencar-santana-apresenta-projeto-para-barrar-deputado-home-office\/\"  >\n\t\t\t\t\t\t\t\t\t  <div class=\"yuzo-img-wrap \" style=\"width: 125px;height:90px;\">\n\t\t\t\t\t\t\t\t\t\t\n\t\t\t\t\t\t\t\t\t\t<div class=\"yuzo-img\" style=\"background:url('https:\/\/redept.org\/blogosfera\/wp-content\/plugins\/yuzo-related-post\/assets\/images\/default.png') 50% 50% no-repeat;width: 125px;height:90px;margin-bottom: 5px;background-size: cover; \"><\/div>\n\t\t\t\t\t\t\t\t\t  <\/div>\n\t\t\t\t\t\t\t\t\t  \n\t\t\t\t\t\t\t\t   <span class=\"yuzo__text--title\" style=\"font-size:13px;\">Com Eduardo Bolsonaro na mira, Alencar Santana apr...<\/span>\n\t\t\t\t\t\t\t  \n\t\t\t\t\t\t\t  \n\t\t\t\t\t\t\t  <\/a>\n\n\t\t\t\t\t\t  <\/div>\n<\/div> <script>\n\t\t\t\t\t\t  jQuery(document).ready(function( $ ){\n\t\t\t\t\t\t\t\/\/jQuery('.yuzo_related_post').equalizer({ overflow : 'relatedthumb' });\n\t\t\t\t\t\t\tjQuery('.yuzo_related_post .yuzo_wraps').equalizer({ columns : '> div' });\n\t\t\t\t\t\t   })\n\t\t\t\t\t\t  <\/script> <!-- End Yuzo :) -->","protected":false},"excerpt":{"rendered":"<p>Foto: Brigada Internacionalista de Solidariedade Hugo Ch\u00e1vez Por Brigada Internacionalista de Solidariedade Hugo Ch\u00e1vezDe l\u00e1 P\u00e1gina do MST Conformada por 83 militantes de diversos movimientos sociales de Brasil (el Movimiento de los Trabajadores Rurales Sin Tierra, Central de las Trabajadoras y Trabajadores de Brasil, Levante Popular de la Juventude,\u00a0 Marcha Mundial de las Mujeres, Movimiento [&hellip;]<\/p>\n","protected":false},"author":2,"featured_media":0,"comment_status":"open","ping_status":"closed","sticky":false,"template":"","format":"standard","meta":{"fifu_image_url":"","fifu_image_alt":"","footnotes":""},"categories":[26913,1520,1065,191,32909],"tags":[],"class_list":["post-82029","post","type-post","status-publish","format-standard","hentry","category-brigada-internacionalista","category-brigada-venezuela","category-intercambio","category-noticias","category-venezuela-resiste"],"_links":{"self":[{"href":"https:\/\/redept.com.br\/blogosfera\/wp-json\/wp\/v2\/posts\/82029","targetHints":{"allow":["GET"]}}],"collection":[{"href":"https:\/\/redept.com.br\/blogosfera\/wp-json\/wp\/v2\/posts"}],"about":[{"href":"https:\/\/redept.com.br\/blogosfera\/wp-json\/wp\/v2\/types\/post"}],"author":[{"embeddable":true,"href":"https:\/\/redept.com.br\/blogosfera\/wp-json\/wp\/v2\/users\/2"}],"replies":[{"embeddable":true,"href":"https:\/\/redept.com.br\/blogosfera\/wp-json\/wp\/v2\/comments?post=82029"}],"version-history":[{"count":0,"href":"https:\/\/redept.com.br\/blogosfera\/wp-json\/wp\/v2\/posts\/82029\/revisions"}],"wp:attachment":[{"href":"https:\/\/redept.com.br\/blogosfera\/wp-json\/wp\/v2\/media?parent=82029"}],"wp:term":[{"taxonomy":"category","embeddable":true,"href":"https:\/\/redept.com.br\/blogosfera\/wp-json\/wp\/v2\/categories?post=82029"},{"taxonomy":"post_tag","embeddable":true,"href":"https:\/\/redept.com.br\/blogosfera\/wp-json\/wp\/v2\/tags?post=82029"}],"curies":[{"name":"wp","href":"https:\/\/api.w.org\/{rel}","templated":true}]}}